{"id":18961,"date":"2020-04-01T22:14:57","date_gmt":"2020-04-01T22:14:57","guid":{"rendered":"https:\/\/redsemlac.com\/semmexico\/?p=18961"},"modified":"2023-07-21T15:23:24","modified_gmt":"2023-07-21T20:23:24","slug":"no-hay-edad-para-el-feminismo","status":"publish","type":"post","link":"https:\/\/redsemlac.com\/semmexico\/no-hay-edad-para-el-feminismo\/","title":{"rendered":"No hay edad para el feminismo"},"content":{"rendered":"\n<p class=\"wp-block-paragraph\"><strong>Por: Alba Alem\u00e1n\/ Testigo P\u00farpura<\/strong><\/p>\n\n\n\n<p class=\"wp-block-paragraph\">SemM\u00e9xico\/Testigo P\u00farpura. Veracruz. 1 de abril de 2020.- Entre Esther y Karely existe una brecha generacional de 4 d\u00e9cadas, tal vez no coinciden en gustos musicales o programas de televisi\u00f3n, pero s\u00ed en la misma lucha contra el machismo y por hacer valer los derechos de las mujeres.<\/p>\n\n\n\n<p class=\"wp-block-paragraph\">Las consignas feministas de la d\u00e9cada de los 90 que enton\u00f3 Esther no distan mucho de las que se piden ahora: no m\u00e1s feminicidios, no m\u00e1s violencia de g\u00e9nero y derechos sexuales y reproductivos para las mujeres, entre otras. Esta lucha donde coincidi\u00f3&nbsp;con Karely, de 18 a\u00f1os, una feminista de las nuevas generaciones.<\/p>\n\n\n\n<p class=\"wp-block-paragraph\">Karely Ram\u00f3n es estudiante de preparatoria que naci\u00f3 en un n\u00facleo familiar feminista, su madre ha sido la encargada de ense\u00f1arle y guiarla en esta lucha, y desde peque\u00f1a se ha caracterizado por ser una mujer que no permite comentarios machistas o acciones de ese tipo entre su c\u00edrculo social.<\/p>\n\n\n\n<p class=\"wp-block-paragraph\">\u201cRecuerdo mucho que cuando un ni\u00f1o se comportaba de cierta manera yo le preguntaba a mi mam\u00e1 por qu\u00e9&nbsp;hac\u00eda eso, y ella me explicaba que no todos estamos criados de la misma manera, no todos tienen la oportunidad de tener cierto tipo de educaci\u00f3n (\u2026) Trato de entender que no todos tienen la misma crianza que yo, y poquito a poquito explic\u00e1ndoles, el cambio es poco a poco y es luchar contra toda su vida e intento respetar\u201d, se\u00f1ala.<\/p>\n\n\n\n<p class=\"wp-block-paragraph\">Portando un pa\u00f1uelo color morado, Karely fue una de las j\u00f3venes estudiantes del CBTIS 79 que alz\u00f3 la voz por el hostigamiento que viven en la instituci\u00f3n educativa, en ese lugar fueron se\u00f1alados alrededor de 12 profesores quienes hac\u00edan comentarios mis\u00f3ginos o propuestas sexuales a las y los estudiantes.<\/p>\n\n\n\n<p class=\"wp-block-paragraph\">Para el resto de estudiantes, como para Karely, ese d\u00eda fue hist\u00f3rico, nunca hab\u00edan logrado tener una convocatoria tan grande y enfrentar a uno de sus agresores.<\/p>\n\n\n\n<p class=\"wp-block-paragraph\">Para esta joven el feminismo es algo intr\u00ednseco, pero entiende que no todas las chicas de su edad han tenido la oportunidad de ser educadas con sus bases y en el mismo contexto, ante esto ha tratado de hablar de \u00e9l con sus cercanas y desde su trinchera intentar cambiar un poquito su entorno.<\/p>\n\n\n\n<p class=\"wp-block-paragraph\">\u201cLes dir\u00eda que el feminismo no es algo nuevo, que no es una moda, que es una lucha desde hace tiempo, es una lucha de toda la vida. Que vamos pasito a pasito, y que entiendan que es una lucha, que realmente deber\u00edan considerar unirse y ser parte de un movimiento, no como una moda y que se informen, que se unen que sean una voz m\u00e1s porque entre m\u00e1s se unen nos hacemos m\u00e1s fuerte y esta lucha pesar\u00e1 menos\u201d, le recomienda las mujeres de su edad.<\/p>\n\n\n\n<p class=\"wp-block-paragraph\">Por su parte Esther ve con alegr\u00eda las nuevas movilizaciones feministas, esas que le recuerdan su juventud y quele hacen sentir que la lucha sigue y que ha valido la pena.<\/p>\n\n\n\n<p class=\"wp-block-paragraph\">\u201cEn 30 a\u00f1os todo ha cambiado mucho, pero a\u00fan falta mucho por hacer\u201d, cuenta Esther Hern\u00e1ndez, de 58 a\u00f1os, al recordar las primeras manifestaciones feministas a las que asisti\u00f3 cuando era veintea\u00f1era, donde aunque no ten\u00eda claro lo que era feminismo sab\u00eda que era importante salir a los espacios p\u00fablicos a pedir por las mujeres.<\/p>\n\n\n\n<p class=\"wp-block-paragraph\">El pasado 8 de marzo particip\u00f3 nuevamente en una marcha hist\u00f3rica, en Boca del R\u00edo,&nbsp;&nbsp;para exigir un alto a los feminicidios y violencia contra las mujeres. Aunque hab\u00edan pasado m\u00e1s de 30 a\u00f1os de su \u00faltima marcha, se convenci\u00f3 de que era importante que su voz fuera escuchada. Ella se le sum\u00f3 a un grupo importante de mujeres de la mano de una de sus hijas.&nbsp;<\/p>\n\n\n\n<p class=\"wp-block-paragraph\">\u201cNo tuve miedo, me manten\u00eda alerta. Iba de la mano de mi hija en Veracruz y sab\u00eda que mi otra hija estaba en M\u00e9xico de la mano de sus amigas. Ten\u00eda muchos a\u00f1os de ya no participar en m\u00edtines y marchas, la vida te absorbe, te aletarga, pero esta vez comprend\u00ed que era y ser\u00e1 necesario levantar la voz porque es horrible ver a diario las noticias de abuso de mujeres y ni\u00f1as de todas las edades destrozadas y tiradas a la calle como un desperdicio y yo tengo hijas, sobrinas, hermanas y no es justo vivir con la angustia de que un depredador les haga da\u00f1o. Por eso esta vez me sume al grito de ni una menos.\u201d<\/p>\n\n\n\n<p class=\"wp-block-paragraph\">Desde que era peque\u00f1a, Esther fue una mujer \u201ccon car\u00e1cter fuerte\u201d, recuerda, y a lo largo de su vida ha pasado por infinidades de situaciones machistas, incluso una de ellas la oblig\u00f3 a dejar el trabajo de sus sue\u00f1os, en el Ej\u00e9rcito, donde un alto mando la hostig\u00f3&nbsp;&nbsp;para poder ascenderla de puesto, en ese tiempo, que no dista mucho de las situaci\u00f3n que se vive ahora, Esther decidi\u00f3&nbsp;renunciar.<\/p>\n\n\n\n<p class=\"wp-block-paragraph\">\u201cMe mando a llamar una ma\u00f1ana, como a las 7 de la ma\u00f1ana, cuando el personal no estaba y estaban esas \u00e1reas solas, y le coment\u00e9&nbsp;que qu\u00e9&nbsp;se le ofrec\u00eda y me dijo que me llam\u00f3 porque me iba a dar la oportunidad, yo ve\u00eda que el hombre mov\u00eda mucho en su sill\u00f3n. Tanto se mov\u00eda que me di cuenta que estaba desnudo y lo \u00fanico que hice fue salirme de ah\u00ed. A la semana siguiente me deserte y viv\u00ed muchos a\u00f1os con esa situaci\u00f3n, me sent\u00ed mal, como si yo hubiera sido la que acos\u00f3, pero afortunadamente me di cuenta que no fue mi culpa y ahora me siento mejor\u201d, cuenta.<\/p>\n\n\n\n<p class=\"wp-block-paragraph\">Las\u00e9pocas en las que han participado Esther y Karely son muy distintas, pero coinciden en que su participaci\u00f3n es como un granito de arena que est\u00e1 sentando las bases para las nuevas generaciones.<\/p>\n\n\n\n<p class=\"wp-block-paragraph\">\u201cSomos como un granito de arena, pero granitos que suman siempre y que con el tiempo podremos voltear y sonre\u00edr porque hemos logrado mucho\u201d, a\u00f1ade Karely.<\/p>\n","protected":false},"excerpt":{"rendered":"<p>Las consignas feministas de la d\u00e9cada de los 90 que enton\u00f3 Esther no distan mucho de las que se piden ahora<\/p>\n","protected":false},"author":3,"featured_media":18962,"comment_status":"open","ping_status":"open","sticky":false,"template":"","format":"standard","meta":{"_monsterinsights_skip_tracking":false,"footnotes":""},"categories":[691,54],"tags":[],"class_list":["post-18961","post","type-post","status-publish","format-standard","has-post-thumbnail","category-691","category-mujeres"],"_links":{"self":[{"href":"https:\/\/redsemlac.com\/semmexico\/wp-json\/wp\/v2\/posts\/18961","targetHints":{"allow":["GET"]}}],"collection":[{"href":"https:\/\/redsemlac.com\/semmexico\/wp-json\/wp\/v2\/posts"}],"about":[{"href":"https:\/\/redsemlac.com\/semmexico\/wp-json\/wp\/v2\/types\/post"}],"author":[{"embeddable":true,"href":"https:\/\/redsemlac.com\/semmexico\/wp-json\/wp\/v2\/users\/3"}],"replies":[{"embeddable":true,"href":"https:\/\/redsemlac.com\/semmexico\/wp-json\/wp\/v2\/comments?post=18961"}],"version-history":[{"count":0,"href":"https:\/\/redsemlac.com\/semmexico\/wp-json\/wp\/v2\/posts\/18961\/revisions"}],"wp:featuredmedia":[{"embeddable":true,"href":"https:\/\/redsemlac.com\/semmexico\/wp-json\/wp\/v2\/media\/18962"}],"wp:attachment":[{"href":"https:\/\/redsemlac.com\/semmexico\/wp-json\/wp\/v2\/media?parent=18961"}],"wp:term":[{"taxonomy":"category","embeddable":true,"href":"https:\/\/redsemlac.com\/semmexico\/wp-json\/wp\/v2\/categories?post=18961"},{"taxonomy":"post_tag","embeddable":true,"href":"https:\/\/redsemlac.com\/semmexico\/wp-json\/wp\/v2\/tags?post=18961"}],"curies":[{"name":"wp","href":"https:\/\/api.w.org\/{rel}","templated":true}]}}