{"id":18957,"date":"2020-04-01T22:10:26","date_gmt":"2020-04-01T22:10:26","guid":{"rendered":"https:\/\/redsemlac.com\/semmexico\/?p=18957"},"modified":"2023-07-21T15:23:24","modified_gmt":"2023-07-21T20:23:24","slug":"opinion-421","status":"publish","type":"post","link":"https:\/\/redsemlac.com\/semmexico\/opinion-421\/","title":{"rendered":"Mujer y Poder"},"content":{"rendered":"\n<h2 class=\"wp-block-heading\"><strong>El Colapso del Mundo<\/strong><\/h2>\n\n\n\n<p class=\"wp-block-paragraph\"><strong>Natalia Vidales<\/strong>\u00a0<\/p>\n\n\n\n<p class=\"wp-block-paragraph\">SemM\u00e9xico. Sonora. 1 de abril de 2020.- Ya no es novedad la gravedad del problema. Todos tenemos conocimiento de que un nuevo virus sin vacuna ni tratamiento y sumamente contagioso se apoder\u00f3 del mundo, sin respetar fronteras ni clases sociales, ni edades.&nbsp;&nbsp;Y lo est\u00e1 colapsando.<\/p>\n\n\n\n<p class=\"wp-block-paragraph\">A ese virus lo conocemos, y lo conocemos muy bien. Es el COVID-19 que lleg\u00f3 con enorme fuerza por la facilidad de su transmisi\u00f3n&nbsp;&nbsp;a todos los confines del planeta.&nbsp;&nbsp;Y esla tecnolog\u00eda actual la que nos ha permitido, como nunca antes,&nbsp;&nbsp;darle seguimiento desde su aparici\u00f3n en Asia y su nefasta diseminaci\u00f3n a otros continentes.&nbsp;<\/p>\n\n\n\n<p class=\"wp-block-paragraph\">Y esa es una de las diferencias de esta Pandemia con&nbsp; otras&nbsp; que han azotado a la humanidad a lo largo de la historia \u2013record\u00e1ndose todav\u00eda&nbsp; la \u201cgripe\u201d espa\u00f1ola de principios del siglo XX que mat\u00f3 a m\u00e1s personas que las siguientes dos guerras mundiales&nbsp; en Europa- pero siempre&nbsp; la vida\u2026vuelve a surgir -dejando detr\u00e1s la devastaci\u00f3n&nbsp; y una estela de dolor por la p\u00e9rdida de tantos&nbsp; seres queridos.<\/p>\n\n\n\n<p class=\"wp-block-paragraph\">Hoy, por esa&nbsp;&nbsp;tecnolog\u00eda en las comunicaciones, podemos saber que se ha detenido la actividad econ\u00f3mica, pol\u00edtica y social en muchas naciones,&nbsp;&nbsp;pero tenemos la esperanza de que esto ser\u00e1&nbsp;&nbsp;temporal, al igual que&nbsp;&nbsp;el tiempo que pasemos en el aislamiento forzoso en nuestros hogares. Nada es para siempre, reza una buena frase por ah\u00ed que bien podemos tomar en cuenta.&nbsp;&nbsp;&nbsp;&nbsp;<\/p>\n\n\n\n<p class=\"wp-block-paragraph\">Entonces, pudi\u00e9ramos aprovechar ese valioso tiempo para que, cuando todo regrese a la normalidad&nbsp;&nbsp;-en un futuro que puede estar cerca o lejos-, seamos mejores seres humanos que antes ya que, desafortunadamente, la historia nos ense\u00f1a que pese al dolor, el sufrimiento y la muerte que ha aquejado al mundo\u2026el hombre suele no cambiar en su interior (de hecho, lo m\u00e1s importante), y lo podemos asegurar porque pasada la crisis, la vida ha seguido igual o peor que antes: con guerras, violencia, deterioro del entorno y, sobre todo\u2026 con una ego\u00edsta individualidad.&nbsp;<\/p>\n\n\n\n<p class=\"wp-block-paragraph\">\u00bfQu\u00e9 suceder\u00e1 en nuestra generaci\u00f3n durante y despu\u00e9s de la Pandemia? \u00bfVolveremos a nuestra vida cotidiana de igual manera en que exist\u00edamos antes de esta cat\u00e1strofe viviendo una gran mayor\u00eda en su mundo particular y contaminando, sin ning\u00fan l\u00edmite ni respeto, a nuestro planeta? \u00bflos cient\u00edficos y los l\u00edderes gubernamentales continuar\u00e1n con su lucha de poder destinando miles de millones de pesos a la investigaci\u00f3n nuclear enfocada a las armas, y a la conquista del espacio, los mares y la tierra, en vez de&nbsp;&nbsp;atender las enfermedades y problem\u00e1ticas -f\u00edsicas, sociales y mentales-&nbsp;&nbsp;de los seres humanos?<\/p>\n\n\n\n<p class=\"wp-block-paragraph\">\u00d3\u2026\u00bfcambiaremos&nbsp;&nbsp;y obtendremos mayor conciencia, respeto, solidaridad y sensibilidad para con nuestros semejantes y nuestro entorno?<\/p>\n\n\n\n<p class=\"wp-block-paragraph\">En estos d\u00edas de encierro que ya tenemos en M\u00e9xico -que ir\u00e1n aumentando en los pr\u00f3ximos d\u00edas- se nos brinda una oportunidad \u00fanica, extraordinaria, para que -en medio de un gran mal- se de el surgimiento de un nuevo Ser interior.<\/p>\n\n\n\n<p class=\"wp-block-paragraph\">La empat\u00eda y la bondad, al igual que otras virtudes, son algo que urge a lo largo y ancho de nuestro planeta incluyendo, por supuesto, a nuestro querido M\u00e9xico.<\/p>\n\n\n\n<p class=\"wp-block-paragraph\">Y estas virtudes pueden surgir ahora&nbsp;&nbsp;que tenemos un encierro forzoso,&nbsp;&nbsp;para&nbsp;&nbsp;reflexionar en que lo que hemos hecho&nbsp;&nbsp;&#8212; dejado de hacer&nbsp;&nbsp;o permitir que les suceda a otros seres humanos&#8211; no ha sido lo mejor, ni lo correcto y que va en deterioro del bienestar comunitario.&nbsp;&nbsp;Podemos fortalecer nuestro esp\u00edritu y nuestra actitud,&nbsp;para que aflore&nbsp;&nbsp;lo mejor de cada cual, y podamos as\u00ed retomar la ruta correcta, alej\u00e1ndonos del&nbsp;&nbsp;peor de los destinos.&nbsp;<\/p>\n\n\n\n<p class=\"wp-block-paragraph\">El hombre no solo ha da\u00f1ado su entorno sino tambi\u00e9n se ha ido da\u00f1ando a s\u00ed mismo y ha olvidado que todos tenemos un compromiso social y moral que debemos cumplir.&nbsp;&nbsp;<\/p>\n\n\n\n<p class=\"wp-block-paragraph\">\u00bfSeremos capaces de afrontar ese reto?.&nbsp;&nbsp;Por que&nbsp;&nbsp;superada la crisis, enseguida se&nbsp;&nbsp;tendr\u00e1 sin duda que responder de una superior&nbsp;&nbsp;manera.&nbsp;&nbsp;Solo as\u00ed la historia escribir\u00e1 que los pobladores del a\u00f1o 2020 hicieron (hicimos) lo correcto.&nbsp;<\/p>\n\n\n\n<p class=\"wp-block-paragraph\">Est\u00e1 en las manos de todos&nbsp;&nbsp;hacer que, cuando la epidemia pase, el sol brille de nuevo y nuestro entorno sea m\u00e1s puro en todos los sentidos.&nbsp;&nbsp;Ese es el nuevo reto de la Humanidad y nuestra responsabilidad.&nbsp;<\/p>\n\n\n\n<p class=\"wp-block-paragraph\">Lo anterior significar\u00e1 que, en su plena realidad, el colapso logr\u00f3 evitarse. Menos que eso, ser\u00eda inaceptable.&nbsp;<\/p>\n","protected":false},"excerpt":{"rendered":"<p>El Colapso del Mundo<\/p>\n","protected":false},"author":3,"featured_media":18958,"comment_status":"open","ping_status":"open","sticky":false,"template":"","format":"standard","meta":{"_monsterinsights_skip_tracking":false,"footnotes":""},"categories":[691,100,72],"tags":[],"class_list":["post-18957","post","type-post","status-publish","format-standard","has-post-thumbnail","category-691","category-mujer-y-poder","category-natalia-vidales"],"_links":{"self":[{"href":"https:\/\/redsemlac.com\/semmexico\/wp-json\/wp\/v2\/posts\/18957","targetHints":{"allow":["GET"]}}],"collection":[{"href":"https:\/\/redsemlac.com\/semmexico\/wp-json\/wp\/v2\/posts"}],"about":[{"href":"https:\/\/redsemlac.com\/semmexico\/wp-json\/wp\/v2\/types\/post"}],"author":[{"embeddable":true,"href":"https:\/\/redsemlac.com\/semmexico\/wp-json\/wp\/v2\/users\/3"}],"replies":[{"embeddable":true,"href":"https:\/\/redsemlac.com\/semmexico\/wp-json\/wp\/v2\/comments?post=18957"}],"version-history":[{"count":0,"href":"https:\/\/redsemlac.com\/semmexico\/wp-json\/wp\/v2\/posts\/18957\/revisions"}],"wp:featuredmedia":[{"embeddable":true,"href":"https:\/\/redsemlac.com\/semmexico\/wp-json\/wp\/v2\/media\/18958"}],"wp:attachment":[{"href":"https:\/\/redsemlac.com\/semmexico\/wp-json\/wp\/v2\/media?parent=18957"}],"wp:term":[{"taxonomy":"category","embeddable":true,"href":"https:\/\/redsemlac.com\/semmexico\/wp-json\/wp\/v2\/categories?post=18957"},{"taxonomy":"post_tag","embeddable":true,"href":"https:\/\/redsemlac.com\/semmexico\/wp-json\/wp\/v2\/tags?post=18957"}],"curies":[{"name":"wp","href":"https:\/\/api.w.org\/{rel}","templated":true}]}}