{"id":18954,"date":"2020-04-01T22:06:19","date_gmt":"2020-04-01T22:06:19","guid":{"rendered":"https:\/\/redsemlac.com\/semmexico\/?p=18954"},"modified":"2023-07-21T15:23:24","modified_gmt":"2023-07-21T20:23:24","slug":"muxed-pone-en-marcha-la-iniciativa-compas-academicos-40-mil-estudiantes-se-benefician","status":"publish","type":"post","link":"https:\/\/redsemlac.com\/semmexico\/muxed-pone-en-marcha-la-iniciativa-compas-academicos-40-mil-estudiantes-se-benefician\/","title":{"rendered":"MUxED pone en marcha la iniciativa \u201cCompas Acad\u00e9micos\u201d; 40 mil estudiantes se benefician"},"content":{"rendered":"\n<ul class=\"wp-block-list\"><li><strong>Iniciativa\nque benefician a Supervisores de educaci\u00f3n b\u00e1sica con el potencial de impactar\na m\u00e1s de 80 escuelas e influir en m\u00e1s de 40 mil estudiantes de escuelas\np\u00fablicas, ante COVID-19<\/strong><\/li><li><strong>Conjunta\nla experiencia de supervisores y supervisoras de educaci\u00f3n b\u00e1sica con\ninvestigadoras y expertas en educaci\u00f3n<\/strong><\/li><\/ul>\n\n\n\n<p class=\"wp-block-paragraph\"><strong>Redacci\u00f3n<\/strong><\/p>\n\n\n\n<p class=\"wp-block-paragraph\">SemM\u00e9xico. Ciudad de M\u00e9xico. 01 de abril 2020.- Cerca de 40\nmil estudiantes se benefician de la iniciativa in\u00e9dita de cooperaci\u00f3n\ndenominada \u201cCompas Acad\u00e9micos\u201d que puso en marcha la Red de Mujeres por la\nEducaci\u00f3n (MUxED) con un grupo de supervisores y supervisoras de educaci\u00f3n\nb\u00e1sica de la Ciudad de M\u00e9xico, Puebla y Oaxaca para apoyar el trabajo acad\u00e9mico\nque los maestros realizan a distancia con sus estudiantes durante la pandemia\ndel COVID-19, la cual se extender\u00e1 hasta el 30 de abril.<\/p>\n\n\n\n<p class=\"wp-block-paragraph\">En un comunicado de prensa, las y los integrantes MUxED&nbsp; se\u00f1alan que esta estrategia es para atender\nla emergencia se sustenta en la creaci\u00f3n de duplas formadas por supervisores e\ninvestigadoras expertas en educaci\u00f3n. Las y los supervisores participan de\nmanera voluntaria, y la mayor\u00eda forman parte de una red que trabaja desde hace\ncinco a\u00f1os en Ciudad de M\u00e9xico. <\/p>\n\n\n\n<p class=\"wp-block-paragraph\">Y explican que cada supervisor atiende, en promedio, 7\nescuelas p\u00fablicas y 2 particulares en una misma \u00e1rea, con escuelas que tienen\nalrededor de 500 alumnos, desde Milpa Alta hasta Miguel Hidalgo. Adem\u00e1s, se\ntrabaja con 8 supervisores en Oaxaca y un director en Puebla.&nbsp; Hasta ahora, 80 escuelas, con un potencial de\nimpactar a m\u00e1s de 40,000 alumnos en preescolar, primaria y secundaria. <\/p>\n\n\n\n<p class=\"wp-block-paragraph\">Dicha iniciativa se inspira en la metodolog\u00eda utilizada por\nel TEC de Monterrey, denominada \u201cBuddy Acad\u00e9mico\u201d a trav\u00e9s de la cual algunos\nprofesores voluntariamente se convierten en \u201cBuddies Acad\u00e9micos\u201d y apoyan a\notros profesores a reconvertir sus clases presenciales en clases virtuales\nutilizando distintas herramientas tecnol\u00f3gicas como el Zoom, para implementar\nun modelo de ense\u00f1anza digital flexible e innovador para mantener la motivaci\u00f3n\ny el aprendizaje entre sus estudiantes. <\/p>\n\n\n\n<p class=\"wp-block-paragraph\">Ante ello, informaron que &nbsp;\u201cCompas acad\u00e9micos\u201d usa una metodolog\u00eda\neducativa que contempla las tres \u201cE\u201d: <\/p>\n\n\n\n<p class=\"wp-block-paragraph\">* &nbsp;<strong>Extender<\/strong> las manos para examinar y\nreconocer juntos el componente emocional que estamos viviendo como agentes\neducativos: enfatizar la educaci\u00f3n socioemocional, primero entre la acad\u00e9mica\nintegrante de la Red y la o el supervisor, luego ellas y ellos con los\ndirectores y docentes, y posterior y fundamentalmente con el estudiantado. <\/p>\n\n\n\n<p class=\"wp-block-paragraph\">* &nbsp;<strong>Explorar<\/strong> juntos el Uso de Tecnolog\u00edas\nDigitales para transformar el modelo de educaci\u00f3n tradicional presencial en un\nmodelo que permita jugar, indagar, explorar, crear y hacer de las actividades\ncotidianas, experiencias de aprendizaje. Para ello la Red MUxED se da a la\ntarea de recopilar, de diversas fuentes, materiales educativos y ponerlos al\nalcance de las y los supervisores aprovechando los recursos tecnol\u00f3gicos que est\u00e1n\nal alcance de todas y todos.<\/p>\n\n\n\n<p class=\"wp-block-paragraph\">* &nbsp;<strong>Elegir<\/strong> convertir las dificultades en\noportunidades para transformar el proceso educativo y la interacci\u00f3n entre las\ny los supervisores y directores y estos con sus docentes y los docentes con sus\nestudiantes. Para ello, se definieron conjuntamente estrategias de\nense\u00f1anza-aprendizaje para cada nivel educativo que involucraran a otros\nactores en confinamiento, especialmente a padres, madres y hermanos y que\ntrastocan las formas tradicionales de ense\u00f1anza aprendizaje. Se buscaron\nmateriales del hogar para convertir el reto educativo en un acto l\u00fadico; y la\nvaloraci\u00f3n del acto educativo como un acto de libertad, de conciencia y de\nsolidaridad sin que por ello se deje de lado el avance en los aprendizajes\nesperados.<\/p>\n\n\n\n<p class=\"wp-block-paragraph\">Se crearon 11 grupos para dialogar por WhatsApp, compuestos\npor un supervisor o supervisora y una acad\u00e9mica integrante de la Red MUxED. Los\ngrupos cuentan con una Coordinadora que tiene contacto y cercan\u00eda con el grupo\nde supervisores que voluntariamente decidieron participar en esta iniciativa\npara establecer una relaci\u00f3n horizontal de tutor\u00eda y acompa\u00f1amiento que se\npuede lograr aun en aislamiento, o mejor dicho aprovechando las oportunidades\nque nos ofrece la cuarentena para crecer como seres humanos, como acad\u00e9micos y\ncomo docentes. <\/p>\n\n\n\n<p class=\"wp-block-paragraph\">Cabe destacar tambi\u00e9n que la estrategia de trabajo con\nsupervisores toma en cuenta la diversidad de condiciones de escuelas y\nfamilias. Por esto, durante el proceso de acompa\u00f1amiento tambi\u00e9n se han\nelaborado propuestas para el trabajo con comunidades en desventaja, para las\nque se dise\u00f1aron actividades que consideran las rutinas del hogar, sin\nnecesidad del uso de las tecnolog\u00edas digitales. <\/p>\n\n\n\n<p class=\"wp-block-paragraph\">La iniciativa se extender\u00e1 durante todo el periodo del cierre de escuelas en el pa\u00eds y su metodolog\u00eda puede ser compartida a quienes lo soliciten a trav\u00e9s del correo: contacto@muxed.mx<\/p>\n\n\n\n<p class=\"wp-block-paragraph\">SEM\/IL<\/p>\n","protected":false},"excerpt":{"rendered":"<p>Conjunta la experiencia de supervisores y supervisoras de educaci\u00f3n b\u00e1sica con investigadoras y expertas en educaci\u00f3n<\/p>\n","protected":false},"author":3,"featured_media":18955,"comment_status":"open","ping_status":"open","sticky":false,"template":"","format":"standard","meta":{"_monsterinsights_skip_tracking":false,"footnotes":""},"categories":[691,51],"tags":[],"class_list":["post-18954","post","type-post","status-publish","format-standard","has-post-thumbnail","category-691","category-ejecutivo"],"_links":{"self":[{"href":"https:\/\/redsemlac.com\/semmexico\/wp-json\/wp\/v2\/posts\/18954","targetHints":{"allow":["GET"]}}],"collection":[{"href":"https:\/\/redsemlac.com\/semmexico\/wp-json\/wp\/v2\/posts"}],"about":[{"href":"https:\/\/redsemlac.com\/semmexico\/wp-json\/wp\/v2\/types\/post"}],"author":[{"embeddable":true,"href":"https:\/\/redsemlac.com\/semmexico\/wp-json\/wp\/v2\/users\/3"}],"replies":[{"embeddable":true,"href":"https:\/\/redsemlac.com\/semmexico\/wp-json\/wp\/v2\/comments?post=18954"}],"version-history":[{"count":0,"href":"https:\/\/redsemlac.com\/semmexico\/wp-json\/wp\/v2\/posts\/18954\/revisions"}],"wp:featuredmedia":[{"embeddable":true,"href":"https:\/\/redsemlac.com\/semmexico\/wp-json\/wp\/v2\/media\/18955"}],"wp:attachment":[{"href":"https:\/\/redsemlac.com\/semmexico\/wp-json\/wp\/v2\/media?parent=18954"}],"wp:term":[{"taxonomy":"category","embeddable":true,"href":"https:\/\/redsemlac.com\/semmexico\/wp-json\/wp\/v2\/categories?post=18954"},{"taxonomy":"post_tag","embeddable":true,"href":"https:\/\/redsemlac.com\/semmexico\/wp-json\/wp\/v2\/tags?post=18954"}],"curies":[{"name":"wp","href":"https:\/\/api.w.org\/{rel}","templated":true}]}}