{"id":18952,"date":"2020-04-01T21:30:09","date_gmt":"2020-04-01T21:30:09","guid":{"rendered":"https:\/\/redsemlac.com\/semmexico\/?p=18952"},"modified":"2023-07-21T15:23:24","modified_gmt":"2023-07-21T20:23:24","slug":"opinion-420","status":"publish","type":"post","link":"https:\/\/redsemlac.com\/semmexico\/opinion-420\/","title":{"rendered":"Mirada Violeta"},"content":{"rendered":"\n<h2 class=\"wp-block-heading\">El bipolar gobierno federal<\/h2>\n\n\n\n<p class=\"wp-block-paragraph\"><strong>&nbsp;Lupita Ramos\nPonce<\/strong><\/p>\n\n\n\n<p class=\"wp-block-paragraph\">SemM\u00e9xico. 01 de abril 2020.- Desde hace semanas recibimos\ndobles mensajes del gobierno federal a prop\u00f3sito de la pandemia COVID19. Por un\nlado, el acierto del presidente de dejar en manos de los cient\u00edficos y t\u00e9cnicos\nen la materia para que cada noche expliquen a la Naci\u00f3n las medidas que debemos\ntomar para prevenir la pandemia desde lo individual y lo colectivo. La acertada\ndesignaci\u00f3n del Dr. Hugo L\u00f3pez-Gatell Ram\u00edrez, Subsecretario de Prevenci\u00f3n y\nPromoci\u00f3n de la Salud, quien con paciencia y mucho conocimiento de causa,\nexplica y vuelve a explicar cada noche las medidas necesarias de prevenci\u00f3n y\ncuidado. A la par, el propio presidente incumple los llamados del\nsubsecretario, sigue sin suspender sus giras por la Rep\u00fablica, que implican\nabordajes en vuelos comerciales, encuentros con diversas personas en distintos\nlugares y municipios, saludar y besar lo mismo a ni\u00f1as que ancianas, etc., esta\nbipolaridad en los mensajes se traslada ahora al tema de las mujeres.<\/p>\n\n\n\n<p class=\"wp-block-paragraph\">La conferencia de prensa sobre el coronavirus en M\u00e9xico del\npasado 26 de marzo, fue un hecho in\u00e9dito y podr\u00eda decir que hasta hist\u00f3rico.\nLlam\u00f3 la atenci\u00f3n pues tuvo como eje el&nbsp;tema de salud p\u00fablica abordado\ndesde las mujeres, por lo que fue dirigida por especialistas en diversos temas;\n&nbsp;estuvieron presentes Ana Luc\u00eda de la Garza Barroso, directora de\nInvestigaci\u00f3n Operativa Epidemiol\u00f3gica; Nadine Gasman, presidenta del Instituto\nNacional de las Mujeres (Inmujeres); Lorena Rodr\u00edguez-Bores Ram\u00edrez, secretaria\nt\u00e9cnica del Consejo Nacional de Salud Mental y Karla Berdichevsky Feldman,\ndirectora general del Centro Nacional de Equidad de G\u00e9nero y Salud Reproductiva\nquienes abordaron el tema de la cuarentena con perspectiva de g\u00e9nero.&nbsp;Las\nespecialistas abordaron desde temas econ\u00f3micos, como el trabajo no remunerado,\nhasta de salud reproductiva de las mujeres, adem\u00e1s se reconoci\u00f3 a la violencia\nde g\u00e9nero como un tema de salud p\u00fablica. Fue in\u00e9dito tambi\u00e9n que se hablara de\nla necesaria redistribuci\u00f3n del trabajo dom\u00e9stico&nbsp;&nbsp;y de cuidados y de\nla violencia de g\u00e9nero como tema de la pandemia del COVID 19. La perspectiva de\ng\u00e9nero con la que fue abordada la conferencia del 26 de marzo gener\u00f3\nreconocimientos hacia la administraci\u00f3n p\u00fablica federal. Fue significativo que\ncuatro mujeres encabezaran la conferencia sobre COVID-19, hablando de violencia\nde g\u00e9nero y acciones en salud sexual y mental y especialmente significativo que\nel Dr. Gatell mantuviera perfil bajo, sentado en la parte de atr\u00e1s y fueran\nellas las que dirigieron por completo la presentaci\u00f3n. Por cierto, de pena\najena las y los periodistas sin perspectiva de g\u00e9nero que acuden a esas ruedas\nde prensa. Ni una sola pregunta sobre el tema de g\u00e9nero hicieron en una rueda\nde prensa preparada exclusivamente para ello.<\/p>\n\n\n\n<p class=\"wp-block-paragraph\">La alegr\u00eda de esa rueda de prensa nos dur\u00f3 poquito, una\nsemana despu\u00e9s (la bipolaridad pues), el lunes 30 de marzo, en una trascendente\nrueda de prensa para dar a conocer anuncios importantes respecto del Estado de\nEmergencia Sanitaria Nacional por el COVID19, con la presencia del Secretario\nde Salud Jorge Alcocer, el portavoz gubernamental para la epidemia, Hugo L\u00f3pez\nGatell, el canciller Marcelo Ebrard, la titular de la Secretar\u00eda de Gobernaci\u00f3n\n(y rectora de la pol\u00edtica interior) Olga S\u00e1nchez Cordero, Rafael Ojeda y Luis\nCrescencio Sandoval, jefes de la Marina y el Ej\u00e9rcito; fue lamentable la\n\u201cpresencia\u201d de Olga S\u00e1nchez Cordero, de hecho, los anuncios realizados por el\ncanciller Ebrard eran los que correspond\u00eda realizarlos a la Ministra en Retiro\ny hoy Secretaria de Gobernaci\u00f3n. La pol\u00edtica interna corresponde a la\nSecretar\u00eda de Gobernaci\u00f3n no a Relaciones Exteriores. Le quisieron \u201cponer peso\na la declaraci\u00f3n\u201d y \u00abpor eso ponen un hombre\u00bb, as\u00ed me dijo una\npersona al escuchar y ver la rueda de prensa. Muy grave el mensaje y la interpretaci\u00f3n\nmachista del hecho; en realidad, m\u00e1s peso pol\u00edtico tiene la Secretaria de\nGobernaci\u00f3n. Forma es fondo, as\u00ed opera el patriarcado y en \u00e9pocas de crisis,\npeor todav\u00eda, se agudizan las violencias machistas y las violencias simb\u00f3licas\ntambi\u00e9n.&nbsp; La bipolaridad gubernamental es parte de esa violencia simb\u00f3lica\ntambi\u00e9n.<\/p>\n\n\n\n<p class=\"wp-block-paragraph\">lupitaramosponce@gmail.com<\/p>\n\n\n\n<p class=\"wp-block-paragraph\">@lupitaramosp<\/p>\n","protected":false},"excerpt":{"rendered":"<p>El bipolar gobierno federal<\/p>\n","protected":false},"author":3,"featured_media":8967,"comment_status":"open","ping_status":"open","sticky":false,"template":"","format":"standard","meta":{"_monsterinsights_skip_tracking":false,"footnotes":""},"categories":[691,110,91],"tags":[],"class_list":["post-18952","post","type-post","status-publish","format-standard","has-post-thumbnail","category-691","category-la-opinion-columnas","category-lupita-ramos-ponce"],"_links":{"self":[{"href":"https:\/\/redsemlac.com\/semmexico\/wp-json\/wp\/v2\/posts\/18952","targetHints":{"allow":["GET"]}}],"collection":[{"href":"https:\/\/redsemlac.com\/semmexico\/wp-json\/wp\/v2\/posts"}],"about":[{"href":"https:\/\/redsemlac.com\/semmexico\/wp-json\/wp\/v2\/types\/post"}],"author":[{"embeddable":true,"href":"https:\/\/redsemlac.com\/semmexico\/wp-json\/wp\/v2\/users\/3"}],"replies":[{"embeddable":true,"href":"https:\/\/redsemlac.com\/semmexico\/wp-json\/wp\/v2\/comments?post=18952"}],"version-history":[{"count":0,"href":"https:\/\/redsemlac.com\/semmexico\/wp-json\/wp\/v2\/posts\/18952\/revisions"}],"wp:featuredmedia":[{"embeddable":true,"href":"https:\/\/redsemlac.com\/semmexico\/wp-json\/wp\/v2\/media\/8967"}],"wp:attachment":[{"href":"https:\/\/redsemlac.com\/semmexico\/wp-json\/wp\/v2\/media?parent=18952"}],"wp:term":[{"taxonomy":"category","embeddable":true,"href":"https:\/\/redsemlac.com\/semmexico\/wp-json\/wp\/v2\/categories?post=18952"},{"taxonomy":"post_tag","embeddable":true,"href":"https:\/\/redsemlac.com\/semmexico\/wp-json\/wp\/v2\/tags?post=18952"}],"curies":[{"name":"wp","href":"https:\/\/api.w.org\/{rel}","templated":true}]}}