{"id":18948,"date":"2020-04-01T19:16:45","date_gmt":"2020-04-01T19:16:45","guid":{"rendered":"https:\/\/redsemlac.com\/semmexico\/?p=18948"},"modified":"2023-07-21T15:23:24","modified_gmt":"2023-07-21T20:23:24","slug":"opinion-419","status":"publish","type":"post","link":"https:\/\/redsemlac.com\/semmexico\/opinion-419\/","title":{"rendered":"\u00c1ngela Merkel, c\u00e1tedra de liderazgo"},"content":{"rendered":"\n<ul class=\"wp-block-list\"><li><strong>A Merkel\nle ha tocado sortear la crisis financiera del 2008, rescatar econ\u00f3micamente a\nla Uni\u00f3n Europea y lidiar con la crisis humanitaria de los refugiados sirios.<\/strong><\/li><\/ul>\n\n\n\n<p class=\"wp-block-paragraph\"><strong>Por: Raudel \u00c1vila &nbsp;<\/strong><\/p>\n\n\n\n<p class=\"wp-block-paragraph\">SemM\u00e9xico. 01 de abril 2020.- Cuando se escriba la historia\nde las primeras dos d\u00e9cadas del siglo XX, \u00c1ngela Merkel ocupar\u00e1 un lugar\nespecial\u00edsimo entre los dirigentes pol\u00edticos. Hace un par de semanas me refer\u00ed\na la pobreza del liderazgo desplegado por Donald Trump y Boris Johnson en la\nconducci\u00f3n de Estados Unidos y el Reino Unido.<\/p>\n\n\n\n<p class=\"wp-block-paragraph\">A diferencia de Trump y Johnson, obsesionados con la\npopularidad medi\u00e1tica y los arrebatos demag\u00f3gicos insustanciales, Merkel\nrepresenta, en palabras del Financial Times, estabilidad y madurez. \u201cEl \u00fanico\nadulto en la sala\u201d la describe The Economist. Estadista de talla internacional,\nMerkel es una pol\u00edtica profesional por los cuatro costados. De s\u00f3lida formaci\u00f3n\nt\u00e9cnica, Merkel es doctora en qu\u00edmica cu\u00e1ntica. Es decir, toma decisiones\npol\u00edticas, pero considerando seriamente los criterios cient\u00edficos. En una \u00e9poca\nen que el nacionalismo se ufana de su desconexi\u00f3n con el planeta, la Merkel es\ntriling\u00fce (habla ingl\u00e9s, alem\u00e1n y ruso).<\/p>\n\n\n\n<p class=\"wp-block-paragraph\">Merkel creci\u00f3 bajo el yugo del comunismo totalitario en la\nRep\u00fablica Democr\u00e1tica Alemana, de ah\u00ed que valore y defienda como nadie las\nlibertades pol\u00edticas occidentales. El mentor de Merkel fue nada menos que\nHelmut Kohl, art\u00edfice de la reunificaci\u00f3n alemana. No obstante, ella se\ndistanci\u00f3 de su protector cuando se difundieron los esc\u00e1ndalos de corrupci\u00f3n\nque embarraron a su partido sin que Kohl hiciera nada para detenerlos. Merkel\nconoce los entresijos de la vida partidista nacional, no en balde dirigi\u00f3 la\nUni\u00f3n Dem\u00f3crata Cristiana 18 a\u00f1os. Del otro lado, su experiencia internacional\nes impresionante, ha presidido el G8 y el Consejo Europeo.<\/p>\n\n\n\n<p class=\"wp-block-paragraph\">A Merkel le ha tocado sortear la crisis financiera del 2008,\nrescatar econ\u00f3micamente a la Uni\u00f3n Europea y lidiar con la crisis humanitaria\nde los refugiados sirios. Desde luego, por estar al frente de su pa\u00eds desde\n2005 claro que hay aspectos criticables. No obstante, en t\u00e9rminos generales el\nbalance de su gesti\u00f3n es francamente positivo. Alemania se ha consolidado como\nla cabeza indiscutible de la Uni\u00f3n Europea y una potencia regional con interlocuci\u00f3n\nreal en los espacios de poder m\u00e1s importantes del mundo. Internamente logr\u00f3 la\nreforma del sistema de salud p\u00fablica alem\u00e1n para convertirlo en el mejor y de\ncobertura m\u00e1s amplia entre todos los pa\u00edses occidentales, a la par que mantuvo\nlas finanzas sanas y el equilibrio macroecon\u00f3mico.<\/p>\n\n\n\n<p class=\"wp-block-paragraph\">Adem\u00e1s, el semanario Der Spiegel revel\u00f3 la semana pasada que\nel gobierno alem\u00e1n tiene un plan de acci\u00f3n preparado para cada escenario, ya\nsea que el PIB caiga este a\u00f1o 5% o hasta 20%. Ya se dise\u00f1\u00f3 un plan de apoyo\npara grandes empresas transnacionales, otro para peque\u00f1as empresas y\nmicroempresarios autoempleados. Uno m\u00e1s para inyectar recursos adicionales a\nlos hospitales, otro para atenci\u00f3n de los ni\u00f1os y el sistema educativo, uno\nadicional para flexibilizar la legislaci\u00f3n de bancarrota, otro m\u00e1s para ayudar\na quienes pagan renta, alg\u00fan plan para intensificar los programas sociales y\ngeneraci\u00f3n de empleos de medio tiempo. Todo esto bajo la supervisi\u00f3n del\nConsejo Alem\u00e1n de la \u00c9tica, una entidad aut\u00f3noma de prestigiados cient\u00edficos,\nm\u00e9dicos, te\u00f3logos, abogados, economistas y fil\u00f3sofos supervisando que la\nautoridad no se exceda ni ponga en peligro la libertad o privacidad de sus\nciudadanos. Adem\u00e1s, Merkel responsabiliz\u00f3 a un grupo de t\u00e9cnicos de monitorear\npermanentemente las experiencias internacionales exitosas en lidiar con la\npandemia, se\u00f1aladamente Corea del Sur y Singapur. Esto con el prop\u00f3sito de\nimitar las mejores pr\u00e1cticas. Se me dir\u00e1 que se trata del resultado de una\nburocracia profesional, s\u00ed, pero sin el liderazgo de \u00c1ngela Merkel esa\nburocracia no ser\u00eda valorada ni estar\u00eda trabajando al l\u00edmite de sus capacidades\npara servir a los alemanes. Vale la pena estudiar el ejemplo alem\u00e1n.<\/p>\n","protected":false},"excerpt":{"rendered":"<p>A Merkel le ha tocado sortear la crisis financiera del 2008, rescatar econ\u00f3micamente a la Uni\u00f3n Europea y lidiar con la crisis humanitaria de los refugiados sirios.<\/p>\n","protected":false},"author":3,"featured_media":18949,"comment_status":"open","ping_status":"open","sticky":false,"template":"","format":"standard","meta":{"_monsterinsights_skip_tracking":false,"footnotes":""},"categories":[691,82,110],"tags":[],"class_list":["post-18948","post","type-post","status-publish","format-standard","has-post-thumbnail","category-691","category-la-opinion","category-la-opinion-columnas"],"_links":{"self":[{"href":"https:\/\/redsemlac.com\/semmexico\/wp-json\/wp\/v2\/posts\/18948","targetHints":{"allow":["GET"]}}],"collection":[{"href":"https:\/\/redsemlac.com\/semmexico\/wp-json\/wp\/v2\/posts"}],"about":[{"href":"https:\/\/redsemlac.com\/semmexico\/wp-json\/wp\/v2\/types\/post"}],"author":[{"embeddable":true,"href":"https:\/\/redsemlac.com\/semmexico\/wp-json\/wp\/v2\/users\/3"}],"replies":[{"embeddable":true,"href":"https:\/\/redsemlac.com\/semmexico\/wp-json\/wp\/v2\/comments?post=18948"}],"version-history":[{"count":0,"href":"https:\/\/redsemlac.com\/semmexico\/wp-json\/wp\/v2\/posts\/18948\/revisions"}],"wp:featuredmedia":[{"embeddable":true,"href":"https:\/\/redsemlac.com\/semmexico\/wp-json\/wp\/v2\/media\/18949"}],"wp:attachment":[{"href":"https:\/\/redsemlac.com\/semmexico\/wp-json\/wp\/v2\/media?parent=18948"}],"wp:term":[{"taxonomy":"category","embeddable":true,"href":"https:\/\/redsemlac.com\/semmexico\/wp-json\/wp\/v2\/categories?post=18948"},{"taxonomy":"post_tag","embeddable":true,"href":"https:\/\/redsemlac.com\/semmexico\/wp-json\/wp\/v2\/tags?post=18948"}],"curies":[{"name":"wp","href":"https:\/\/api.w.org\/{rel}","templated":true}]}}