{"id":18931,"date":"2020-04-01T04:47:04","date_gmt":"2020-04-01T04:47:04","guid":{"rendered":"https:\/\/redsemlac.com\/semmexico\/?p=18931"},"modified":"2023-07-21T15:23:24","modified_gmt":"2023-07-21T20:23:24","slug":"morelos-39","status":"publish","type":"post","link":"https:\/\/redsemlac.com\/semmexico\/morelos-39\/","title":{"rendered":"En Morelos 91 mujeres v\u00edctimas de violencia en medio de la pandemia de COVID-19"},"content":{"rendered":"\n<ul class=\"wp-block-list\"><li><strong>Suman\nseis casos de pacientes positivos en coronavirus y 31 sospechosos&nbsp; <\/strong><\/li><li><strong>Se cuenta\ncon \u201cL\u00ednea segura\u201d que consiste en 4 l\u00edneas telef\u00f3nicas para atenci\u00f3n y\nasesor\u00eda con especialistas<\/strong><\/li><\/ul>\n\n\n\n<p class=\"wp-block-paragraph\"><strong>Estrella Pedroza <\/strong><\/p>\n\n\n\n<p class=\"wp-block-paragraph\">SemM\u00e9xico. Cuernavaca, Morelos. 31 de marzo 2020.- En lo que\nva dela contingencia por COVID-19 en Morelos, una entidad con Alerta de Violencia\nde G\u00e9nero, se han atendido a 91&nbsp;\nmujeres&nbsp; v\u00edctimas de distintos\ntipos de violencias en los Centros de Atenci\u00f3n Externa y se prev\u00e9 un aumento\ndel 25 por ciento de violencia&nbsp; y\nfeminicidios, sostuvo, Flore Desri\u00e9 Le\u00f3n Hern\u00e1ndez, directora del Instituto de\nla Mujer para el Estado de Morelos (IMEM). <\/p>\n\n\n\n<p class=\"wp-block-paragraph\">Lo anterior, durante la d\u00e9cima conferencia de prensa para informar\nsobre el progreso la pandemia&nbsp;\ncoronavirus en la entidad.<\/p>\n\n\n\n<p class=\"wp-block-paragraph\">La funcionaria estatal, explic\u00f3&nbsp; que&nbsp; la\npandemia coloca a la poblaci\u00f3n en un nivel de estr\u00e9s mayor habitual pero en el\ncaso de las mujeres -muchas de ellas madres, cuidadoras y adem\u00e1s&nbsp; trabajadoras- est\u00e1n en&nbsp; mayor un riego y vulnerabilidad de ser\nv\u00edctimas de violencia dom\u00e9stica&nbsp; y\nsexual. <\/p>\n\n\n\n<p class=\"wp-block-paragraph\">Lo mismo ocurre, dijo, con las personas mayores, ni\u00f1os y\nni\u00f1as que son v\u00edctimas de maltrato y\/o violencia&nbsp; sexual. <\/p>\n\n\n\n<p class=\"wp-block-paragraph\">Tambi\u00e9n se puntualiz\u00f3 es un mayor n\u00famero de mujeres m\u00e9dicas\ny enfermeras que ante el COVID-19 est\u00e1n en mayor riesgo&nbsp; en su&nbsp;\ntrabajo y adem\u00e1s sometidas a la preocupaci\u00f3n por su seres queridos <\/p>\n\n\n\n<p class=\"wp-block-paragraph\">Le\u00f3n Hern\u00e1ndez, destac\u00f3 que desde el 18 de marzo a la fecha\nse han entendido a 91 mujeres la mayor\u00eda v\u00eda telef\u00f3nica y Facebook&nbsp; y unos dos casos de forma presencial.<\/p>\n\n\n\n<p class=\"wp-block-paragraph\">En este contexto, advirti\u00f3 que dadas las condiciones que se\nenfrentan en la entidad&nbsp; y los efectos\nque genera la pandemia en la poblaci\u00f3n- como ha ocurrido en otros pa\u00eds- se\nprev\u00e9 un aumento del&nbsp; 25 por ciento de\nlos distintos tipos de violencia, entre ella, los feminicidios. <\/p>\n\n\n\n<p class=\"wp-block-paragraph\">Detall\u00f3 que de acuerdo a experiencias vividas en Europa se\nhan presentado situaciones de feminicidio \u201cmujeres que han muerto no por COVID-19\nsino por violencia de g\u00e9nero\u201d. <\/p>\n\n\n\n<p class=\"wp-block-paragraph\">La presidenta del IMEM,&nbsp;\npuntualiz\u00f3 que los Centros de Atenci\u00f3n Externa seguir\u00e1n operando en\nhorario extendido de lunes a domingo de 9am a 6pm. <\/p>\n\n\n\n<p class=\"wp-block-paragraph\">Detall\u00f3 que son tres:<\/p>\n\n\n\n<ul class=\"wp-block-list\"><li>&nbsp;En\nCuernavaca, situado en Abasolo no. 6 tercer piso esquina Avenida Morelos en la\ncolonia Centro, donde se tiene atenci\u00f3n telef\u00f3nica al n\u00famero &nbsp;173 00 66.<\/li><li>En Temixco,&nbsp;\nsituado en Plan de Iguala esquina con Juan N \u00c1lvarez en la&nbsp; colonia Rub\u00e9n Jaramillo en las oficinas del\nCentro de Desarrollo Comunitario.<\/li><li>En Tetecala, situado en la calle&nbsp; No Reelecci\u00f3n en la colonia&nbsp; Centro, ubicado en la Biblioteca P\u00fablica\nMunicipal \u201cBenito Ju\u00e1rez\u201d.<\/li><\/ul>\n\n\n\n<p class=\"wp-block-paragraph\">Y&nbsp; se cuenta con la \u201cL\u00ednea\nsegura\u201d que consiste en 4 l\u00edneas telef\u00f3nicas para atenci\u00f3n y asesor\u00eda con\nespecialistas: <\/p>\n\n\n\n<p class=\"wp-block-paragraph\">777 538 66 09 y 777 538 66 37 de 7 de la ma\u00f1ana a 4 de la\ntarde.<\/p>\n\n\n\n<p class=\"wp-block-paragraph\">777 538 55 99 y 777 534 25 89 de 4 de la tarde a 12 de la\nnoche.<\/p>\n\n\n\n<p class=\"wp-block-paragraph\">En este mismo&nbsp; espaci\u00f3\n, Marco Antonio Cant\u00fa&nbsp; Cuevas, secretario\nde&nbsp; salud,&nbsp; inform\u00f3 que en Morelos sube&nbsp; a&nbsp;\nsiete&nbsp; el n\u00famero de personas\ncontagiadas de&nbsp; coronavirus y se elev\u00f3 a\n31 casos&nbsp; sospechosos&nbsp; y&nbsp; 72\nnegativos.<\/p>\n\n\n\n<p class=\"wp-block-paragraph\">Detall\u00f3&nbsp; que&nbsp; se trata de&nbsp;\nun hombre&nbsp; de 37 a\u00f1os con\nantecedentes&nbsp; de viaje&nbsp; a&nbsp;\nEstados Unidos&nbsp; se recuperan en\ncasa y tiene un contacto directo, cinco&nbsp;\nindirectos&nbsp; y se ubica&nbsp; en la&nbsp;\nzona sur&nbsp; de la entidad.<\/p>\n","protected":false},"excerpt":{"rendered":"<p>Suman seis casos de pacientes positivos en coronavirus y 31 sospechosos  <\/p>\n","protected":false},"author":3,"featured_media":18932,"comment_status":"open","ping_status":"open","sticky":false,"template":"","format":"standard","meta":{"_monsterinsights_skip_tracking":false,"footnotes":""},"categories":[691,135],"tags":[],"class_list":["post-18931","post","type-post","status-publish","format-standard","has-post-thumbnail","category-691","category-emergencia-sanitaria-covid-19"],"_links":{"self":[{"href":"https:\/\/redsemlac.com\/semmexico\/wp-json\/wp\/v2\/posts\/18931","targetHints":{"allow":["GET"]}}],"collection":[{"href":"https:\/\/redsemlac.com\/semmexico\/wp-json\/wp\/v2\/posts"}],"about":[{"href":"https:\/\/redsemlac.com\/semmexico\/wp-json\/wp\/v2\/types\/post"}],"author":[{"embeddable":true,"href":"https:\/\/redsemlac.com\/semmexico\/wp-json\/wp\/v2\/users\/3"}],"replies":[{"embeddable":true,"href":"https:\/\/redsemlac.com\/semmexico\/wp-json\/wp\/v2\/comments?post=18931"}],"version-history":[{"count":0,"href":"https:\/\/redsemlac.com\/semmexico\/wp-json\/wp\/v2\/posts\/18931\/revisions"}],"wp:featuredmedia":[{"embeddable":true,"href":"https:\/\/redsemlac.com\/semmexico\/wp-json\/wp\/v2\/media\/18932"}],"wp:attachment":[{"href":"https:\/\/redsemlac.com\/semmexico\/wp-json\/wp\/v2\/media?parent=18931"}],"wp:term":[{"taxonomy":"category","embeddable":true,"href":"https:\/\/redsemlac.com\/semmexico\/wp-json\/wp\/v2\/categories?post=18931"},{"taxonomy":"post_tag","embeddable":true,"href":"https:\/\/redsemlac.com\/semmexico\/wp-json\/wp\/v2\/tags?post=18931"}],"curies":[{"name":"wp","href":"https:\/\/api.w.org\/{rel}","templated":true}]}}