{"id":18928,"date":"2020-04-01T04:32:42","date_gmt":"2020-04-01T04:32:42","guid":{"rendered":"https:\/\/redsemlac.com\/semmexico\/?p=18928"},"modified":"2023-07-21T15:23:24","modified_gmt":"2023-07-21T20:23:24","slug":"condena-la-ripvg-crimen-contra-periodista-maria-elena-ferral","status":"publish","type":"post","link":"https:\/\/redsemlac.com\/semmexico\/condena-la-ripvg-crimen-contra-periodista-maria-elena-ferral\/","title":{"rendered":"Condena la RIPVG crimen contra periodista Maria Elena Ferral"},"content":{"rendered":"\n<p class=\"wp-block-paragraph\"><strong>Redacci\u00f3n<\/strong><\/p>\n\n\n\n<p class=\"wp-block-paragraph\">SemM\u00e9xico. Cd. de M\u00e9xico. 31 de marzo de 2020.- Este asesinato evidencia fallas, omisiones y negligencia de las instituciones mexicanas \u201cella ya hab\u00eda sido amenazada, pero la impunidad y la falta de protecci\u00f3n, dej\u00f3 la puerta abierta a los asesinos\u201d, se\u00f1ala la Red Internacional de Periodistas con Visi\u00f3n de G\u00e9nero (RIPVG) y expres\u00f3 su m\u00e1s en\u00e9rgica condena por el asesinato perpetrado contra la periodista Maria Elena Ferral Hern\u00e1ndez, corresponsal del Diario de Xalapa y el Heraldo de Poza Rica, registrado en Papantla, Veracruz (M\u00e9xico) este lunes 30 de marzo.<\/p>\n\n\n\n<p class=\"wp-block-paragraph\">\u201cEste asesinato da cuenta de un contexto de violencia muy grave en contra de quienes ejercen el periodismo en M\u00e9xico, evidencia fallas, omisiones y negligencia de las instituciones que est\u00e1n obligadas a prevenir, investigar y sancionar la violencia contra mujeres periodistas, particularmente en el caso de Maria Elena, que ya hab\u00eda sufrido amenazas por su labor informativa\u201d, se\u00f1al\u00f3 est\u00e1 organizaci\u00f3n que agrupa a periodistas de 36 pa\u00edses.<\/p>\n\n\n\n<p class=\"wp-block-paragraph\">\u201cEstos hechos evidencian claramente que la impunidad imperante, la falta de acceso a la justicia y protecci\u00f3n a la que ten\u00eda derecho, despu\u00e9s de ser amenazada, dej\u00f3 la puerta abierta a quienes hoy, le arrebataron la vida a la periodista\u201d, agrega el comunicado dirigido al presidente de M\u00e9xico Andr\u00e9s Manuel L\u00f3pez Obrador as\u00ed como al Gobernador de Veracruz Cuitl\u00e1huac Garc\u00eda Jim\u00e9nez.<\/p>\n\n\n\n<p class=\"wp-block-paragraph\">La Red Internacional de Periodistas exigi\u00f3 al Estado Mexicano investigar este asesinato con exhaustividad, celeridad y efectividad, atendiendo en todo momento la l\u00ednea relacionada con su labor period\u00edstica y con una perspectiva de g\u00e9nero.<\/p>\n\n\n\n<p class=\"wp-block-paragraph\">Asimismo, demand\u00f3 asegurar el acceso a la justicia de manera pronta y expedita, sancionando a los responsables de este asesinato as\u00ed como de las amenazas de las que fue v\u00edctima la periodista, adem\u00e1s de garantizar a sus familiares, las medidas de seguridad y protecci\u00f3n suficientes y efectivas.<\/p>\n\n\n\n<p class=\"wp-block-paragraph\">&nbsp;\u201cM\u00e9xico es considerado como uno de los pa\u00edses m\u00e1s peligrosos para ejercer el periodismo en el mundo y Veracruz es el estado que ocupa el primer lugar nacional en homicidios de periodistas, al registrarse en esa entidad, 23 asesinatos, de los 153 cometidos en todo el territorio nacional del 2000 a noviembre del 2019. De estos 153 cr\u00edmenes, 16 fueron contra mujeres periodistas; 3 de ellas en ese estado\u201d, agrega.<\/p>\n\n\n\n<p class=\"wp-block-paragraph\">El pronunciamiento de la RIPVG tambi\u00e9n fue dirigido al Fiscal Especial para la Atenci\u00f3n de Delitos Cometidos contra la Libertad de Expresi\u00f3n (FEADLE) Ricardo S\u00e1nchez P\u00e9rez del Pozo, a Aar\u00f3n Mastache Mondrag\u00f3n, Coordinador del Mecanismo de Protecci\u00f3n a Personas Defensoras de Derechos Humanos y Periodistas (MPPDDHyP) y a la Presidenta de la Comisi\u00f3n Nacional de Derechos Humanos (CNDH) Maria del Rosario Piedra Ibarra.<\/p>\n\n\n\n<p class=\"wp-block-paragraph\">Quienes integran esta Red Internacional, hicieron un llamado puntual para que cese la violencia contra mujeres periodistas y comunicadoras en M\u00e9xico.<\/p>\n\n\n\n<p class=\"wp-block-paragraph\">\u201cEs urgente corregir las deficiencias que d\u00eda a d\u00eda se cometen en las investigaciones de los delitos cometidos contra periodistas, que s\u00f3lo fomentan la impunidad y fortalecer los mecanismos de prevenci\u00f3n, protecci\u00f3n y respuesta judicial para garantizar el pleno ejercicio de la libertad de expresi\u00f3n y el derecho de la sociedad mexicana a ser informada\u201d<\/p>\n\n\n\n<p class=\"wp-block-paragraph\">La Red Internacional de Periodistas con Visi\u00f3n de G\u00e9nero (RIPVG), impulsa una agenda informativa con perspectiva de g\u00e9nero, defiende la erradicaci\u00f3n de todo tipo de violencia contra mujeres periodistas, promueve los derechos humanos de las mujeres a la comunicaci\u00f3n, a la informaci\u00f3n y a la libertad de expresi\u00f3n y el cumplimiento de los objetivos del Cap\u00edtulo J de la Plataforma de Acci\u00f3n de Beijing \u201cMujer y Medios de Difusi\u00f3n\u201d.<\/p>\n","protected":false},"excerpt":{"rendered":"<p>\u201cElla ya hab\u00eda sido amenazada, pero la impunidad y la falta de protecci\u00f3n, dej\u00f3 la puerta abierta a los asesinos\u201d, se\u00f1ala la Red Internacional de Periodistas con Visi\u00f3n de G\u00e9nero (RIPVG) <\/p>\n","protected":false},"author":3,"featured_media":18929,"comment_status":"open","ping_status":"open","sticky":false,"template":"","format":"standard","meta":{"_monsterinsights_skip_tracking":false,"footnotes":""},"categories":[691,55],"tags":[],"class_list":["post-18928","post","type-post","status-publish","format-standard","has-post-thumbnail","category-691","category-periodistas"],"_links":{"self":[{"href":"https:\/\/redsemlac.com\/semmexico\/wp-json\/wp\/v2\/posts\/18928","targetHints":{"allow":["GET"]}}],"collection":[{"href":"https:\/\/redsemlac.com\/semmexico\/wp-json\/wp\/v2\/posts"}],"about":[{"href":"https:\/\/redsemlac.com\/semmexico\/wp-json\/wp\/v2\/types\/post"}],"author":[{"embeddable":true,"href":"https:\/\/redsemlac.com\/semmexico\/wp-json\/wp\/v2\/users\/3"}],"replies":[{"embeddable":true,"href":"https:\/\/redsemlac.com\/semmexico\/wp-json\/wp\/v2\/comments?post=18928"}],"version-history":[{"count":0,"href":"https:\/\/redsemlac.com\/semmexico\/wp-json\/wp\/v2\/posts\/18928\/revisions"}],"wp:featuredmedia":[{"embeddable":true,"href":"https:\/\/redsemlac.com\/semmexico\/wp-json\/wp\/v2\/media\/18929"}],"wp:attachment":[{"href":"https:\/\/redsemlac.com\/semmexico\/wp-json\/wp\/v2\/media?parent=18928"}],"wp:term":[{"taxonomy":"category","embeddable":true,"href":"https:\/\/redsemlac.com\/semmexico\/wp-json\/wp\/v2\/categories?post=18928"},{"taxonomy":"post_tag","embeddable":true,"href":"https:\/\/redsemlac.com\/semmexico\/wp-json\/wp\/v2\/tags?post=18928"}],"curies":[{"name":"wp","href":"https:\/\/api.w.org\/{rel}","templated":true}]}}