{"id":18916,"date":"2020-03-31T22:26:00","date_gmt":"2020-03-31T22:26:00","guid":{"rendered":"https:\/\/redsemlac.com\/semmexico\/?p=18916"},"modified":"2023-07-21T15:23:24","modified_gmt":"2023-07-21T20:23:24","slug":"protestas-de-periodistas-por-el-asesinado-de-maria-elena-ferral","status":"publish","type":"post","link":"https:\/\/redsemlac.com\/semmexico\/protestas-de-periodistas-por-el-asesinado-de-maria-elena-ferral\/","title":{"rendered":"Protestas de periodistas por el asesinado de Mar\u00eda Elena Ferral"},"content":{"rendered":"\n<ul class=\"wp-block-list\"><li><strong>\u201cTe\nvamos a levantar\u201d, la amenaza de Basilio Camerino a la periodista Veracruz<\/strong><\/li><\/ul>\n\n\n\n<p class=\"wp-block-paragraph\"><strong>Guadalupe L\u00f3pez Garc\u00eda<\/strong><\/p>\n\n\n\n<p class=\"wp-block-paragraph\">SemM\u00e9xico, Ciudad de M\u00e9xico,\n31 de marzo de 2020.- Periodistas y organizaciones se manifestaron por el\nasesinato de Mar\u00eda Elena Ferral, directora del portal Quinto Poder de Veracruz\ny corresponsal del Diario de Xalapa, ocurrido este lunes en Papantla, Veracruz,\ncuando dos desconocidos dispararon contra ella. Demandaron, adem\u00e1s, protecci\u00f3n\npara su familia.<\/p>\n\n\n\n<p class=\"wp-block-paragraph\">La Red Veracruzana de\nPeriodistas (RVP), en un comunicado dirigido al presidente Andr\u00e9s Manuel L\u00f3pez\nObrador, el gobernador de Veracruz, Cuitl\u00e1huac Garc\u00eda Jim\u00e9nez, y a la presidenta\nde la Comisi\u00f3n Estatal de Protecci\u00f3n a Periodistas, Ana Laura P\u00e9rez Mendoza, demand\u00f3\nque en su investigaci\u00f3n se tome en cuenta una l\u00ednea de investigaci\u00f3n\nrelacionada con su actividad como periodista y que se investiguen las amenazas\ny antecedentes que ella denunci\u00f3 previamente. <\/p>\n\n\n\n<p class=\"wp-block-paragraph\">Asimismo, que se aplique el\nMecanismo de Protecci\u00f3n Federal sobre su familia, que las instituciones de gobierno\ny las organizaciones no gubernamentales de defensa de la libertad de expresi\u00f3n\nsalvaguarden la integridad de las y los compa\u00f1eros de la regi\u00f3n, y que los\nservidores p\u00fablicos o actores partidistas se abstengan de desvirtuar los hechos\no politicen (partidicen) el asunto.<\/p>\n\n\n\n<p class=\"wp-block-paragraph\">La red record\u00f3 que el estado\nde Veracruz se ha convertido en el lugar m\u00e1s peligroso para ejercer el periodismo\nen M\u00e9xico y es uno de los puntos m\u00e1s riesgosos en Am\u00e9rica Latina y en el mundo,\ncon un alto \u00edndice de impunidad. <\/p>\n\n\n\n<p class=\"wp-block-paragraph\">Asimismo, se\u00f1al\u00f3 que el\nasesinato de la periodista exhibe, una vez m\u00e1s, las condiciones de inseguridad\ny de precariedad laboral en las que trabaja la mayor\u00eda de las reporteras y los\nreporteros en los medios de comunicaci\u00f3n.<\/p>\n\n\n\n<p class=\"wp-block-paragraph\">La Red Internacional de\nPeriodistas con Visi\u00f3n de G\u00e9nero (RIPVG) expres\u00f3 que este asesinato da cuenta\nde un contexto de violencia muy grave en contra de periodistas en M\u00e9xico.\nEvidenci\u00f3 las fallas, omisiones y negligencia de las instituciones responsables\nde prevenir, investigar y sancionar la violencia en contra de periodistas. <\/p>\n\n\n\n<p class=\"wp-block-paragraph\">La impunidad imperante, la\nfalta de acceso a la justicia y protecci\u00f3n a la que ten\u00eda derecho, despu\u00e9s de\nser amenazada, \u201cdej\u00f3 la puerta abierta a quienes le arrebataron la vida\u201d. Ante\nello, la RIPVG demand\u00f3 investigar exhaustivamente, con celeridad y efectividad,\nel crimen de Ferral, atendiendo la l\u00ednea relacionada con su labor y con una\nperspectiva de g\u00e9nero. <\/p>\n\n\n\n<p class=\"wp-block-paragraph\">De igual forma, hizo un\nllamado a fortalecer la seguridad y los mecanismos de prevenci\u00f3n, protecci\u00f3n y\nrespuesta judicial para garantizar el pleno ejercicio de la libertad de\nexpresi\u00f3n y el derecho de la sociedad mexicana a ser informada.<\/p>\n\n\n\n<p class=\"wp-block-paragraph\">La Red Nacional de Periodistas\nse sum\u00f3 a las exigencias del esclarecimiento del asesinato, cometido por\ndesconocidos que le dispararon cuando ella se encontraba junto a la camioneta\nque usaba diariamente en su trabajo y que la trasladaba en sus recorridos por\nel norte de la entidad. <\/p>\n\n\n\n<p class=\"wp-block-paragraph\">En un bolet\u00edn, el Sindicato\nNacional de Redactores de la Prensa y Trabajadores de Actividades Similares y\nConexas (SNRP) expuso que el asesinato de Ferral, quien tambi\u00e9n era\ncorresponsal del peri\u00f3dico El Heraldo de Poza Rica, se suma, en este a\u00f1o, al del\nlocutor Fidel \u00c1vila G\u00f3mez, de la estaci\u00f3n de radio local \u201cLa ke Buena\u201d, de\nMichoac\u00e1n, tras estar desaparecido durante alrededor de 40 d\u00edas. <\/p>\n\n\n\n<p class=\"wp-block-paragraph\">Record\u00f3 que la periodista ya\nhab\u00eda denunciado amenazas de muerte en su contra, de manera velada y abierta,\npor personajes de la pol\u00edtica de la regi\u00f3n, como Basilio Camerino Picazo P\u00e9rez,\nexcandidato a diputado local por el Partido Revolucionario Institucional (PRI),\npresuntamente involucrado en el homicidio de Miguel Alfonso V\u00e1zquez, exs\u00edndico\ndel ayuntamiento de Coyutla, quien le habr\u00eda dicho: \u201cTe vamos a levantar\u201d.<\/p>\n\n\n\n<p class=\"wp-block-paragraph\">Ferral, con m\u00e1s de 30 a\u00f1os\nde periodista, present\u00f3 una denuncia penal en la Fiscal\u00eda Especializada en\nDelitos contra la Libertad de Expresi\u00f3n (FEADLE), pero no tuvo resultado\nalguno. <\/p>\n\n\n\n<p class=\"wp-block-paragraph\">Al igual que las dem\u00e1s\norganizaciones, el SNRP demand\u00f3 al gobernador Garc\u00eda Jim\u00e9nez el pronto\nesclarecimiento del crimen y que el Mecanismo de Protecci\u00f3n a Personas Defensoras\nde Derechos Humanos y Periodistas, dependiente de la Fiscal\u00eda General de la\nRep\u00fablica, atraiga el caso por tratarse de un atentado a la libertad de\nexpresi\u00f3n.<\/p>\n\n\n\n<p class=\"wp-block-paragraph\">Alert\u00f3 que a este agravio se\nsuma el ocurrido el 11 de marzo pasado, en contra de la reportera Mireya Ulloa,\ndel diario La Opini\u00f3n de Tuxpan, y del que no hay avances en las investigaciones.\nAsimismo, record\u00f3 la huelga de 175 mujeres y 25 hombres de la Agencia de\nNoticias del Estado Mexicano (Notimex), que ya lleva 39 d\u00edas, sin que el\ngobierno mexicano haya dado respuesta a sus demandas.<\/p>\n\n\n\n<p class=\"wp-block-paragraph\">La Fraternidad de Reporteros\nde M\u00e9xico, AC, destac\u00f3 que el trabajo de Ferral se distingui\u00f3 por denunciar\nactos de corrupci\u00f3n en las administraciones del gobierno estatal, y de personajes\npol\u00edticos veracruzanos. <\/p>\n\n\n\n<p class=\"wp-block-paragraph\">Calific\u00f3 a la Comisi\u00f3n de\nProtecci\u00f3n a Periodistas en el Estado de Veracruz, como \u201cuna coladera de informaci\u00f3n,\nac\u00e9fala en su direcci\u00f3n\u201d, puesto que ha sido se\u00f1alada de dar informaci\u00f3n sobre los\nmismos periodistas que dice proteger. <\/p>\n\n\n\n<p class=\"wp-block-paragraph\">Inst\u00f3 al gobernador que \u201cse\nponga a trabajar en serio, desde su confinamiento, y logre una investigaci\u00f3n a\nfondo, seria, puntual y precisa. Sobra decir que, desde el poder, se sigue\ntrabajando para alcanzar los mejores niveles de libertad de expresi\u00f3n, cuando\nen los hechos, sigue el asesinato de periodistas\u201d.<\/p>\n\n\n\n<p class=\"wp-block-paragraph\">La Iniciativa Mesoamericana\nde Mujeres Defensoras de Derechos Humanos y la Red Nacional de Defensoras de\nDerechos Humanos en M\u00e9xico expresaron su dolor y repudio por el asesinato de\nFerral Hern\u00e1ndez y se solidarizan con su familia, compa\u00f1eros y compa\u00f1eras de\nprofesi\u00f3n en Veracruz, entidad que entre 2010 y 2020 al menos 24 periodistas\nhan sido v\u00edctimas de asesinato.<\/p>\n\n\n\n<p class=\"wp-block-paragraph\">En una concentraci\u00f3n en el\ncentro del municipio de Papantla, periodistas de la zona norte del estado\npidieron que el crimen no quede impune ni se le d\u00e9 carpetazo. \u201cEn nuestro\ntrabajo, nos sentimos solos. No tenemos garant\u00eda\u201d, reclamaron. Adem\u00e1s de\nexhortar al gobierno estatal a que entregue a los culpables, pidieron al\nayuntamiento que tambi\u00e9n entregue resultados.<\/p>\n\n\n\n<p class=\"wp-block-paragraph\">M\u00e1s tarde, se trasladaron a la\ncarretera federal Papantla-Guti\u00e9rrez Zamora, Matamoros, Puerto Ju\u00e1rez, a la\naltura de la caseta de peaje Totomoxtle, y demandaron la inmediata presencia\ndel gobernador Cuitl\u00e1huac Garc\u00eda para esclarecer dicho crimen. A la protesta\nacudi\u00f3 Celestino Espinosa, de la Fiscal\u00eda estatal, dijo que habr\u00e1 \u201ccero\nimpunidad\u201d.<\/p>\n\n\n\n<p class=\"wp-block-paragraph\">Otra protesta m\u00e1s se llev\u00f3 a\ncabo en las redes sociales virtuales con los hashtags #JusticiaParaMariaElena,\n#NiUnaPeriodistaMenos y #SinMujeresNoHayPeriodismo. Adem\u00e1s, Art\u00edculo 19,\nReporteros sin Fronteras y Propuesta C\u00edvica, la Sociedad Interamericana de\nPrensa, se unieron a los reclamos.<\/p>\n\n\n\n<p class=\"wp-block-paragraph\">Sobre la respuesta\ngubernamental, en un escueto mensaje por Twitter, el gobierno estatal asegur\u00f3\nque en Veracruz \u201cse acab\u00f3 la impunidad\u201d, y que investigar\u00e1 el crimen de Ferral,\nal igual que como lo hizo con el asesinato del periodista en Actopan, sin mencionar\nsu nombre (Jorge Celestino Ruiz V\u00e1zquez).<\/p>\n\n\n\n<p class=\"wp-block-paragraph\">De igual forma, la Comisi\u00f3n\nNacional de los Derechos Humanos (CNDH) conden\u00f3 el homicidio y anunci\u00f3 que\nsolicit\u00f3 a la Fiscal\u00eda General de la Rep\u00fablica, el Mecanismo de Protecci\u00f3n para\nPersonas Defensoras de Derechos Humanos, as\u00ed como a la Secretar\u00eda General de\nGobierno y a la Fiscal\u00eda General estatales, medidas cautelares para la familia\nde la periodista. <\/p>\n\n\n\n<p class=\"wp-block-paragraph\">SEM\/glg<\/p>\n","protected":false},"excerpt":{"rendered":"<p>\u201cTe vamos a levantar\u201d, la amenaza de Basilio Camerino a la periodista Veracruz<\/p>\n","protected":false},"author":3,"featured_media":18917,"comment_status":"open","ping_status":"open","sticky":false,"template":"","format":"standard","meta":{"_monsterinsights_skip_tracking":false,"footnotes":""},"categories":[691,55],"tags":[],"class_list":["post-18916","post","type-post","status-publish","format-standard","has-post-thumbnail","category-691","category-periodistas"],"_links":{"self":[{"href":"https:\/\/redsemlac.com\/semmexico\/wp-json\/wp\/v2\/posts\/18916","targetHints":{"allow":["GET"]}}],"collection":[{"href":"https:\/\/redsemlac.com\/semmexico\/wp-json\/wp\/v2\/posts"}],"about":[{"href":"https:\/\/redsemlac.com\/semmexico\/wp-json\/wp\/v2\/types\/post"}],"author":[{"embeddable":true,"href":"https:\/\/redsemlac.com\/semmexico\/wp-json\/wp\/v2\/users\/3"}],"replies":[{"embeddable":true,"href":"https:\/\/redsemlac.com\/semmexico\/wp-json\/wp\/v2\/comments?post=18916"}],"version-history":[{"count":0,"href":"https:\/\/redsemlac.com\/semmexico\/wp-json\/wp\/v2\/posts\/18916\/revisions"}],"wp:featuredmedia":[{"embeddable":true,"href":"https:\/\/redsemlac.com\/semmexico\/wp-json\/wp\/v2\/media\/18917"}],"wp:attachment":[{"href":"https:\/\/redsemlac.com\/semmexico\/wp-json\/wp\/v2\/media?parent=18916"}],"wp:term":[{"taxonomy":"category","embeddable":true,"href":"https:\/\/redsemlac.com\/semmexico\/wp-json\/wp\/v2\/categories?post=18916"},{"taxonomy":"post_tag","embeddable":true,"href":"https:\/\/redsemlac.com\/semmexico\/wp-json\/wp\/v2\/tags?post=18916"}],"curies":[{"name":"wp","href":"https:\/\/api.w.org\/{rel}","templated":true}]}}