{"id":18913,"date":"2020-03-31T22:18:27","date_gmt":"2020-03-31T22:18:27","guid":{"rendered":"https:\/\/redsemlac.com\/semmexico\/?p=18913"},"modified":"2023-07-21T15:23:24","modified_gmt":"2023-07-21T20:23:24","slug":"amnistia-internacional-pide-que-se-proteja-al-personal-sanitario","status":"publish","type":"post","link":"https:\/\/redsemlac.com\/semmexico\/amnistia-internacional-pide-que-se-proteja-al-personal-sanitario\/","title":{"rendered":"Amnist\u00eda Internacional pide que se proteja al personal sanitario"},"content":{"rendered":"\n<p class=\"wp-block-paragraph\"><strong>Por Redacci\u00f3n AmecoPress<\/strong><\/p>\n\n\n\n<p class=\"wp-block-paragraph\">SemM\u00e9xico\/AmecoPress.Madrid, 31 mar. 20.\u2013 La organizaci\u00f3n de derechos humanos ha lanzado una ciberacci\u00f3n para pedir la ayuda de la ciudadan\u00eda en la protecci\u00f3n al personal sanitario, la primera l\u00ednea en la lucha contra el virus.<\/p>\n\n\n\n<p class=\"wp-block-paragraph\">Sin la protecci\u00f3n adecuada, las y los profesionales de la sanidad se convierten en un elemento propagador del virus. Amnist\u00eda Internacional ha recopilado testimonios de m\u00e9dicas y enfermeras que dan cuenta de la falta de mascarillas, batas y guantes reutilizables. En ocasiones se ven en la obligaci\u00f3n de reutilizar los equipos de protecci\u00f3n individual pese al riesgo de contagio que esto conlleva. Adem\u00e1s del material de protecci\u00f3n, echan en falta material de asistencia a pacientes como respiradores, bombas de infusi\u00f3n para administrar la medicaci\u00f3n. \u201cEl personal de limpieza, celadores, administrativos&#8230;siguen por debajo de lo necesario. Incluso el personal de cocina y de mantenimiento tambi\u00e9n est\u00e1 por debajo, porque el hospital est\u00e1 ahora mismo trabajando al 200%\u201d ha recogido la organizaci\u00f3n.<\/p>\n\n\n\n<p class=\"wp-block-paragraph\">Otro de estos testimonios es el de Mar Coloma, enfermera de la UCI pedi\u00e1trica del del hospital Ram\u00f3n y Cajal del sindicato Mats (Movimiento asambleario de trabajadore-as de Sanidad. \u00abNosotros agradecemos mucho los aplausos que nos dedican a las 8 de la tarde desde las ventanas, es muy emotivo, pero queremos pedir a nuestros responsables sanitarios que por favor nos protejan\u00bb, ha se\u00f1alado.<\/p>\n\n\n\n<p class=\"wp-block-paragraph\">La organizaci\u00f3n denuncia que dos semanas despu\u00e9s de que se decratara el estado de alarma en nuestro pa\u00eds a\u00fan falta material sanitario de protecci\u00f3n en cantidad y calidad suficiente. Se trata de los instrumentos que permitir\u00edan a las y los profesionales hacer su trabajo con garant\u00edas y seguridad.<\/p>\n\n\n\n<p class=\"wp-block-paragraph\">\u201cSabemos que la situaci\u00f3n es complicada, pero con m\u00e1s de 5.400 sanitarios infectados*, el mayor n\u00famero existente entre los pa\u00edses que est\u00e1n enfrentando las peores consecuencias del coronavirus, las autoridades no pueden poner m\u00e1s excusas: es su obligaci\u00f3n proteger a quienes nos protegen y hacerlo antes de que sea demasiado tarde\u201d, ha se\u00f1alado Esteban Beltr\u00e1n, director de Amnist\u00eda Internacional en Espa\u00f1a a trav\u00e9s de un comunicado. \u201cHemos hablado con personal sanitario que se encuentra exhausto y desesperado, exponi\u00e9ndose al contagio y, al mismo tiempo, corriendo el riesgo de contribuir a la propagaci\u00f3n del virus entre los pacientes. No frenaremos la curva si nuestros sanitarios van cayendo enfermos\u201d, asevera Beltr\u00e1n.<\/p>\n\n\n\n<p class=\"wp-block-paragraph\">Desde Amnist\u00eda Internacional insisten en que \u201clos est\u00e1ndares internacionales de derechos humanos indican que es necesario proporcionar equipo de protecci\u00f3n personal adecuado y de calidad, informaci\u00f3n, formaci\u00f3n y apoyo psicol\u00f3gico para facilitar la labor de enfermeros y enfermeras, m\u00e9dicos y dem\u00e1s personal implicado en la respuesta a una crisis como \u00e9sta\u201d.<\/p>\n\n\n\n<p class=\"wp-block-paragraph\">Marta Mendiola, responsable de derechos econ\u00f3micos, sociales y culturales en Amnist\u00eda Espa\u00f1a, en declaraciones a AmecoPress ha valorado positivamente el aumento de la inversi\u00f3n p\u00fablica en el sistema nacional de salud para fortalecer el n\u00famero de efectivos. \u00abSi bien es verdad que al Ministerio de Sanidad y al Gobierno lo que hemos pedido es que priorice todo lo que tenga que ver con la implantaci\u00f3n de medidas orientadas a la protecci\u00f3n del personal sanitario\u00bb.<\/p>\n","protected":false},"excerpt":{"rendered":"<p>Sin la protecci\u00f3n adecuada, las y los profesionales de la sanidad se convierten en un elemento propagador del virus.<\/p>\n","protected":false},"author":3,"featured_media":18914,"comment_status":"open","ping_status":"open","sticky":false,"template":"","format":"standard","meta":{"_monsterinsights_skip_tracking":false,"footnotes":""},"categories":[691,53],"tags":[],"class_list":["post-18913","post","type-post","status-publish","format-standard","has-post-thumbnail","category-691","category-internacional"],"_links":{"self":[{"href":"https:\/\/redsemlac.com\/semmexico\/wp-json\/wp\/v2\/posts\/18913","targetHints":{"allow":["GET"]}}],"collection":[{"href":"https:\/\/redsemlac.com\/semmexico\/wp-json\/wp\/v2\/posts"}],"about":[{"href":"https:\/\/redsemlac.com\/semmexico\/wp-json\/wp\/v2\/types\/post"}],"author":[{"embeddable":true,"href":"https:\/\/redsemlac.com\/semmexico\/wp-json\/wp\/v2\/users\/3"}],"replies":[{"embeddable":true,"href":"https:\/\/redsemlac.com\/semmexico\/wp-json\/wp\/v2\/comments?post=18913"}],"version-history":[{"count":0,"href":"https:\/\/redsemlac.com\/semmexico\/wp-json\/wp\/v2\/posts\/18913\/revisions"}],"wp:featuredmedia":[{"embeddable":true,"href":"https:\/\/redsemlac.com\/semmexico\/wp-json\/wp\/v2\/media\/18914"}],"wp:attachment":[{"href":"https:\/\/redsemlac.com\/semmexico\/wp-json\/wp\/v2\/media?parent=18913"}],"wp:term":[{"taxonomy":"category","embeddable":true,"href":"https:\/\/redsemlac.com\/semmexico\/wp-json\/wp\/v2\/categories?post=18913"},{"taxonomy":"post_tag","embeddable":true,"href":"https:\/\/redsemlac.com\/semmexico\/wp-json\/wp\/v2\/tags?post=18913"}],"curies":[{"name":"wp","href":"https:\/\/api.w.org\/{rel}","templated":true}]}}