{"id":18910,"date":"2020-03-31T21:59:24","date_gmt":"2020-03-31T21:59:24","guid":{"rendered":"https:\/\/redsemlac.com\/semmexico\/?p=18910"},"modified":"2023-07-21T15:23:25","modified_gmt":"2023-07-21T20:23:25","slug":"mayores-ante-la-pandemia","status":"publish","type":"post","link":"https:\/\/redsemlac.com\/semmexico\/mayores-ante-la-pandemia\/","title":{"rendered":"Mayores ante la pandemia"},"content":{"rendered":"\n<p class=\"wp-block-paragraph\"><strong>Por Luc\u00eda Cort\u00e9s<\/strong><\/p>\n\n\n\n<p class=\"wp-block-paragraph\">Semm\u00e9xico\/ AmecoPress . Madrid, 31 mar. 2020.\u2013 Las mujeres mayores se han convertido durante la crisis del coronavirus en un colectivo doblemente vulnerable: las patolog\u00edas asociadas a la edad las pone en riesgo ante la enfermedad y la situaci\u00f3n estructural de desigualdad que vienen arrastrando agrava su situaci\u00f3n.<\/p>\n\n\n\n<p class=\"wp-block-paragraph\">Seg\u00fan el Instituto Nacional de Estad\u00edstica, los \u00faltimos datos publicados indican que en nuestro pa\u00eds viv\u00edan 5.194.003 mujeres mayores de 65 a\u00f1os. Las mujeres espa\u00f1olas son las europeas con mayor esperanza de vida, 85 a\u00f1os frente a los 80 de los hombres. Pero ello no garantiza una calidad de vida. De los datos de la Encuesta Nacional de Salud de 2017 se extrae que el el 13,67% de las mujeres entre 65 y 74 a\u00f1os perciben peor o malo su estado de salud frente al 7,56% de los hombres de su misma edad, a su vez, las mujeres de 75 a\u00f1os y en adelante, tienen una autopercepci\u00f3n negativa de la salud en un 20,31% frente al 12,32% de los hombres. Ellas y ellos est\u00e1n viviendo estos d\u00edas con un plus de tensi\u00f3n ante las reiteradas recomendaciones de las autoridades a quedarse en casa y extremar las precauciones. Las patolog\u00edas asociadas a la edad les convierte en uno de los principales grupos de riesgo a proteger en estos momentos. Y es que, seg\u00fan informa el Ministerio de Sanidad, un 49% de las personas contagiadas tienen m\u00e1s de 60 a\u00f1os y m\u00e1s del 82% de las mujeres ingresadas tiene m\u00e1s de 50.<\/p>\n\n\n\n<p class=\"wp-block-paragraph\">Adem\u00e1s tambi\u00e9n tenemos que tener en cuenta que particularmente las mujeres mayores perciben la forma m\u00e1s descarnada de la brecha salarial que se refleja en las pensiones. Ellas se encuentran en mayor riesgo de pobreza, entre la poblaci\u00f3n mayor de 65 a\u00f1os, seg\u00fan datos del INE. Y la crisis econ\u00f3mica que se anuncia como consecuencia de la actual crisis sanitaria prev\u00e9 cebarse especialmente con ellas. La crisis de econ\u00f3mica de 2008, de la que muchas personas pese a los datos macroecon\u00f3micos a\u00fan no se han recuperado, dej\u00f3 al descubierto un tejido social en el que un gran n\u00famero de familias depend\u00eda de las pensiones de las abuelas y los abuelos para sobrevivir.<\/p>\n\n\n\n<p class=\"wp-block-paragraph\">Paca Tricio, presidenta de la Uni\u00f3n Democr\u00e1tica de Pensionistas y Jubilados de Espa\u00f1a (UDP Mayores), en declaraciones a AmecoPress, rechaza que se identifique a las personas que fallecen a causa del COVID-19 por su edad, \u201ceso se llama edadismo\u201d. \u201cEl otro d\u00eda se lo dec\u00eda a Fernando Sim\u00f3n: no dig\u00e1is la edad. A la persona no se la puede identificar porque sea rubia, gorda, delgada o baja o porque tenga 70 y tantos a\u00f1os. A las personas se nos tiene que categorizar como personas, como ciudadanos de este pa\u00eds de pleno derecho\u201d y a\u00f1ade: \u201csi se sigue hablando de la edad terminaremos siendo demonizados por la gente que nos rodea. La gente que tiene patolog\u00edas asociadas: bronquitis, temas de ri\u00f1\u00f3n o coraz\u00f3n, puede sufrir m\u00e1s la situaci\u00f3n actual pero eso tambi\u00e9n la pasa a la gente enferma joven. La edad no puede seguir utiliz\u00e1ndose para definir a las personas mayores. Los mayores estamos muy harto. Muchas veces es m\u00e1s la situaci\u00f3n que se nos quiere dibujar de lo que somos\u201d.<\/p>\n\n\n\n<p class=\"wp-block-paragraph\">Tricio tambi\u00e9n ha querido lanzar un mensaje positivo \u201cla gente mayor es m\u00e1s fuerte de lo que decimos y lo que tenemos que hacer las personas mayores es lo mismo que hacemos habitualmente el resto del a\u00f1o pero sin salir de casa. Lo que no podemos hacer es quedarnos en un rinconcito, quietecitas, sin movernos\u2026 Eso s\u00ed que nos enferma\u201d. \u201cLos mayores no tenemos que preocuparnos, tenemos que ocuparnos. Preocupados tienen que estar quienes tienen que arreglar la situaci\u00f3n. Nosotros tenemos que ocuparnos de que nuestros hijos no tengan contacto con nadie, no salgan a la calle, cumplir las normas para defendernos de esta situaci\u00f3n\u201d.<\/p>\n\n\n\n<p class=\"wp-block-paragraph\">Marisa tiene 85 a\u00f1os y vive en un pueblo de la provincia de Valladolid. Vive sola desde que enviud\u00f3 hace tres a\u00f1os. Le preguntamos c\u00f3mo est\u00e1 pasando la cuarentena y dice sentirse aburrida y \u201cun poco deca\u00edda de estar todo el d\u00eda en casa y sola\u201d. \u201cPara pasar el tiempo nada, no puedo ni coser, ni leer como no veo muy bien. A lo mejor me bajo al patio, bajo y subo las escaleras, y en casa paseando. Yo digo que voy a desgastar las baldosas de tantos paseos. Moverme un poco, hacer alg\u00fan movimiento hasta que pase el tiempo. Viendo la tele alg\u00fan rato. La radio la tengo todo el d\u00eda puesta para que haya ruido. Todo es del virus y nada m\u00e1s, pones la tele y lo mismo. Como me gustan las novelas turcas y hay bastantes pues las veo. Y as\u00ed pasa una el d\u00eda. Luego por la noche s\u00ed es m\u00e1s triste porque por el d\u00eda bueno\u2026 Por la noche da m\u00e1s pena\u201d.<\/p>\n\n\n\n<p class=\"wp-block-paragraph\">Echa en falta \u201cir a andar, iba todos los d\u00edas a las ocho de la ma\u00f1ana a andar una hora y tambi\u00e9n salir a comprar. Ahora a lo mejor salgo cada ocho d\u00edas y antes, como ten\u00eda tiempo, me iba a dar una vuelta o a comprar lo que sea. Ahora ya no, ahora hay que quedarse aqu\u00ed\u201d. Tambi\u00e9n nos cuenta el gesto que ha tenido una vecina hace pocos d\u00edas: \u201cel otro d\u00eda me dijo que si necesitaba algo, me dio su n\u00famero de tel\u00e9fono y tiene el m\u00edo tambi\u00e9n\u201d.<\/p>\n","protected":false},"excerpt":{"rendered":"<p>La crisis econ\u00f3mica que se anuncia como consecuencia de la actual crisis sanitaria prev\u00e9 cebarse especialmente con ellas.<\/p>\n","protected":false},"author":3,"featured_media":18911,"comment_status":"open","ping_status":"open","sticky":false,"template":"","format":"standard","meta":{"_monsterinsights_skip_tracking":false,"footnotes":""},"categories":[691,53],"tags":[],"class_list":["post-18910","post","type-post","status-publish","format-standard","has-post-thumbnail","category-691","category-internacional"],"_links":{"self":[{"href":"https:\/\/redsemlac.com\/semmexico\/wp-json\/wp\/v2\/posts\/18910","targetHints":{"allow":["GET"]}}],"collection":[{"href":"https:\/\/redsemlac.com\/semmexico\/wp-json\/wp\/v2\/posts"}],"about":[{"href":"https:\/\/redsemlac.com\/semmexico\/wp-json\/wp\/v2\/types\/post"}],"author":[{"embeddable":true,"href":"https:\/\/redsemlac.com\/semmexico\/wp-json\/wp\/v2\/users\/3"}],"replies":[{"embeddable":true,"href":"https:\/\/redsemlac.com\/semmexico\/wp-json\/wp\/v2\/comments?post=18910"}],"version-history":[{"count":0,"href":"https:\/\/redsemlac.com\/semmexico\/wp-json\/wp\/v2\/posts\/18910\/revisions"}],"wp:featuredmedia":[{"embeddable":true,"href":"https:\/\/redsemlac.com\/semmexico\/wp-json\/wp\/v2\/media\/18911"}],"wp:attachment":[{"href":"https:\/\/redsemlac.com\/semmexico\/wp-json\/wp\/v2\/media?parent=18910"}],"wp:term":[{"taxonomy":"category","embeddable":true,"href":"https:\/\/redsemlac.com\/semmexico\/wp-json\/wp\/v2\/categories?post=18910"},{"taxonomy":"post_tag","embeddable":true,"href":"https:\/\/redsemlac.com\/semmexico\/wp-json\/wp\/v2\/tags?post=18910"}],"curies":[{"name":"wp","href":"https:\/\/api.w.org\/{rel}","templated":true}]}}