{"id":18907,"date":"2020-03-31T21:52:49","date_gmt":"2020-03-31T21:52:49","guid":{"rendered":"https:\/\/redsemlac.com\/semmexico\/?p=18907"},"modified":"2023-07-21T15:23:25","modified_gmt":"2023-07-21T20:23:25","slug":"quien-cuida-a-las-que-cuidan","status":"publish","type":"post","link":"https:\/\/redsemlac.com\/semmexico\/quien-cuida-a-las-que-cuidan\/","title":{"rendered":"\u00bfQui\u00e9n cuida a las que cuidan?"},"content":{"rendered":"\n<ul class=\"wp-block-list\"><li><strong> Campa\u00f1a 30 de marzo 2020: D\u00eda Internacional de las Trabajadoras de Hogar y Cuidados en tiempos de #COVID19 <\/strong><\/li><\/ul>\n\n\n\n<p class=\"wp-block-paragraph\"> <strong>Por Redacci\u00f3n AmecoPress <\/strong><\/p>\n\n\n\n<p class=\"wp-block-paragraph\">Madrid, 31 mar. 2020. AmecoPress.-\u00a0Hoy, 30 de marzo, se celebra el D\u00eda Internacional de las Trabajadoras del Hogar y Cuidados. Desde distintos colectivos se ha promovido una campa\u00f1a para recordar la larga trayectoria de lucha por la equiparaci\u00f3n de derechos y denunciar una situaci\u00f3n de vulnerabilidad que, en tiempos de coronavirus, se refleja a\u00fan m\u00e1s. Las trabajadoras reclaman mayor protecci\u00f3n y medidas urgentes frente al impacto econ\u00f3mico y social tambi\u00e9n en el sector.<\/p>\n\n\n\n<p class=\"wp-block-paragraph\">Las trabajadoras de hogar y cuidados no han sido incluidas en las medidas urgentes extraordinarias para hacer frente al impacto econ\u00f3mico y social del COVID-19, aprobadas el 17 de marzo, pero \u201cparad\u00f3jicamente\u201d s\u00ed se declara como trabajo esencial el realizado por las empleadas del hogar y las cuidadoras en el RD Ley 10\/2020, aprobado ayer, 29 de marzo de 2020, que regula el permiso retribuido recuperable para las personas trabajadoras de los servicios no esenciales.<\/p>\n\n\n\n<figure class=\"wp-block-image\"><a href=\"https:\/\/amecopress.net\/IMG\/jpg\/2-2.jpg\"><img decoding=\"async\" src=\"https:\/\/amecopress.net\/local\/cache-vignettes\/L750xH375\/2-2-f68c3.jpg\" alt=\"JPEG\"\/><\/a><\/figure>\n\n\n\n<p class=\"wp-block-paragraph\">Los derechos no reconocidos en el sector del empleo de hogar hasta el momento, como la prestaci\u00f3n por desempleo, la menor protecci\u00f3n frente al despido con el desistimiento o la no inclusi\u00f3n en la Ley de prevenci\u00f3n de riesgos laborales, se convierten, en estas circunstancias, en \u201cdecisiones criminales\u201d, que atentan contra las condiciones de vida de m\u00e1s de 600.000 personas en nuestro pa\u00eds, en su inmensa mayor\u00eda mujeres, que est\u00e1n cuidando a cientos de miles de familias en estos momentos en los que el cuidado de la vida se desvela como prioridad m\u00e1xima.<\/p>\n\n\n\n<figure class=\"wp-block-image\"><a href=\"https:\/\/amecopress.net\/IMG\/jpg\/3.jpg\"><img decoding=\"async\" src=\"https:\/\/amecopress.net\/local\/cache-vignettes\/L750xH375\/3-04bb3.jpg\" alt=\"JPEG\"\/><\/a><\/figure>\n\n\n\n<p class=\"wp-block-paragraph\">\u201cLlevamos a\u00f1os denunciando que la no equiparaci\u00f3n de derechos vulnera la legislaci\u00f3n espa\u00f1ola y comunitaria en materia de igualdad de trato y no discriminaci\u00f3n\u201d, exponen las trabajadoras. \u201cNo se puede anunciar la determinaci\u00f3n para la ratificaci\u00f3n del Convenio 189 y, en los momentos m\u00e1s cr\u00edticos, excluirnos de las medidas protectoras, reincidiendo en la vulneraci\u00f3n de derechos fundamentales\u201d.<\/p>\n\n\n\n<figure class=\"wp-block-image\"><a href=\"https:\/\/amecopress.net\/IMG\/jpg\/4.jpg\"><img decoding=\"async\" src=\"https:\/\/amecopress.net\/local\/cache-vignettes\/L750xH375\/4-12218.jpg\" alt=\"JPEG\"\/><\/a><\/figure>\n\n\n\n<p class=\"wp-block-paragraph\">Si es cierto el compromiso del Gobierno para no dejar a nadie atr\u00e1s, resulta imprescindible garantizar mayor protecci\u00f3n en derechos y en salud para todos los colectivos que se est\u00e1n haciendo cargo de los cuidados y que ser\u00e1n claves para superar esta crisis. \u201cExigimos que de manera urgente se activen las medidas necesarias para acabar con la discriminaci\u00f3n y exclusi\u00f3n injustificable del colectivo de trabajadoras de hogar y cuidados\u201d.<\/p>\n\n\n\n<p class=\"wp-block-paragraph\">La campa\u00f1a pretende difundir estas reivindicaciones del sector a trav\u00e9s de las redes sociales. En twitter, con hashtags como: #CuidaAQuienTeCuida, #DerechosParaLasQueCuidan o #30MDiaEmpleoHogar.<\/p>\n\n\n\n<figure class=\"wp-block-image\"><a href=\"https:\/\/amecopress.net\/IMG\/jpg\/5.jpg\"><img decoding=\"async\" src=\"https:\/\/amecopress.net\/local\/cache-vignettes\/L750xH375\/5-a8639.jpg\" alt=\"JPEG\"\/><\/a><\/figure>\n\n\n\n<p class=\"wp-block-paragraph\">Entre los mensajes que se quieren difundir, destaca la cr\u00edtica porque las trabajadoras de hogar y cuidados queden fuera de las medidas de protecci\u00f3n extraordinarias pero se consideren actividad esencial.<\/p>\n\n\n\n<p class=\"wp-block-paragraph\">Tambi\u00e9n se denuncia que muchas trabajadoras de hogar y cuidados est\u00e1n haciendo su trabajo sin equipos de protecci\u00f3n, exponi\u00e9ndose a su propio contagio y al de las personas que cuidan. \u201c\u00bfQui\u00e9n cuida a las que cuidan?\u201d, sintetizan.<\/p>\n\n\n\n<p class=\"wp-block-paragraph\">Otro de los mensajes de la campa\u00f1a resalta que los despidos en Empleo de Hogar no est\u00e1n protegidos, ni hay subsidio extraordinario ni hay derecho a la prestaci\u00f3n por desempleo.<\/p>\n\n\n\n<figure class=\"wp-block-image\"><a href=\"https:\/\/amecopress.net\/IMG\/jpg\/6.jpg\"><img decoding=\"async\" src=\"https:\/\/amecopress.net\/local\/cache-vignettes\/L750xH375\/6-6f1eb.jpg\" alt=\"JPEG\"\/><\/a><\/figure>\n\n\n\n<p class=\"wp-block-paragraph\">La situaci\u00f3n de las trabajadoras internas obligadas a no salir de sus lugares de trabajo para evitar el contagio y de las discriminaciones impuestas por la acci\u00f3n de una injusta ley de extranjer\u00eda, ser\u00e1n protagonistas de hilos y mensajes. Son 200.000 trabajadoras de hogar y cuidados sin contrato que limpian las casas y cuidan a las y los mayores, trabajadoras sin papeles cubriendo las necesidades de cuidados de la sociedad.<\/p>\n\n\n\n<p class=\"wp-block-paragraph\">\u201cAhora que el cuidado de la vida se desvela como prioridad nacional, \u00bfpor qu\u00e9 nos excluyen de las medidas de protecci\u00f3n a las trabajadoras de hogar y cuidados?\u201d, se preguntan las organizaciones que han impulsado la campa\u00f1a. \u201cUna de cada tres trabajadoras de hogar y cuidados trabaja sin contrato, el 96% somos mujeres, m\u00e1s de la mitad migradas (la mayor\u00eda en r\u00e9gimen interno), cubrimos con precariedad, bajos salarios y menos derechos, los cuidados no atendidos por un sistema p\u00fablico insuficiente e infradotado\u201d, recuerdan.<\/p>\n\n\n\n<figure class=\"wp-block-image\"><a href=\"https:\/\/amecopress.net\/IMG\/jpg\/cartel_campana_30m.jpg\"><img decoding=\"async\" src=\"https:\/\/amecopress.net\/local\/cache-vignettes\/L750xH750\/cartel_campana_30m-ba85a.jpg\" alt=\"JPEG\"\/><\/a><\/figure>\n\n\n\n<p class=\"wp-block-paragraph\">Muchos de los trabajos m\u00e1s precarios (cuidados, limpieza, alimentaci\u00f3n, transporte\u2026) se demuestran en esta crisis como esenciales e imprescindibles para la vida. Las trabajadoras del hogar proponen: Antes, ahora y siempre, pongamos la vida en el centro, pero no desde lo invisible, sino con derechos y desde lo colectivo.<\/p>\n","protected":false},"excerpt":{"rendered":"<p>Campa\u00f1a 30 de marzo 2020: D\u00eda Internacional de las Trabajadoras de Hogar y Cuidados en tiempos de #COVID19 <\/p>\n","protected":false},"author":3,"featured_media":18908,"comment_status":"open","ping_status":"open","sticky":false,"template":"","format":"standard","meta":{"_monsterinsights_skip_tracking":false,"footnotes":""},"categories":[691,53],"tags":[],"class_list":["post-18907","post","type-post","status-publish","format-standard","has-post-thumbnail","category-691","category-internacional"],"_links":{"self":[{"href":"https:\/\/redsemlac.com\/semmexico\/wp-json\/wp\/v2\/posts\/18907","targetHints":{"allow":["GET"]}}],"collection":[{"href":"https:\/\/redsemlac.com\/semmexico\/wp-json\/wp\/v2\/posts"}],"about":[{"href":"https:\/\/redsemlac.com\/semmexico\/wp-json\/wp\/v2\/types\/post"}],"author":[{"embeddable":true,"href":"https:\/\/redsemlac.com\/semmexico\/wp-json\/wp\/v2\/users\/3"}],"replies":[{"embeddable":true,"href":"https:\/\/redsemlac.com\/semmexico\/wp-json\/wp\/v2\/comments?post=18907"}],"version-history":[{"count":0,"href":"https:\/\/redsemlac.com\/semmexico\/wp-json\/wp\/v2\/posts\/18907\/revisions"}],"wp:featuredmedia":[{"embeddable":true,"href":"https:\/\/redsemlac.com\/semmexico\/wp-json\/wp\/v2\/media\/18908"}],"wp:attachment":[{"href":"https:\/\/redsemlac.com\/semmexico\/wp-json\/wp\/v2\/media?parent=18907"}],"wp:term":[{"taxonomy":"category","embeddable":true,"href":"https:\/\/redsemlac.com\/semmexico\/wp-json\/wp\/v2\/categories?post=18907"},{"taxonomy":"post_tag","embeddable":true,"href":"https:\/\/redsemlac.com\/semmexico\/wp-json\/wp\/v2\/tags?post=18907"}],"curies":[{"name":"wp","href":"https:\/\/api.w.org\/{rel}","templated":true}]}}