{"id":18904,"date":"2020-03-31T21:18:40","date_gmt":"2020-03-31T21:18:40","guid":{"rendered":"https:\/\/redsemlac.com\/semmexico\/?p=18904"},"modified":"2023-07-21T15:23:25","modified_gmt":"2023-07-21T20:23:25","slug":"el-gobierno-refuerza-los-recursos-para-las-victimas-de-violencia-de-genero-durante-el-confinamiento","status":"publish","type":"post","link":"https:\/\/redsemlac.com\/semmexico\/el-gobierno-refuerza-los-recursos-para-las-victimas-de-violencia-de-genero-durante-el-confinamiento\/","title":{"rendered":"El gobierno refuerza los recursos para las v\u00edctimas de violencia de g\u00e9nero durante el confinamiento"},"content":{"rendered":"\n<p class=\"wp-block-paragraph\"><strong>Por Redacci\u00f3n AmecoPress<\/strong><\/p>\n\n\n\n<p class=\"wp-block-paragraph\">SemM\u00e9xico\/ AmecoPress . Madrid, 31 mar. 2020. El Consejo de Ministros y Ministras ha aprobado este martes una serie de medidas extraordinarias y urgentes en materia de protecci\u00f3n y asistencia a las v\u00edctimas de violencia machista durante la vigencia del estado de alarma por coronavirus. \u201cSe refuerzan todos los recursos\u201d, ha dicho la ministra de Hacienda y portavoz del Gobierno, Mar\u00eda Jes\u00fas Montero, en rueda de prensa en la que han explicado las medidas adoptadas. Mediante un Real Decreto Ley (RDL) el Gobierno protege a un colectivo especialmente vulnerable en situaciones de aislamiento domiciliario, por verse forzadas a convivir con su agresor, lo que las sit\u00faa en una situaci\u00f3n de mayor riesgo.<\/p>\n\n\n\n<p class=\"wp-block-paragraph\">Entre las medidas se incluye garantizar una alternativa habitacional segura para las v\u00edctimas que tienen que huir de sus domicilios y para las v\u00edctimas de trata con fines de explotaci\u00f3n sexual. Para ello, cuando los centros de acogida est\u00e9n llenos, se podr\u00e1 disponer del alojamiento tur\u00edstico para las mujeres que tengan que abandonar su hogar por cualquier tipo de violencia machista.<\/p>\n\n\n\n<p class=\"wp-block-paragraph\">El decreto considera como servicios esenciales y, por tanto, plenamente operativos durante la cuarentena por el Covid-19, todos aquellos relacionados con los centros de emergencia de acogida, los pisos tutelados para v\u00edctimas de violencia de g\u00e9nero, explotaci\u00f3n sexual o trata con fines de explotaci\u00f3n sexual. Los centros de acogida, adem\u00e1s, deber\u00e1n estar equipados con Equipos de Protecci\u00f3n Individual (EPIs) para evitar el contagio de coronavirus. As\u00ed lo ha recogido la delegaci\u00f3n del Gobierno contra la violencia machista en su cuenta de twitter:\u00a0<\/p>\n\n\n\n<p class=\"wp-block-paragraph\">\u201cAdem\u00e1s, garantizaremos que las conocidas como pulseras o mecanismos de seguimiento telem\u00e1tico de los agresores sigan funcionando con normalidad durante el estado de alarma durante la crisis de Covid-19\u201d, ha explicado el Ministerio. Adem\u00e1s, seg\u00fan ha anunciado el vicepresidente Pablo Iglesias durante la rueda de prensa, el Gobierno ha habilitado un mecanismo para que los ayuntamientos y las CCAA puedan impulsar la ejecuci\u00f3n de los fondos del Pacto de Estado contra la violencia de g\u00e9nero para poner en marcha medidas espec\u00edficas para esta crisis.<\/p>\n\n\n\n<p class=\"wp-block-paragraph\"><strong>Encerradas con los maltratadores<\/strong><\/p>\n\n\n\n<p class=\"wp-block-paragraph\">El director adjunto operativo de la Polic\u00eda Nacional, el comisario Jos\u00e9 \u00c1ngel Gonz\u00e1lez, declar\u00f3 ayer lunes en la rueda de prensa en la que se informa sobre la evoluci\u00f3n de la pandemia, que este tipo de agresiones machistas \u201cse han reducido un 40% desde que se pusieron en marcha las medidas de confinamiento\u201d, sin precisar si este dato corresponde al n\u00famero de denuncias y sin contextualizar la afirmaci\u00f3n. Es la segunda vez en menos de una semana que el Ministerio de Interior minimiza p\u00fablicamente el especial riesgo que afrontan las mujeres v\u00edctimas de violencia de g\u00e9nero en este per\u00edodo de cuarentena forzosa. Pero datos y expertas explican una tendencia contraria.<\/p>\n\n\n\n<p class=\"wp-block-paragraph\">En estos d\u00edas de confinamiento las mujeres que son v\u00edctimas de violencia de g\u00e9nero se ven obligadas a pasar a\u00fan m\u00e1s tiempo con sus agresores. En los pa\u00edses, como China, donde llevan m\u00e1s tiempo luchando contra esta pandemia, se ha identificado un repunte de estas agresiones. En Espa\u00f1a, desde que comenzaron las medidas destinadas a aislar el virus, el Ministerio de Igualdad ha puesto en marcha recursos e iniciativas orientadas a que las v\u00edctimas de violencia de g\u00e9nero conozcan y puedan acceder a todos los recursos disponibles y a implicar a la ciudadan\u00eda.<\/p>\n\n\n\n<p class=\"wp-block-paragraph\">En una informaci\u00f3n de AmecoPress, recog\u00edamos las declaraciones de Mar\u00eda \u00c1ngeles de Pablo, presidenta de la Asociaci\u00f3n de Mujeres Juristas Themis: \u201cDesde luego la intensificaci\u00f3n de las violencias en este \u00e1mbito es notable. Aumenta la dificultad de las mujeres para pedir ayuda, para simplemente llamar en una situaci\u00f3n de convivencia marcada por la violencia. Se complica la salida de esta situaci\u00f3n y la posibilidad de auxiliar. Pero es cierto que sigue activo un n\u00famero como el 016, siguen en funciones de guardia los juzgados de violencia para resolver y adoptar medidas de protecci\u00f3n. La Polic\u00eda ha advertido de que se puede dar una reduplicaci\u00f3n de cierto tipo de delitos afectados por esta situaci\u00f3n de aislamiento y este es uno de ellos. Los datos que tenemos en otros pa\u00edses que han pasado por el r\u00e9gimen de confinamiento, como en Italia, es que las denuncias han bajado. Y que las denuncias bajen no es porque haya habido menos violencia sino porque las v\u00edctimas en esta situaci\u00f3n de alarma perciben menos posibilidad de ayuda, menos posibilidad de salir de esa situaci\u00f3n\u201d. Jaime de Pablo a\u00f1ad\u00eda: \u201cme preocupa adem\u00e1s esa sensaci\u00f3n que pueden tener las mujeres confinadas en sus hogares de desprotecci\u00f3n, desamparo y habr\u00eda que tratar de neutralizarlo\u201d.<\/p>\n\n\n\n<p class=\"wp-block-paragraph\">Por su parte, desde la Comisi\u00f3n para la Investigaci\u00f3n de los Malos Tratos, su presidenta Susana Mart\u00ednez Novo se\u00f1alaba que \u201ces conveniente que se garantice en estos momentos una buena coordinaci\u00f3n entre Fuerzas y Cuerpos de Seguridad del Estado, Juzgados, Puntos de Atenci\u00f3n de Violencia de G\u00e9nero y ONGs para garantizar una correcta informaci\u00f3n y derivaci\u00f3n de las v\u00edctimas\u201d. El trabajo de la Comisi\u00f3n ha tenido que adaptarse al estado de alarma que vivimos. Su tel\u00e9fono de atenci\u00f3n es el 900 100 009 y su horario actual es de 9 a 17.<\/p>\n\n\n\n<p class=\"wp-block-paragraph\">El Ministerio de Igualdad ya anunci\u00f3 un plan de contingencia contra un posible incremento de la violencia de g\u00e9nero, pues los datos demuestran que en momentos de confinamiento se produce un repunte de la violencia machista y un decrecimiento de las denuncias debido a la dificultad que tienen para realizarlas. Este plan ha sido acompa\u00f1ado de una gu\u00eda de recursos clave para la asistencia y protecci\u00f3n de estas v\u00edctimas y de una campa\u00f1a en redes sociales y diversos espacios p\u00fablicos y privados para concienciar a las v\u00edctimas y a la sociedad de la necesidad de denunciar este tipo de violencia. \u00abEstamos contigo. La violencia de g\u00e9nero la paramos unidas\u00bb es el lema de la campa\u00f1a lanzada por el Ministerio de Igualdad contra la violencia machista para informar a las v\u00edctimas de los recursos activos durante el estado de alarma y concienciar a la sociedad de que debe implicarse en la protecci\u00f3n de estas mujeres.<\/p>\n","protected":false},"excerpt":{"rendered":"<p>Entre las medidas se incluye garantizar una alternativa habitacional segura para las v\u00edctimas que tienen que huir de sus domicilios y para las v\u00edctimas de trata con fines de explotaci\u00f3n sexual. <\/p>\n","protected":false},"author":3,"featured_media":18905,"comment_status":"open","ping_status":"open","sticky":false,"template":"","format":"standard","meta":{"_monsterinsights_skip_tracking":false,"footnotes":""},"categories":[691,53],"tags":[],"class_list":["post-18904","post","type-post","status-publish","format-standard","has-post-thumbnail","category-691","category-internacional"],"_links":{"self":[{"href":"https:\/\/redsemlac.com\/semmexico\/wp-json\/wp\/v2\/posts\/18904","targetHints":{"allow":["GET"]}}],"collection":[{"href":"https:\/\/redsemlac.com\/semmexico\/wp-json\/wp\/v2\/posts"}],"about":[{"href":"https:\/\/redsemlac.com\/semmexico\/wp-json\/wp\/v2\/types\/post"}],"author":[{"embeddable":true,"href":"https:\/\/redsemlac.com\/semmexico\/wp-json\/wp\/v2\/users\/3"}],"replies":[{"embeddable":true,"href":"https:\/\/redsemlac.com\/semmexico\/wp-json\/wp\/v2\/comments?post=18904"}],"version-history":[{"count":0,"href":"https:\/\/redsemlac.com\/semmexico\/wp-json\/wp\/v2\/posts\/18904\/revisions"}],"wp:featuredmedia":[{"embeddable":true,"href":"https:\/\/redsemlac.com\/semmexico\/wp-json\/wp\/v2\/media\/18905"}],"wp:attachment":[{"href":"https:\/\/redsemlac.com\/semmexico\/wp-json\/wp\/v2\/media?parent=18904"}],"wp:term":[{"taxonomy":"category","embeddable":true,"href":"https:\/\/redsemlac.com\/semmexico\/wp-json\/wp\/v2\/categories?post=18904"},{"taxonomy":"post_tag","embeddable":true,"href":"https:\/\/redsemlac.com\/semmexico\/wp-json\/wp\/v2\/tags?post=18904"}],"curies":[{"name":"wp","href":"https:\/\/api.w.org\/{rel}","templated":true}]}}