{"id":18891,"date":"2020-03-30T14:36:00","date_gmt":"2020-03-30T14:36:00","guid":{"rendered":"https:\/\/redsemlac.com\/semmexico\/?p=18891"},"modified":"2023-07-21T15:23:26","modified_gmt":"2023-07-21T20:23:26","slug":"anuncia-gobierno-mexicano-nuevas-medidas-para-reducir-el-covid-19","status":"publish","type":"post","link":"https:\/\/redsemlac.com\/semmexico\/anuncia-gobierno-mexicano-nuevas-medidas-para-reducir-el-covid-19\/","title":{"rendered":"Anuncia gobierno mexicano nuevas medidas para reducir el Covid 19"},"content":{"rendered":"\n<ul class=\"wp-block-list\"><li><strong>Reitera Salud: #QuedateEnCasa<\/strong><\/li><li><strong>A menores contagios menor el impacto financiero: Ebrard<\/strong><\/li><\/ul>\n\n\n\n<p class=\"wp-block-paragraph\"><strong>Lorena Vaniezcot<\/strong><br> SemM\u00e9xico, Cd. de M\u00e9xico, 30 de marzo, 2020.- La noche de este lunes la Secretar\u00eda de Salud anunci\u00f3 siete nuevas medidas para reducir el contagio de Covid 19 entre la poblaci\u00f3n e insistieron en el llamado que han hecho desde hace varios d\u00edas #QuedateEnCasa que se prolonga hasta el 30 de abril.<\/p>\n\n\n\n<p class=\"wp-block-paragraph\">En conferencia de prensa el subsecretario de Salud, Hugo L\u00f3pez Gatell, enumer\u00f3 las medidas:<\/p>\n\n\n\n<ol class=\"wp-block-list\"><li>Se ordena suspensi\u00f3n inmediata hasta el 30 de abril de actividades no sustanciales (se mantienen sector salud, seguridad p\u00fablica, y actividades esenciales para funcionamiento de la econom\u00eda y de gobierno <\/li><li>No se puede realizar congregaci\u00f3n de m\u00e1s de 50 personas (reducen de 100)<\/li><li>Resguardo hasta el 30 de abril <\/li><li>Resguardo se reducen a mayores de 60 a\u00f1os, as\u00ed como poblaci\u00f3n vulnerable <\/li><li>A partir del 30 de abril, las autoridades deber\u00e1n dictar el regreso paulatino a actividades <\/li><li>Se suspende censos y encuestas.<\/li><\/ol>\n\n\n\n<p class=\"wp-block-paragraph\">Tambi\u00e9n se inform\u00f3 que en M\u00e9xico hay hasta este d\u00eda 28 decesos, mil 94 personas confirmadas con coronavirus (Covid 19) y dos mil 752 casos sospechosos.<\/p>\n\n\n\n<p class=\"wp-block-paragraph\">Recalc\u00f3 que la medida m\u00e1s importante es Quedarse en Casa para evitar ser contagiados y contagiar a otras personas.<\/p>\n\n\n\n<p class=\"wp-block-paragraph\">Acompa\u00f1ado de los Secretarios de Marina, la Defensa Nacional, Gobernaci\u00f3n y Relaciones Exteriores, se\u00f1al\u00f3 que se extiende hasta el 30 de abril el confinamiento y despu\u00e9s de esa fecha el regreso ser\u00e1 paulatino.<\/p>\n\n\n\n<p class=\"wp-block-paragraph\">Por su parte, el secretario de Relaciones Exteriores, Marcelo Ebrard, fue enf\u00e1tico al se\u00f1alar que esta medida sanitaria reducir\u00e1 el n\u00famero de contagios pero tambi\u00e9n el impacto financiero para la poblaci\u00f3n mexicana, porque de lo contrario (si no permanecemos en casa) el resultado ser\u00e1 peor y m\u00e1s prolongado.<\/p>\n\n\n\n<p class=\"wp-block-paragraph\">Tambi\u00e9n descartaron que se aplique en un momento determinado el \u201ctoque de queda\u201d y previeron que podr\u00eda haber sanciones para quienes no acaten las medidas, en espec\u00edfico para la iniciativa privada.<\/p>\n\n\n\n<p class=\"wp-block-paragraph\">SEM\/lv\/sj<\/p>\n","protected":false},"excerpt":{"rendered":"<p>Reitera Salud: #QuedateEnCasa<\/p>\n","protected":false},"author":3,"featured_media":18892,"comment_status":"open","ping_status":"open","sticky":false,"template":"","format":"standard","meta":{"_monsterinsights_skip_tracking":false,"footnotes":""},"categories":[691,135],"tags":[],"class_list":["post-18891","post","type-post","status-publish","format-standard","has-post-thumbnail","category-691","category-emergencia-sanitaria-covid-19"],"_links":{"self":[{"href":"https:\/\/redsemlac.com\/semmexico\/wp-json\/wp\/v2\/posts\/18891","targetHints":{"allow":["GET"]}}],"collection":[{"href":"https:\/\/redsemlac.com\/semmexico\/wp-json\/wp\/v2\/posts"}],"about":[{"href":"https:\/\/redsemlac.com\/semmexico\/wp-json\/wp\/v2\/types\/post"}],"author":[{"embeddable":true,"href":"https:\/\/redsemlac.com\/semmexico\/wp-json\/wp\/v2\/users\/3"}],"replies":[{"embeddable":true,"href":"https:\/\/redsemlac.com\/semmexico\/wp-json\/wp\/v2\/comments?post=18891"}],"version-history":[{"count":0,"href":"https:\/\/redsemlac.com\/semmexico\/wp-json\/wp\/v2\/posts\/18891\/revisions"}],"wp:featuredmedia":[{"embeddable":true,"href":"https:\/\/redsemlac.com\/semmexico\/wp-json\/wp\/v2\/media\/18892"}],"wp:attachment":[{"href":"https:\/\/redsemlac.com\/semmexico\/wp-json\/wp\/v2\/media?parent=18891"}],"wp:term":[{"taxonomy":"category","embeddable":true,"href":"https:\/\/redsemlac.com\/semmexico\/wp-json\/wp\/v2\/categories?post=18891"},{"taxonomy":"post_tag","embeddable":true,"href":"https:\/\/redsemlac.com\/semmexico\/wp-json\/wp\/v2\/tags?post=18891"}],"curies":[{"name":"wp","href":"https:\/\/api.w.org\/{rel}","templated":true}]}}