{"id":18875,"date":"2020-03-30T23:06:02","date_gmt":"2020-03-30T23:06:02","guid":{"rendered":"https:\/\/redsemlac.com\/semmexico\/?p=18875"},"modified":"2023-07-21T15:23:25","modified_gmt":"2023-07-21T20:23:25","slug":"covid-19-riesgo-social-economico-y-de-salud-para-las-trabajadoras-del-hogar","status":"publish","type":"post","link":"https:\/\/redsemlac.com\/semmexico\/covid-19-riesgo-social-economico-y-de-salud-para-las-trabajadoras-del-hogar\/","title":{"rendered":"Covid 19, riesgo social, econ\u00f3mico y de salud para las trabajadoras del hogar"},"content":{"rendered":"\n<p class=\"wp-block-paragraph\"><strong>* 1 de cada 3 trabajadoras del hogar\nes jefa de familia<\/strong><\/p>\n\n\n\n<p class=\"wp-block-paragraph\"><strong>* Llamado de la sociedad civil: #CuidaAQuienTeCuida\ny #ContagiemosSolidaridad.<\/strong><\/p>\n\n\n\n<p class=\"wp-block-paragraph\"><strong>Lorena Vaniezcot<\/strong><\/p>\n\n\n\n<p class=\"wp-block-paragraph\">SemM\u00e9xico,\nCd. de M\u00e9xico, 30 de marzo 2020.- Despidos injustificados o recortes en sus\ningresos por las medidas de distanciamiento social y hasta riesgos a su salud\npara quienes no pueden dejar su trabajo, por la emergencia sanitaria por Covid\n19 enfrentan de manera cr\u00edtica las personas trabajadoras del hogar, se\u00f1alan\norganizaciones que llaman a promover los derechos sus derechos:\n#CuidaAQuienTeCuida y #CotagiemosSolidaridad.<\/p>\n\n\n\n<p class=\"wp-block-paragraph\">En\nun comunicado firmado por diversas organizaciones a prop\u00f3sito del D\u00eda\nInternacional de las Trabajadoras del Hogar se\u00f1alan: \u201cUna de cada tres personas\ntrabajadoras del hogar es jefa de familia, por lo que la p\u00e9rdida o reducci\u00f3n de\nsus ingresos \u2013por despidos o \u201cdescansos\u201d sin apoyo econ\u00f3mico- las coloca a\nellas y a sus familias en situaci\u00f3n de riesgo que condiciona su seguridad\npatrimonial y alimentaria\u201d.<\/p>\n\n\n\n<p class=\"wp-block-paragraph\">La\nfalta de protecci\u00f3n social, la situaci\u00f3n de pobreza moderada o extrema del 50.7\npor ciento de los hogares de las trabajadoras del hogar y la situaci\u00f3n de\ninformalidad en la que laboran -99 % no tienen contrato escrito y 97 % no\ncuentan con seguridad social- las convierte en uno de los grupos en situaci\u00f3n\nde mayor vulnerabilidad frente a la pandemia.<\/p>\n\n\n\n<p class=\"wp-block-paragraph\">El\ncomunicado firmado por el Sindicato Nacional de Trabajadoras y Trabajadores del\nHogar, el Centro de Apoyo y Capacitaci\u00f3n para Empleadas del Hogar; el Fondo Semillas;\nel Instituto de Liderazgo Simone de Beauvoir, Nosotrxs, Hogar justo hogar y Mujeres en Empleo\nInformal: Globalizando y Organizando, llaman al Estado mexicano y a la sociedad\nen su conjunto para actuar de forma solidaria con medidas para mitigar la\ncrisis que afecta a quienes menos tienen.<\/p>\n\n\n\n<p class=\"wp-block-paragraph\">Exhortan\ntambi\u00e9n a las y los empleadores de personas trabajadoras del hogar a pagar de\nforma \u00edntegra su salario durante la cuarentena, pese a que \u00e9stas no est\u00e9n\nlaborando, inscribirlas al Programa Piloto del IMSS para garantizar su acceso a\nla seguridad social y en caso de que contin\u00faen trabajando asegurar las medidas\nde seguridad e higiene recomendadas por las autoridades sanitarias del pa\u00eds.<\/p>\n\n\n\n<p class=\"wp-block-paragraph\">Exhortan\na las y los empleadores de personas mayores de 65 a\u00f1os, con enfermedades o\npadecimientos cr\u00f3nicos y mujeres embarazadas o en periodo de lactancia,\ngaranticen las medidas de aislamiento correspondientes por decreto federal.<\/p>\n\n\n\n<p class=\"wp-block-paragraph\">Tambi\u00e9n\nexhortan a los gobiernos federal y estatales a destinar recursos a las personas\ntrabajadoras del hogar que perdieron sus trabajos y se encuentran debajo de la\nl\u00ednea de pobreza. As\u00ed como impulsar medidas y protocolos orientados a reducir\nla vulneraci\u00f3n de derechos de \u00e9stas frente a la pandemia.<\/p>\n\n\n\n<p class=\"wp-block-paragraph\">Y,\nfinalmente, solicitan a la ciudadan\u00eda que con el hashtag #CuidaAQuienTeCuida y\n#CotagiemosSolidaridad, en redes sociales promueva los derechos de las personas\ntrabajadoras frente a esta crisis, sensibilice sobre \u00e9stos a las y los\nempleadores con los cuales tienen contacto y los canalice a las organizaciones\no instituciones que brindan asesor\u00eda en esta materia.<\/p>\n\n\n\n<p class=\"wp-block-paragraph\">SEM\/lv\/sj<\/p>\n","protected":false},"excerpt":{"rendered":"<p>1 de cada 3 trabajadoras del hogar es jefa de familia<\/p>\n","protected":false},"author":3,"featured_media":18876,"comment_status":"open","ping_status":"open","sticky":false,"template":"","format":"standard","meta":{"_monsterinsights_skip_tracking":false,"footnotes":""},"categories":[691,54],"tags":[],"class_list":["post-18875","post","type-post","status-publish","format-standard","has-post-thumbnail","category-691","category-mujeres"],"_links":{"self":[{"href":"https:\/\/redsemlac.com\/semmexico\/wp-json\/wp\/v2\/posts\/18875","targetHints":{"allow":["GET"]}}],"collection":[{"href":"https:\/\/redsemlac.com\/semmexico\/wp-json\/wp\/v2\/posts"}],"about":[{"href":"https:\/\/redsemlac.com\/semmexico\/wp-json\/wp\/v2\/types\/post"}],"author":[{"embeddable":true,"href":"https:\/\/redsemlac.com\/semmexico\/wp-json\/wp\/v2\/users\/3"}],"replies":[{"embeddable":true,"href":"https:\/\/redsemlac.com\/semmexico\/wp-json\/wp\/v2\/comments?post=18875"}],"version-history":[{"count":0,"href":"https:\/\/redsemlac.com\/semmexico\/wp-json\/wp\/v2\/posts\/18875\/revisions"}],"wp:featuredmedia":[{"embeddable":true,"href":"https:\/\/redsemlac.com\/semmexico\/wp-json\/wp\/v2\/media\/18876"}],"wp:attachment":[{"href":"https:\/\/redsemlac.com\/semmexico\/wp-json\/wp\/v2\/media?parent=18875"}],"wp:term":[{"taxonomy":"category","embeddable":true,"href":"https:\/\/redsemlac.com\/semmexico\/wp-json\/wp\/v2\/categories?post=18875"},{"taxonomy":"post_tag","embeddable":true,"href":"https:\/\/redsemlac.com\/semmexico\/wp-json\/wp\/v2\/tags?post=18875"}],"curies":[{"name":"wp","href":"https:\/\/api.w.org\/{rel}","templated":true}]}}