{"id":18865,"date":"2020-03-30T21:58:31","date_gmt":"2020-03-30T21:58:31","guid":{"rendered":"https:\/\/redsemlac.com\/semmexico\/?p=18865"},"modified":"2023-07-21T15:23:25","modified_gmt":"2023-07-21T20:23:25","slug":"opinion-416","status":"publish","type":"post","link":"https:\/\/redsemlac.com\/semmexico\/opinion-416\/","title":{"rendered":"Mujeres y Pol\u00edtica"},"content":{"rendered":"\n<h2 class=\"wp-block-heading\">La discriminaci\u00f3n visible frente a las invisibles\u00a0\u00a0 <\/h2>\n\n\n\n<p class=\"wp-block-paragraph\"><strong>* D\u00eda Internacional de las\ntrabajadoras del hogar<\/strong><\/p>\n\n\n\n<p class=\"wp-block-paragraph\"><strong>Soledad Jarqu\u00edn Edgar<\/strong><\/p>\n\n\n\n<p class=\"wp-block-paragraph\">SemM\u00e9xico,\nCd. de M\u00e9xico, 30 de marzo, 2020.- Hoy, D\u00eda Internacional de las Trabajadoras\ndel Hogar, vale la pena reflexionar: el avance legislativo de diciembre pasado\nsobre la ratificaci\u00f3n del Convenio 189 de la OIT, que les reconoce como\ntrabajadoras con derechos, sigue distante a la persistente discriminaci\u00f3n hacia\nlas mujeres que ejercen este trabajo, como la desvalorizaci\u00f3n que sobre ellas\nsubyace en los hechos.<\/p>\n\n\n\n<p class=\"wp-block-paragraph\">Y es\nque hoy, en tiempos del Covid 19, las trabajadoras del hogar se enfrentan al\ndespido injustificado, reducci\u00f3n de ingresos, a m\u00e1s trabajo por la presencia\nnumerosa de toda la familia en los hogares por la medida de confinamiento y por\nsupuesto al contagio. No hay forma de solucionarlo. En Espa\u00f1a, por ejemplo, se\npropuso otorgar ayudas econ\u00f3micas a las trabajadoras inscritas en la seguridad\nsocial. En Espa\u00f1a como en M\u00e9xico, el n\u00famero de empleadas adscritas a la\nseguridad social son las menos.<\/p>\n\n\n\n<p class=\"wp-block-paragraph\">Covid\n19 muestra una parte de la realidad que persiste y que se suma a la persistente\ndiscriminaci\u00f3n y explotaci\u00f3n laboral. Aqu\u00ed mostramos algunos datos para\ndemostrarlo. Pero quien pone el dedo en el rengl\u00f3n es sin duda AJ+Espa\u00f1ol, en\nun documento videogr\u00e1fico de un trabajo realizado por la organizaci\u00f3n Parvada\nEstrategias Comunitarias, que en lo particular pienso es de lo mejor que he\nvisto.<\/p>\n\n\n\n<p class=\"wp-block-paragraph\">En\nM\u00e9xico, 2.3 millones de personas \u2013equivalente a la poblaci\u00f3n total de Tabasco-\nse dedican al trabajo del hogar y nueve de cada 10 son mujeres (INEGI 2018),\nas\u00ed lo se\u00f1ala la ficha tem\u00e1tica producida por Conapred.<\/p>\n\n\n\n<p class=\"wp-block-paragraph\">El\ntrabajo del hogar no se considera como una ocupaci\u00f3n real, sino como\nactividades \u201cnormales\u201d o \u201cnaturales\u201d de las mujeres, convirtiendo a las\ntrabajadoras en un \u201csector particularmente invisible y estigmatizado\u201d. Cierto,\nun trabajo desvalorado hecho invariablemente en la mayor\u00eda de las veces por las\nmujeres de todas las edades, sin paga y por tanto sin prestigio.<\/p>\n\n\n\n<p class=\"wp-block-paragraph\">Un\nparteaguas importante, que a\u00fan no es definitivo porque no ha aterrizado en la\nvida de las trabajadoras, fue la aprobaci\u00f3n, con cero votos en contra y cero\nabstenciones, de la ratificaci\u00f3n del Convenio 189 de la Organizaci\u00f3n\nInternacional del Trabajo, que reconoce a las trabajadoras que laboran en casa\ncomo sujetas de derechos laborales, \u201celiminando\u201d las condiciones\ndiscriminatorias y \u201cprotegiendo\u201d todas las formas de abuso, acoso y violencia. <\/p>\n\n\n\n<p class=\"wp-block-paragraph\">Eso\ndice la teor\u00eda legislativa, la ley. La pr\u00e1ctica sigue distante de la realidad,\ntodav\u00eda no cuaja, porque hemos perpetuada la idea de desvalorizar el trabajo\nremunerado en casa. Hay excepciones que hacen la regla, como una querida amiga\nque ha jubilado \u2013con todas las de la ley- a su empleada tras m\u00e1s de 30 a\u00f1os de\nrelaci\u00f3n laboral. \u00bfPero cu\u00e1ntas m\u00e1s? No veo a las y los empleadores de las\ntrabajadoras de la casa asegurando a sus empleadas, en diciembre les hacen ojo\nde hormiga el aguinaldo y de vacaciones s\u00ed, pero sin paga. \u00bfO me equivoco?\nEstoy hablando de la mayor\u00eda.<\/p>\n\n\n\n<p class=\"wp-block-paragraph\">Pero\nel detalle de la explotaci\u00f3n y la discriminaci\u00f3n est\u00e1 en las peque\u00f1as cosas,\ncomo lo vemos en el trabajo de AJ+Espa\u00f1ol y de Parvada Estrategias\nComunitarias, que explico m\u00e1s adelante, pero que puede ver en<\/p>\n\n\n\n<figure class=\"wp-block-embed-twitter wp-block-embed is-type-rich is-provider-twitter\"><div class=\"wp-block-embed__wrapper\">\n<blockquote class=\"twitter-tweet\" data-width=\"550\" data-dnt=\"true\"><p lang=\"es\" dir=\"ltr\">Hoy es D\u00eda Internacional de las Trabajadoras del Hogar, pero no hay nada que celebrar:<br><br>Una investigaci\u00f3n encubierta de la organizaci\u00f3n <a href=\"https:\/\/twitter.com\/ParvadaMx?ref_src=twsrc%5Etfw\">@ParvadaMx<\/a> revela que muchas familias mexicanas est\u00e1n m\u00e1s que dispuestas a esclavizar a sus trabajadoras.<a href=\"https:\/\/t.co\/sibQL3gVLC\">pic.twitter.com\/sibQL3gVLC<\/a><\/p>&mdash; AJ+Espa\u00f1ol (@ajplusespanol) <a href=\"https:\/\/twitter.com\/ajplusespanol\/status\/1244708473289531392?ref_src=twsrc%5Etfw\">March 30, 2020<\/a><\/blockquote><script async src=\"https:\/\/platform.twitter.com\/widgets.js\" charset=\"utf-8\"><\/script>\n<\/div><\/figure>\n\n\n\n<p class=\"wp-block-paragraph\">Las empleadas del hogar, que conmemoran hoy en el \u00e1mbito internacional su d\u00eda, han existido a lo largo de la historia humana y ha estado condicionada por diversos factores, pero hay dos que han persistido de mayor a menor medida, pero ah\u00ed est\u00e1n: el color de la piel y la pertenencia a una etnia.<\/p>\n\n\n\n<p class=\"wp-block-paragraph\">Lo\notro es que las cargas de trabajo excesivas persisten, como los horarios que\nrebasan lo que establece la ley y, en el peor de los casos, siguen los abusos\nde tipo sexual y la violaci\u00f3n sexual contra muchas trabajadoras, muchas de\nellas adolescentes, pero tambi\u00e9n las j\u00f3venes y las m\u00e1s maduras.&nbsp; <\/p>\n\n\n\n<p class=\"wp-block-paragraph\">M\u00e9xico,\nhay que decirlo, ratific\u00f3 el Convenio 189 de la Organizaci\u00f3n Internacional del\nTrabajo, una parada del tren de los avances legislativos que llega nada m\u00e1s y\nnada menos que con ocho a\u00f1os de retraso, si consideramos que \u00e9ste fue adoptado\nen Ginebra en junio de 2011. Adem\u00e1s, M\u00e9xico ratific\u00f3 el convenio despu\u00e9s de Argentina, Bolivia, Chile, Colombia, Costa Rica, Rep\u00fablica\nDominicana, Ecuador, Guyana, Jamaica, Nicaragua, Panam\u00e1, Paraguay, Uruguay y\nBrasil. <\/p>\n\n\n\n<p class=\"wp-block-paragraph\"><strong>AJ+Espa\u00f1ol y Parvada\nEstrategias<\/strong><\/p>\n\n\n\n<p class=\"wp-block-paragraph\">En\nM\u00e9xico, con todo y la ratificaci\u00f3n de la OIT, AJ+Espa\u00f1ol -@ajplusespanol-\npublica en twitter el resultado de una investigaci\u00f3n encubierta realizada por\nla organizaci\u00f3n Parvada Estrategias Comunitarias @ParvadaMx \u201cque revela que\nmuchas familias mexicanas est\u00e1n m\u00e1s dispuestas a esclavizar a sus\ntrabajadoras\u201d.<\/p>\n\n\n\n<p class=\"wp-block-paragraph\">El\ntrabajo presentado de forma animada no tiene desperdicio alguno. Haci\u00e9ndose\npasar por una agencia de servicios de limpieza a muy bajo costo denominada \u201cLa\nAlegr\u00eda del Hogar\u201d, Ana Farias explica que se dieron cuenta c\u00f3mo la explotaci\u00f3n\n\u201cpasaba a nuestro alrededor\u201d y decidieron documentarla.<\/p>\n\n\n\n<p class=\"wp-block-paragraph\">As\u00ed\nencontraron lo que buscaban. Las personas que llamaron ped\u00edan \u201cpersonal de\nplanta\u201d que trabajaran de lunes a domingo, que cocinaran, plancharan por 150\npesos y que fueran \u201cpersonal de confianza\u2026100 % responsable y honrada\u201d. <\/p>\n\n\n\n<p class=\"wp-block-paragraph\">Esos\nson los peque\u00f1os detalles de la persistente discriminaci\u00f3n.<\/p>\n\n\n\n<p class=\"wp-block-paragraph\">Adem\u00e1s,\ndice Ana Far\u00edas, explicaban a las personas que \u201clas empleadas estaban\nmonitoreadas en el lugar d\u00f3nde viven\u201d. Lo que no alarm\u00f3 a las posibles personas\nque buscaban contratarlas. Ni tampoco se inmutaban por contratar a menores de\n16 a\u00f1os para cuidar a otros ni\u00f1os y ni\u00f1as.<\/p>\n\n\n\n<p class=\"wp-block-paragraph\"><strong>Protestas desde el balc\u00f3n<\/strong><\/p>\n\n\n\n<p class=\"wp-block-paragraph\">En\nlos d\u00edas que vivimos, marcados por la pandemia del Covid 19, la condici\u00f3n de\nlas trabajadoras se ha puesto de nueva cuenta en la lista de las desigualdades,\ntanto en M\u00e9xico como en pa\u00edses de Europa, como Espa\u00f1a, y de Am\u00e9rica Latina.<\/p>\n\n\n\n<p class=\"wp-block-paragraph\">Hoy\nno hay manifestaciones multitudinarias en las calles, pero las plataformas\ndigitales dan cuenta de ciertas protestas. Desde los balcones, mujeres\norganizadas de Madrid, por ejemplo, @FemiFep muestran carteles exigiendo que se\nratifique el Convenio 189 de la OIT para el reconocimiento de plenos derechos\npara las trabajadoras del hogar y los cuidados. <\/p>\n\n\n\n<p class=\"wp-block-paragraph\">\u201c\u2026Cuando\ndesparezca la \u00faltima criada, el colchoncito en que ahora reposa nuestra\nconformidad, aparecer\u00e1 la primera rebelde furibunda\u201d, escribi\u00f3 Rosario\nCastellanos, adelantada siempre. <\/p>\n","protected":false},"excerpt":{"rendered":"<p>La discriminaci\u00f3n visible frente a las invisibles  <\/p>\n","protected":false},"author":3,"featured_media":8460,"comment_status":"open","ping_status":"open","sticky":false,"template":"","format":"standard","meta":{"_monsterinsights_skip_tracking":false,"footnotes":""},"categories":[691,96,75],"tags":[],"class_list":["post-18865","post","type-post","status-publish","format-standard","has-post-thumbnail","category-691","category-mujeres-y-politica","category-soledad-jarquin-edgar"],"_links":{"self":[{"href":"https:\/\/redsemlac.com\/semmexico\/wp-json\/wp\/v2\/posts\/18865","targetHints":{"allow":["GET"]}}],"collection":[{"href":"https:\/\/redsemlac.com\/semmexico\/wp-json\/wp\/v2\/posts"}],"about":[{"href":"https:\/\/redsemlac.com\/semmexico\/wp-json\/wp\/v2\/types\/post"}],"author":[{"embeddable":true,"href":"https:\/\/redsemlac.com\/semmexico\/wp-json\/wp\/v2\/users\/3"}],"replies":[{"embeddable":true,"href":"https:\/\/redsemlac.com\/semmexico\/wp-json\/wp\/v2\/comments?post=18865"}],"version-history":[{"count":0,"href":"https:\/\/redsemlac.com\/semmexico\/wp-json\/wp\/v2\/posts\/18865\/revisions"}],"wp:featuredmedia":[{"embeddable":true,"href":"https:\/\/redsemlac.com\/semmexico\/wp-json\/wp\/v2\/media\/8460"}],"wp:attachment":[{"href":"https:\/\/redsemlac.com\/semmexico\/wp-json\/wp\/v2\/media?parent=18865"}],"wp:term":[{"taxonomy":"category","embeddable":true,"href":"https:\/\/redsemlac.com\/semmexico\/wp-json\/wp\/v2\/categories?post=18865"},{"taxonomy":"post_tag","embeddable":true,"href":"https:\/\/redsemlac.com\/semmexico\/wp-json\/wp\/v2\/tags?post=18865"}],"curies":[{"name":"wp","href":"https:\/\/api.w.org\/{rel}","templated":true}]}}