{"id":18862,"date":"2020-03-30T21:27:52","date_gmt":"2020-03-30T21:27:52","guid":{"rendered":"https:\/\/redsemlac.com\/semmexico\/?p=18862"},"modified":"2023-07-21T15:23:26","modified_gmt":"2023-07-21T20:23:26","slug":"oaxaca-162","status":"publish","type":"post","link":"https:\/\/redsemlac.com\/semmexico\/oaxaca-162\/","title":{"rendered":"Proponen creaci\u00f3n de instancia disciplinaria que atienda abuso sexual en escuelas"},"content":{"rendered":"\n<ul class=\"wp-block-list\"><li><strong>Ante\ndenuncias p\u00fablicas por acoso realizadas por alumnas de planteles del Cobao<\/strong><\/li><li><strong>Plantean\nreformar la Ley de los Derechos de Ni\u00f1as, Ni\u00f1os y Adolescentes <\/strong><strong><\/strong><\/li><\/ul>\n\n\n\n<p class=\"wp-block-paragraph\"><strong>Redacci\u00f3n<\/strong><\/p>\n\n\n\n<p class=\"wp-block-paragraph\">SemM\u00e9xico, Oaxaca, 30 de marzo, 2020.- Ante\ndiversas denuncias p\u00fablicas, por casos de acoso y abuso sexual, por parte de\nestudiantes de nivel bachillerato en diferentes instituciones educativas, se\npropuso ante el Congreso Local reformar el Art\u00edculo 48 de la Ley de los\nDerechos de Ni\u00f1as, Ni\u00f1os y Adolescentes del Estado de Oaxaca.<\/p>\n\n\n\n<p class=\"wp-block-paragraph\">La propuesta de ley consiste en crear una\ninstancia multidisciplinaria responsable, que establezca medidas de prevenci\u00f3n\npara casos de abuso sexual que se detecten en centros educativos, as\u00ed como\nhechos de violencia que afecten a ni\u00f1os, ni\u00f1as y adolescentes. <\/p>\n\n\n\n<p class=\"wp-block-paragraph\">Actualmente, la Ley de los Derechos de Ni\u00f1as,\nNi\u00f1os y Adolescentes del Estado de Oaxaca, establece en su Art\u00edculo 48, la\nconformaci\u00f3n de una instancia multidisciplinaria, que dentro de sus facultades\natienda y canalice casos de agresiones a menores en instituciones educativas,\ndejando de lado el abuso sexual.<\/p>\n\n\n\n<p class=\"wp-block-paragraph\">La diputada promovente de la reforma,\nVictoria Cruz Villar, expuso que han sido constantes las denuncias de acoso\nsexual, por parte de alumnas de instituciones educativas en contra de\nprofesores. Refiri\u00f3 los casos registrados en los planteles del Colegio de\nBachilleres de Oaxaca de Ju\u00e1rez (Cobao) n\u00famero 01 de Pueblo Nuevo y n\u00famero 39\nde Nazareno, Etla. <\/p>\n\n\n\n<p class=\"wp-block-paragraph\">Derivado de lo anterior, la iniciativa\nconsidera indispensable hacer cumplir el car\u00e1cter protector del inter\u00e9s\nsuperior del menor, procurando que, en la norma, su interpretaci\u00f3n y aplicaci\u00f3n\nse enfoquen a la detecci\u00f3n y aplicaci\u00f3n de mecanismos normativos, para la\nprevenci\u00f3n del abuso sexual en las escuelas.<\/p>\n\n\n\n<p class=\"wp-block-paragraph\">Cabe mencionar que en M\u00e9xico, los casos de\nabuso sexual son dif\u00edcilmente denunciados, ya sea por temor a la agresi\u00f3n o la\nexposici\u00f3n p\u00fablica. <\/p>\n\n\n\n<p class=\"wp-block-paragraph\">Existen registradas 78 denuncias de abuso\nsexual, y acoso sexual contra menores de edad en el periodo de 2012 a octubre\nde 2019, en todo el pa\u00eds, cifras de acuerdo a la Secretar\u00eda de Educaci\u00f3n\nP\u00fablica.<\/p>\n\n\n\n<p class=\"wp-block-paragraph\">SEM\/sj<\/p>\n","protected":false},"excerpt":{"rendered":"<p>Plantean reformar la Ley de los Derechos de Ni\u00f1as, Ni\u00f1os y Adolescentes <\/p>\n","protected":false},"author":3,"featured_media":18863,"comment_status":"open","ping_status":"open","sticky":false,"template":"","format":"standard","meta":{"_monsterinsights_skip_tracking":false,"footnotes":""},"categories":[691,50],"tags":[],"class_list":["post-18862","post","type-post","status-publish","format-standard","has-post-thumbnail","category-691","category-congreso"],"_links":{"self":[{"href":"https:\/\/redsemlac.com\/semmexico\/wp-json\/wp\/v2\/posts\/18862","targetHints":{"allow":["GET"]}}],"collection":[{"href":"https:\/\/redsemlac.com\/semmexico\/wp-json\/wp\/v2\/posts"}],"about":[{"href":"https:\/\/redsemlac.com\/semmexico\/wp-json\/wp\/v2\/types\/post"}],"author":[{"embeddable":true,"href":"https:\/\/redsemlac.com\/semmexico\/wp-json\/wp\/v2\/users\/3"}],"replies":[{"embeddable":true,"href":"https:\/\/redsemlac.com\/semmexico\/wp-json\/wp\/v2\/comments?post=18862"}],"version-history":[{"count":0,"href":"https:\/\/redsemlac.com\/semmexico\/wp-json\/wp\/v2\/posts\/18862\/revisions"}],"wp:featuredmedia":[{"embeddable":true,"href":"https:\/\/redsemlac.com\/semmexico\/wp-json\/wp\/v2\/media\/18863"}],"wp:attachment":[{"href":"https:\/\/redsemlac.com\/semmexico\/wp-json\/wp\/v2\/media?parent=18862"}],"wp:term":[{"taxonomy":"category","embeddable":true,"href":"https:\/\/redsemlac.com\/semmexico\/wp-json\/wp\/v2\/categories?post=18862"},{"taxonomy":"post_tag","embeddable":true,"href":"https:\/\/redsemlac.com\/semmexico\/wp-json\/wp\/v2\/tags?post=18862"}],"curies":[{"name":"wp","href":"https:\/\/api.w.org\/{rel}","templated":true}]}}