{"id":18859,"date":"2020-03-30T21:22:30","date_gmt":"2020-03-30T21:22:30","guid":{"rendered":"https:\/\/redsemlac.com\/semmexico\/?p=18859"},"modified":"2023-07-21T15:23:26","modified_gmt":"2023-07-21T20:23:26","slug":"suicidio-de-mujeres-en-oaxaca-entre-lo-publico-y-lo-privado","status":"publish","type":"post","link":"https:\/\/redsemlac.com\/semmexico\/suicidio-de-mujeres-en-oaxaca-entre-lo-publico-y-lo-privado\/","title":{"rendered":"Suicidio de mujeres en Oaxaca, entre lo p\u00fablico y lo privado"},"content":{"rendered":"\n<ul class=\"wp-block-list\"><li><strong>El 84 % de los suicidios sucedieron en regiones con\nlos m\u00e1s altos \u00edndices en delitos sexuales y violencia familiar<\/strong><\/li><li><strong>Tambi\u00e9n tiene una estrecha relaci\u00f3n con el\nfeminicidio: Consorcio Oaxaca<\/strong><\/li><\/ul>\n\n\n\n<p class=\"wp-block-paragraph\"><strong>Redacci\u00f3n<\/strong><\/p>\n\n\n\n<p class=\"wp-block-paragraph\">SemM\u00e9xico, Oaxaca, 30 de\nmarzo, 2020.- <em>\u201cLorenza. 69 a\u00f1os. Ocupaci\u00f3n: Desconocida. Se ahorc\u00f3 con su\npropio rebozo que at\u00f3 a una planta de caf\u00e9\u201d<\/em>. Esta\nterrible descripci\u00f3n nos lleva a preguntarnos qu\u00e9 razones encuentra una mujer\npara quitarse la vida. Seg\u00fan la Organizaci\u00f3n Mundial de la Salud, el suicidio\nes un problema de salud p\u00fablica que tiene sus ra\u00edces en factores biol\u00f3gicos,\npsicol\u00f3gicos, sociales, ambientales y culturales. Se atribuye que quienes\ndeciden terminar con su propia vida generalmente sufren de problemas\nfamiliares, amorosos, depresi\u00f3n y ansiedad, abuso de alcohol o drogas. Sin\nembargo, el suicidio es m\u00e1s que un problema personal aislado, sobre todo cuando\nse trata de mujeres, pues muchos de los casos son el resultado de la violencia\nde g\u00e9nero que impera entre lo p\u00fablico y lo privado. Son mujeres quienes\nsobreviven en contextos donde la violencia feminicida se incrementa\ndiariamente.<\/p>\n\n\n\n<p class=\"wp-block-paragraph\">De acuerdo con la plataforma de violencia feminicida\nde Consorcio Oaxaca, el registro de suicidios de mujeres es de 70 casos del 1\nde diciembre de 2016 a la fecha. No deja de ser triste y doloroso observar que\nlas principales causas de muerte han sido por asfixia-ahorcamiento,\nintoxicaci\u00f3n con herbicidas o sustancias t\u00f3xicas y arrojarse desde las alturas de\nun edificio o puente peatonal; que el 40 % de los suicidios sucede entre los 15\ny los 29 a\u00f1os de edad, rango que se acerca en mucho a las tasas m\u00e1s altas\nde&nbsp; suicidio en M\u00e9xico INEGI 2019); que\nel 84 % de los casos sucedieron en cinco regiones predominantemente violentas\npara las oaxaque\u00f1as -Valles Centrales, Istmo, Mixteca, Costa y el Papaloapam\nregistran en total 59 casos- y que en dichas regiones existe el mayor n\u00famero de\ndenuncias por delitos sexuales, 86 % de un total de 289, y por violencia\nfamiliar, 94 % de los 354 casos registrados en diarios locales de Oaxaca. Como\nse ha mencionado en distintas ocasiones, lo registrado en la prensa es un\nsubregistro, en relaci\u00f3n a los datos que tiene el Estado y, a\u00fan m\u00e1s, en\ncomparaci\u00f3n con los casos que suceden en la realidad. Por lo que el problema\ndel suicidio en relaci\u00f3n con la violencia familiar o sexual es a\u00fan m\u00e1s grave.<\/p>\n\n\n\n<p class=\"wp-block-paragraph\">Consorcio Oaxaca se\u00f1ala en un comunicado que es\nimportante destacar que el suicidio tambi\u00e9n tiene una estrecha relaci\u00f3n con el\nfeminicidio. Por ejemplo, la periodista Ana Lilia P\u00e9rez se\u00f1ala en el texto\n\u00abTr\u00e1fico de armas, el negocio de la muerte\u00bb que: \u201c[\u2026] en los hogares\ndonde se guarda un arma [\u2026] aumenta 16 veces la probabilidad de cometer un\nsuicidio; es 43 veces m\u00e1s probable que se mate a alg\u00fan familiar o conocido, que\na un extra\u00f1o en defensa propia\u201d. <\/p>\n\n\n\n<p class=\"wp-block-paragraph\">El 15 de marzo de 2015 la Suprema Corte de Justicia\nde la Naci\u00f3n (SCJN) emiti\u00f3 la sentencia Mariana Lima Buend\u00eda en la que se\nestablece que toda muerte violenta de mujeres debe ser investigada como\nfeminicidio. Esto luego de que el asesino de Mariana arm\u00f3 una escena y discurso\ndel crimen en los que planteaba que ella se hab\u00eda suicidado. <\/p>\n\n\n\n<p class=\"wp-block-paragraph\">Por otra parte, del total de suicidios de mujeres\nregistrados por Consorcio Oaxaca, un 28 % eran amas de casa, estudiantes o\nempleadas, y un 68 % no cuenta con datos sobre la ocupaci\u00f3n de las v\u00edctimas.\nEsta omisi\u00f3n en las fuentes de informaci\u00f3n, tanto en medios locales y\nnacionales, incrementa la invisibilizaci\u00f3n de la violencia que las mujeres\npodr\u00edan estar viviendo -en sus contextos p\u00fablicos o privados- antes de \u201ctomar\nla decisi\u00f3n\u201d de terminar con sus vidas. La recolecci\u00f3n de datos que realizan\nalgunos medios impresos o digitales en muchas ocasiones omiten detalles\nimportantes como el origen \u00e9tnico, la situaci\u00f3n econ\u00f3mica, familiar o el nivel\nde escolaridad, informaci\u00f3n que resulta de gran utilidad para realizar un\nan\u00e1lisis de contexto desde la perspectiva de g\u00e9nero. El seguimiento de los\ncasos en los medios de comunicaci\u00f3n, dif\u00edcilmente centran la informaci\u00f3n en los\nhechos ocurridos, en las v\u00edctimas, en el impacto que este hecho genera en sus\nfamilias o en proporcionar informaci\u00f3n que fomente la prevenci\u00f3n del suicidio y\notras formas de violencia hacia las mujeres en la entidad. Esto contribuye a\nque, de forma expl\u00edcita o impl\u00edcita, se contin\u00fae reproduciendo la violencia\ncontra las v\u00edctimas y sus familias (\u00c1vila, A. 2019).<\/p>\n\n\n\n<p class=\"wp-block-paragraph\">Seg\u00fan diversos estudios, el suicidio puede\nprevenirse. Esto requiere de esfuerzos institucionales dirigidos a identificar\npersonas en riesgo y a mejorar la salud mental de la poblaci\u00f3n, as\u00ed como\ngarantizar la ampliaci\u00f3n de servicios y atenci\u00f3n a las posibles v\u00edctimas. Sin\nembargo, la omisi\u00f3n de las autoridades e instituciones para reconocer esta\nproblem\u00e1tica, as\u00ed como la falta de investigaci\u00f3n desde una perspectiva de\ng\u00e9nero, dificulta estas acciones. Por ello les exigimos:<\/p>\n\n\n\n<p class=\"wp-block-paragraph\">&#8211; Erradicar la violaci\u00f3n a los derechos humanos de\nlas mujeres y las ni\u00f1as, tanto en el \u00e1mbito privado como p\u00fablico.<\/p>\n\n\n\n<p class=\"wp-block-paragraph\">&#8211; Mejorar de manera urgente y detallada los sistemas\nde recolecci\u00f3n de datos, sobre todo en los municipios que cuentan con alerta de\ng\u00e9nero desde agosto de 2018, debido a los altos \u00edndices de violencia feminicida\nen que sobreviven mujeres y ni\u00f1as en comunidades ind\u00edgenas, en zonas rurales y\nen extrema pobreza a fin de tomar decisiones informadas de pol\u00edtica p\u00fablica\ndiferenciadas (Ayala, A.\n2019).<\/p>\n\n\n\n<p class=\"wp-block-paragraph\">&#8211;&nbsp; Vigilar y\npromover directrices para que los medios de comunicaci\u00f3n favorezcan la\nerradicaci\u00f3n de todos los tipos de violencia y se fortalezca la dignidad y el respeto\nhacia las mujeres seg\u00fan lo estipulado en el art\u00edculo 42 fracci\u00f3n X de la Ley\nGeneral de Acceso de las Mujeres a una Vida Libre de Violencia.<\/p>\n\n\n\n<p class=\"wp-block-paragraph\">&#8211; Garantizar atenci\u00f3n psicol\u00f3gica a mujeres v\u00edctimas\nde violencia de g\u00e9nero.<\/p>\n\n\n\n<p class=\"wp-block-paragraph\">SEM\/sj<\/p>\n","protected":false},"excerpt":{"rendered":"<p>ambi\u00e9n tiene una estrecha relaci\u00f3n con el feminicidio: Consorcio Oaxaca<\/p>\n","protected":false},"author":3,"featured_media":18860,"comment_status":"open","ping_status":"open","sticky":false,"template":"","format":"standard","meta":{"_monsterinsights_skip_tracking":false,"footnotes":""},"categories":[691,54],"tags":[],"class_list":["post-18859","post","type-post","status-publish","format-standard","has-post-thumbnail","category-691","category-mujeres"],"_links":{"self":[{"href":"https:\/\/redsemlac.com\/semmexico\/wp-json\/wp\/v2\/posts\/18859","targetHints":{"allow":["GET"]}}],"collection":[{"href":"https:\/\/redsemlac.com\/semmexico\/wp-json\/wp\/v2\/posts"}],"about":[{"href":"https:\/\/redsemlac.com\/semmexico\/wp-json\/wp\/v2\/types\/post"}],"author":[{"embeddable":true,"href":"https:\/\/redsemlac.com\/semmexico\/wp-json\/wp\/v2\/users\/3"}],"replies":[{"embeddable":true,"href":"https:\/\/redsemlac.com\/semmexico\/wp-json\/wp\/v2\/comments?post=18859"}],"version-history":[{"count":0,"href":"https:\/\/redsemlac.com\/semmexico\/wp-json\/wp\/v2\/posts\/18859\/revisions"}],"wp:featuredmedia":[{"embeddable":true,"href":"https:\/\/redsemlac.com\/semmexico\/wp-json\/wp\/v2\/media\/18860"}],"wp:attachment":[{"href":"https:\/\/redsemlac.com\/semmexico\/wp-json\/wp\/v2\/media?parent=18859"}],"wp:term":[{"taxonomy":"category","embeddable":true,"href":"https:\/\/redsemlac.com\/semmexico\/wp-json\/wp\/v2\/categories?post=18859"},{"taxonomy":"post_tag","embeddable":true,"href":"https:\/\/redsemlac.com\/semmexico\/wp-json\/wp\/v2\/tags?post=18859"}],"curies":[{"name":"wp","href":"https:\/\/api.w.org\/{rel}","templated":true}]}}