{"id":18856,"date":"2020-03-30T21:14:21","date_gmt":"2020-03-30T21:14:21","guid":{"rendered":"https:\/\/redsemlac.com\/semmexico\/?p=18856"},"modified":"2023-07-21T15:23:26","modified_gmt":"2023-07-21T20:23:26","slug":"cuba-gestos-solidarios-por-la-vida","status":"publish","type":"post","link":"https:\/\/redsemlac.com\/semmexico\/cuba-gestos-solidarios-por-la-vida\/","title":{"rendered":"Cuba: Gestos solidarios por la vida"},"content":{"rendered":"\n<p class=\"wp-block-paragraph\"><strong>* Cuando la vida y la salud se ven\namenazadas<\/strong><\/p>\n\n\n\n<p class=\"wp-block-paragraph\"><strong>* La satisfacci\u00f3n de ayudar<\/strong><\/p>\n\n\n\n<p class=\"wp-block-paragraph\"><strong>De la Redacci\u00f3n<br>\n<\/strong>SemM\u00e9xico\/SEMlac,\nLa Habana, 30 de abril, 2020.- Personas que cosen y regalan nasobucos; otras\nque, generosamente, acercan comida a quienes no tienen sost\u00e9n ni familia\ncercana que les auxilie y negocios que ofrecen alimentos a las personas m\u00e1s\nnecesitadas del barrio.<\/p>\n\n\n\n<p class=\"wp-block-paragraph\"><br>\nEstos son solo algunos de los gestos solidarios que se ponen en pr\u00e1ctica hoy en\nCuba, cuando la vida y la salud se ven amenazadas por el avance de la COVID-19\nen todo el planeta.<\/p>\n\n\n\n<p class=\"wp-block-paragraph\"><br>\nLas situaciones l\u00edmites sacan a flote los instintos humanos y no son pocas las\niniciativas que, afortunadamente, lo hacen para el bien colectivo, sin obtener\nm\u00e1s a cambio que la satisfacci\u00f3n de ayudar.<\/p>\n\n\n\n<p class=\"wp-block-paragraph\"><br>\nUno de los peligros que se corren en situaciones de este tipo, cuando se pide\nrecluirse y protegerse el mayor tiempo posible en el hogar, es el incremento de\nlos actos de violencia contra las mujeres, cuando muchas de ellas se ven\nobligadas a permanecer en los hogares junto a su agresor.<\/p>\n\n\n\n<p class=\"wp-block-paragraph\"><br>\nEs por eso que la plataforma&nbsp;<a href=\"https:\/\/m.facebook.com\/yositecreoCuba\/?refid=52&amp;__tn__=*s-R\" target=\"_blank\" rel=\"noreferrer noopener\">YoS\u00edTeCreo en Cuba<\/a>&nbsp;anuncia una\nconsejer\u00eda telef\u00f3nica +53 55818918, facilita un correo (<a href=\"mailto:yositecreoCuba@gmail.com\" target=\"_blank\" rel=\"noreferrer noopener\">yositecreoCuba@gmail.com<\/a>) y tambi\u00e9n recibe\nmensajes en su p\u00e1gina de Facebook para brindar orientaci\u00f3n, consejer\u00eda\npsicol\u00f3gica, asesoramiento legal y acompa\u00f1amiento a mujeres que viven\nsituaciones de violencia.<\/p>\n\n\n\n<p class=\"wp-block-paragraph\"><br>\n\u00abPues s\u00ed, MUY NECESARIO SIEMPRE, pero ahora con esta convivencia hogare\u00f1a\nforzada y con la escasa cultura de convivencia y paz que ejercemos, PELIGRO, es\nm\u00e1s que necesario\u00bb, reconoc\u00eda en un comentario bajo el anuncio Eva\nGonz\u00e1lez, usuaria de las redes.<\/p>\n\n\n\n<p class=\"wp-block-paragraph\"><br>\nY tambi\u00e9n se ha activado en la modalidad no presencial la Consejer\u00eda legal y\npsicol\u00f3gica sobre violencia del Centro Oscar Arnulfo Romero (OAR), a la cual\npuede accederse por mensajer\u00eda mientras dure la cuarentena (<a href=\"mailto:consejeriaoar@gmail.com\" target=\"_blank\" rel=\"noreferrer noopener\">consejeriaoar@gmail.com<\/a>&nbsp;\/&nbsp;<a href=\"mailto:ivon.et@oar.co.cu\" target=\"_blank\" rel=\"noreferrer noopener\">ivon.et@oar.co.cu<\/a>&nbsp;son sus correos)<\/p>\n\n\n\n<p class=\"wp-block-paragraph\"><br>\nEn tanto, el Caf\u00e9 Crystal, en el Cotorro, no repar\u00f3 en p\u00e9rdidas ni ganancias\ncuando opt\u00f3 por la variante m\u00e1s justa y humana: favorecer gratuitamente, con\nalimentos, a las personas necesitadas del barrio.<\/p>\n\n\n\n<p class=\"wp-block-paragraph\"><br>\nTras anunciar el cierre, el restaurante se mantuvo trabajando desde el 24 de\nmarzo para ofrecerles comida a personas ancianas de la comunidad, sin nada a\ncambio, hasta que se terminaran los insumos.<\/p>\n\n\n\n<p class=\"wp-block-paragraph\"><br>\n\u00abSi alguien quiere ayudarnos con productos para garantizar la continuidad\nde estas comidas, durante esta problem\u00e1tica, ser\u00e1 muy bienvenido, aceptado y\nsobre todo agradecido\u00bb, precisaba Giraldo Castillo en su perfil de Facebook.<\/p>\n\n\n\n<p class=\"wp-block-paragraph\"><br>\nLas redes virtuales y las reales se van tejiendo a la par y las plataformas\ndigitales se convierten en espacios efectivos para socializar y canalizar\napoyos diversos.<br>\nNo son pocas las personas que se asocian en nuevas redes o activan las ya existentes\nante la contingencia de la COVID-12.<\/p>\n\n\n\n<p class=\"wp-block-paragraph\"><br>\nEl proyecto comunitario AfroAtenas, en Matanzas, ciudad a unos 100 kil\u00f3metros\nde la capital cubana, tambi\u00e9n va haciendo lo suyo en la comunidad, donde ha\nrepartido m\u00f3dulos de limpieza, nasobucos y otros medios para personas en\nsituaci\u00f3n de vulnerabilidad.<\/p>\n\n\n\n<p class=\"wp-block-paragraph\"><br>\nIgualmente, se han volcado a satisfacer necesidades de la gente cercana y\nvulnerable el Consejo de Iglesias de Cuba, la Iglesia de la Comunidad\nMetropolitana de Cuba o el proyecto Akokan, en el barrio habanero de Los\nPocitos, entre otras propuestas.<\/p>\n\n\n\n<p class=\"wp-block-paragraph\"><br>\nHay j\u00f3venes movilizando fuerzas desde Instagram y WhatsApp, en una red para\nacompa\u00f1ar a personas ancianas que viven solas y m\u00e1s apoyo necesitan. Y la\nSecci\u00f3n de Orientaci\u00f3n Psicol\u00f3gica de la Sociedad Cubana de Psicolog\u00eda brinda\napoyo profesional mediante grupos de WhatsApp.<\/p>\n\n\n\n<p class=\"wp-block-paragraph\"><br>\nHay iniciativas diversas desde numerosos espacios. Algunas se conocen m\u00e1s,\notras transcurren en el anonimato.<\/p>\n\n\n\n<p class=\"wp-block-paragraph\"><br>\nEn la vocaci\u00f3n humanista y solidaria que gu\u00eda a tantas personas por el bien de\notras en esta hora dif\u00edcil, destacan tambi\u00e9n profesionales de la salud que han\nmarchado de casa para asistir y curar personas dolientes en otros pa\u00edses donde\nla pandemia, ahora mismo, tambi\u00e9n golpea: Espa\u00f1a, Italia, Venezuela, Argentina,\nDominica, San Vicente y las Granadinas y Antigua y Barbuda\u2026y la lista crece.<\/p>\n\n\n\n<p class=\"wp-block-paragraph\">SEM-SEMlac<\/p>\n","protected":false},"excerpt":{"rendered":"<p>La satisfacci\u00f3n de ayudar<\/p>\n","protected":false},"author":3,"featured_media":18857,"comment_status":"open","ping_status":"open","sticky":false,"template":"","format":"standard","meta":{"_monsterinsights_skip_tracking":false,"footnotes":""},"categories":[691,53],"tags":[],"class_list":["post-18856","post","type-post","status-publish","format-standard","has-post-thumbnail","category-691","category-internacional"],"_links":{"self":[{"href":"https:\/\/redsemlac.com\/semmexico\/wp-json\/wp\/v2\/posts\/18856","targetHints":{"allow":["GET"]}}],"collection":[{"href":"https:\/\/redsemlac.com\/semmexico\/wp-json\/wp\/v2\/posts"}],"about":[{"href":"https:\/\/redsemlac.com\/semmexico\/wp-json\/wp\/v2\/types\/post"}],"author":[{"embeddable":true,"href":"https:\/\/redsemlac.com\/semmexico\/wp-json\/wp\/v2\/users\/3"}],"replies":[{"embeddable":true,"href":"https:\/\/redsemlac.com\/semmexico\/wp-json\/wp\/v2\/comments?post=18856"}],"version-history":[{"count":0,"href":"https:\/\/redsemlac.com\/semmexico\/wp-json\/wp\/v2\/posts\/18856\/revisions"}],"wp:featuredmedia":[{"embeddable":true,"href":"https:\/\/redsemlac.com\/semmexico\/wp-json\/wp\/v2\/media\/18857"}],"wp:attachment":[{"href":"https:\/\/redsemlac.com\/semmexico\/wp-json\/wp\/v2\/media?parent=18856"}],"wp:term":[{"taxonomy":"category","embeddable":true,"href":"https:\/\/redsemlac.com\/semmexico\/wp-json\/wp\/v2\/categories?post=18856"},{"taxonomy":"post_tag","embeddable":true,"href":"https:\/\/redsemlac.com\/semmexico\/wp-json\/wp\/v2\/tags?post=18856"}],"curies":[{"name":"wp","href":"https:\/\/api.w.org\/{rel}","templated":true}]}}