{"id":18853,"date":"2020-03-30T21:01:39","date_gmt":"2020-03-30T21:01:39","guid":{"rendered":"https:\/\/redsemlac.com\/semmexico\/?p=18853"},"modified":"2023-07-21T15:23:26","modified_gmt":"2023-07-21T20:23:26","slug":"cuba-la-pandemia-que-tambien-sobrecarga-a-las-mujeres","status":"publish","type":"post","link":"https:\/\/redsemlac.com\/semmexico\/cuba-la-pandemia-que-tambien-sobrecarga-a-las-mujeres\/","title":{"rendered":"Cuba: La pandemia que tambi\u00e9n sobrecarga a las mujeres"},"content":{"rendered":"\n<p class=\"wp-block-paragraph\"><strong>* Como efecto de la crisis econ\u00f3mica\nagravada<\/strong><\/p>\n\n\n\n<p class=\"wp-block-paragraph\"><strong>* El peso de la doble y triple\njornadas<\/strong><\/p>\n\n\n\n<p class=\"wp-block-paragraph\"><strong>Sara M\u00e1s<br>\n<\/strong>SemM\u00e9xico\/SEMlac,\nLa Habana, 30 abril, 2020.- Cuando la vida se recoge en el mundo por el avance\nde la COVID-19, en su casa del Vedado, en La Habana, Cary acoge y protege a sus\ndos nietos, casi a tiempo completo.<br>\n<br>\n<\/p>\n\n\n\n<p class=\"wp-block-paragraph\">Es\njueves y su rutina de anciana sin obligaciones laborales experimenta un giro\ntotal por estos d\u00edas: nada de soledad, tranquilidad ni siesta despu\u00e9s de\nalmuerzo. En el peque\u00f1o apartamento reinan las voces infantiles que demandan\nentretenimiento, alimentos y atenciones.<\/p>\n\n\n\n<p class=\"wp-block-paragraph\"><br>\nLa abuela se ocupa del cuidado de sus nietos ante la emergencia, aunque se nota\nagobiada. \u00abNo es f\u00e1cil: ellos no se cansan, pero yo me agoto; ya no estoy\npara estos trajines\u00bb, reconoce a SEMlac la jubilada de 73 a\u00f1os.<\/p>\n\n\n\n<p class=\"wp-block-paragraph\"><br>\nPero Cary lo asume porque las madres de los ni\u00f1os est\u00e1n trabajando. Ellas son\nde las imprescindibles en este minuto, de las que no pueden quedarse en casa.\n\u00abMi nuera es enfermera y mi hija est\u00e1 de turno en la farmacia\u00bb,\nexplica y a\u00f1ade que entonces a ella le toca \u00abla retaguardia\u00bb.<\/p>\n\n\n\n<p class=\"wp-block-paragraph\"><br>\nEn&nbsp;<a href=\"https:\/\/bit.ly\/2JlL10j\" target=\"_blank\" rel=\"noreferrer noopener\">d\u00edas de la COVID-19<\/a>, las medidas de\ncontenci\u00f3n y cuidado empujan a recogerse en las viviendas, donde ahora las\nfamilias se agrupan a buen recaudo, incluidas ni\u00f1as, ni\u00f1os, adolescentes,\nj\u00f3venes, personas ancianas y que precisan de cuidados, esta vez en condiciones\nespeciales: con medidas estrictas de aislamiento, movilidad e higiene.<\/p>\n\n\n\n<p class=\"wp-block-paragraph\"><br>\nEl panorama es dif\u00edcil, adem\u00e1s, porque faltan productos de primera necesidad,\nalimentos y art\u00edculos de aseo, como efecto de la crisis econ\u00f3mica agravada en\nlos \u00faltimos meses por las&nbsp;<a href=\"https:\/\/bit.ly\/3asyOTL\" target=\"_blank\" rel=\"noreferrer noopener\">sanciones econ\u00f3micas<\/a>&nbsp;de Estados Unidos a\nla naci\u00f3n caribe\u00f1a.<\/p>\n\n\n\n<p class=\"wp-block-paragraph\"><br>\nEntre otras disposiciones, han cerrado las escuelas y se fomenta el\nteletrabajo, que \u00abtributa directamente al aislamiento social que requiere\nla situaci\u00f3n actual en el pa\u00eds, debido al nuevo coronavirus\u00bb, se\u00f1al\u00f3 la\nministra de Trabajo y Seguridad Social, Marta Elena Feit\u00f3.<\/p>\n\n\n\n<p class=\"wp-block-paragraph\"><br>\nLas madres, t\u00edas, hermanas y otras mujeres que est\u00e1n en casa cuidando a la\nfamilia y las que desde all\u00ed trabajan a distancia, sienten m\u00e1s fuerte el peso\nde la doble y triple jornadas, aunque cuentan con la protecci\u00f3n de salario\ntotal el primer mes y el 60 por ciento a partir del segundo.<\/p>\n\n\n\n<p class=\"wp-block-paragraph\"><br>\nLa situaci\u00f3n agrava un panorama que ya exist\u00eda: las mujeres&nbsp;<a href=\"https:\/\/bit.ly\/3bzawYb\" target=\"_blank\" rel=\"noreferrer noopener\">son mayor\u00eda entre las cuidadoras<\/a>, quienes hacen las&nbsp;<a href=\"https:\/\/bit.ly\/2UPKngW\" target=\"_blank\" rel=\"noreferrer noopener\">tareas del hogar y sostienen la reproducci\u00f3n de la vida en\nlas familias<\/a>.<\/p>\n\n\n\n<p class=\"wp-block-paragraph\"><br>\nDatos de la&nbsp;<a href=\"http:\/\/www.onei.gob.cu\/node\/14271\" target=\"_blank\" rel=\"noreferrer noopener\">Encuesta Nacional sobre Igualdad de G\u00e9nero<\/a>&nbsp;(ENIG), de 2016,\ndenotan la persistencia de brechas de g\u00e9nero en la carga total de trabajo de\nhombres y mujeres.<\/p>\n\n\n\n<p class=\"wp-block-paragraph\"><br>\nComo promedio, ellas dedican en una semana 14 horas m\u00e1s que los hombres al\ntrabajo no remunerado, aunque est\u00e9n ocupadas en la econom\u00eda, se\u00f1ala el estudio\nrealizado por la Federaci\u00f3n de Mujeres Cubanas y la Oficina Nacional de\nEstad\u00edsticas e Informaci\u00f3n.<\/p>\n\n\n\n<p class=\"wp-block-paragraph\"><br>\nEse esfuerzo lo destinan a actividades como: planificaci\u00f3n, preparaci\u00f3n y\nservicio de comida, limpieza e higiene de la vivienda, lavado y planchado de\nropa, as\u00ed como reparaciones textiles.<\/p>\n\n\n\n<p class=\"wp-block-paragraph\"><br>\nPero las brechas se ampl\u00edan todav\u00eda m\u00e1s en los cuidados, seg\u00fan la misma fuente,\ncon predominio de mujeres cuidadoras (25,78 %) respecto a los hombres (12,26\n%), en tareas de atenci\u00f3n, asistencia y cuidados a ni\u00f1as, ni\u00f1os, adultos\nmayores y personas con discapacidad.<\/p>\n\n\n\n<p class=\"wp-block-paragraph\"><br>\nEsa sobrecarga se intensifica en medio de los desastres naturales y otras\ncontingencias, alertan especialistas.<\/p>\n\n\n\n<p class=\"wp-block-paragraph\"><br>\n\u00abEl coronavirus ha puesto a la luz desigualdades diversas y la centralidad\nque una vez m\u00e1s cobran los cuidados, al tiempo que reafirma la urgencia de\npromover an\u00e1lisis y respuestas interseccionales, con justicia de g\u00e9nero\u00bb,\nsuscribe en&nbsp;<a href=\"https:\/\/bit.ly\/33UYOo9\" target=\"_blank\" rel=\"noreferrer noopener\">comentario a SEMlac<\/a>&nbsp;la psic\u00f3loga&nbsp;<a href=\"http:\/\/directoriogenero.redsemlac-cuba.net\/yohanka-valdes-jimenez-1976\/\" target=\"_blank\" rel=\"noreferrer noopener\">Yohanka Vald\u00e9s Jim\u00e9nez<\/a>.<\/p>\n\n\n\n<p class=\"wp-block-paragraph\"><br>\nEn la naci\u00f3n caribe\u00f1a, 37,4 por ciento de las personas de 50 a\u00f1os y m\u00e1s que\nalguna vez trabajaron dejaron de hacerlo por alguna raz\u00f3n diferente a la\njubilaci\u00f3n, de acuerdo con la&nbsp;<a href=\"http:\/\/www.onei.gob.cu\/node\/14725\" target=\"_blank\" rel=\"noreferrer noopener\">Encuesta Nacional de Envejecimiento de la Poblaci\u00f3n (2017)<\/a>.<br>\nDe ese grupo, m\u00e1s mujeres (25,2 %) que hombres (5,5 %) dejaron de trabajar para\nencargarse del cuidado de otras personas.<\/p>\n\n\n\n<p class=\"wp-block-paragraph\"><br>\nEsa pr\u00e1ctica sigue muy arraigada, adem\u00e1s, en los imaginarios sociales y\npersonales. A la hora de escoger, la mayor\u00eda de las personas con 50 a\u00f1os y m\u00e1s\nedad (57 %) prefiere ser cuidada por mujeres, al 35 por ciento les da igual y\nsolo poco m\u00e1s del cinco por ciento se decant\u00f3 por los hombres, precisa el\nestudio.<\/p>\n\n\n\n<p class=\"wp-block-paragraph\"><br>\nEn opini\u00f3n de Vald\u00e9s Jim\u00e9nez, la invisibilidad tradicional de los cuidados\nlleva a pensar y parecer que alguien estar\u00e1 en casa para solucionarlo y\nencargarse de todo.<\/p>\n\n\n\n<p class=\"wp-block-paragraph\"><br>\nSin embargo, \u00abes imposible asumir que quedarse en casa con los roles\ntradiciones de cuidados asignados por ser mujer, m\u00e1s las demandas por el lado\nde los empleos remunerados, pueda llevarse a cabo sin la corresponsabilidad de\nlos Estados, los hombres y los centros laborales\u00bb, sostiene la\nespecialista.<\/p>\n\n\n\n<p class=\"wp-block-paragraph\"><br>\nEl tema ha salido a relucir en m\u00e1s de un comentario en medios de comunicaci\u00f3n y\nredes sociales, en estos tiempos de emergencia, cuando se impone preservar la\nsalud y la vida a toda costa.<\/p>\n\n\n\n<p class=\"wp-block-paragraph\"><br>\n\u00abNo es mito. Las crisis de salud, como la generada por la COVID-19,\nafectan a hombres y mujeres de distintas formas y a menudo exacerban las\ndiferencias de g\u00e9nero\u00bb, advierte la periodista Dixie Edith Trinquete.<\/p>\n\n\n\n<p class=\"wp-block-paragraph\"><br>\n\u00abAunque el nuevo coronavirus no tiene preferencias de sexo, una vez m\u00e1s\nlas mujeres reciben impactos diferenciados frente a la pandemia. Para ellas,\npor ejemplo, recluirse en casa con la familia representa, no solo aislamiento,\ntambi\u00e9n mucho m\u00e1s trabajo\u00bb, asegura en la columna&nbsp;<a href=\"https:\/\/bit.ly\/3dEIPz6\" target=\"_blank\" rel=\"noreferrer noopener\">Letras de g\u00e9nero, de Cubadebate<\/a>.<\/p>\n\n\n\n<p class=\"wp-block-paragraph\"><br>\nOtra de las voces enfocadas en estos an\u00e1lisis es la de la feminista y acad\u00e9mica\nAylin Torres Santana, para quien la declaraci\u00f3n de cuarentena y el\n#Qu\u00e9dateEnCasa generan nuevos&nbsp;<a href=\"https:\/\/bit.ly\/2WRlp3r\" target=\"_blank\" rel=\"noreferrer noopener\">desaf\u00edos<\/a>.<\/p>\n\n\n\n<p class=\"wp-block-paragraph\"><br>\n\u00abPodr\u00eda ser el momento, desde el centro de la cat\u00e1strofe, de pensar en una\nnueva \u00e9tica del cuidado y no en una \u00e9pica que realicen unas y no otros\u00bb,\nargumenta la investigadora en su art\u00edculo&nbsp;<a href=\"https:\/\/bit.ly\/39rXcmX\" target=\"_blank\" rel=\"noreferrer noopener\">\u00abCuidar,\ncuidarse, que nos cuiden en tiempos de COVID-19\u00bb<\/a>.<\/p>\n\n\n\n<p class=\"wp-block-paragraph\"><br>\nTorres Santana invita a pensar entonces en \u00abuna \u00e9tica colectiva,\nsolidaria, institucional y socialmente responsable, m\u00e1s justa, m\u00e1s digna. Una\n\u00e9tica de la &#8216;ciudadan\u00eda'\u00bb, concluye.<\/p>\n\n\n\n<p class=\"wp-block-paragraph\">SEM-SEMlac\/sm<\/p>\n","protected":false},"excerpt":{"rendered":"<p>El peso de la doble y triple jornadas<\/p>\n","protected":false},"author":3,"featured_media":18854,"comment_status":"open","ping_status":"open","sticky":false,"template":"","format":"standard","meta":{"_monsterinsights_skip_tracking":false,"footnotes":""},"categories":[691,53],"tags":[],"class_list":["post-18853","post","type-post","status-publish","format-standard","has-post-thumbnail","category-691","category-internacional"],"_links":{"self":[{"href":"https:\/\/redsemlac.com\/semmexico\/wp-json\/wp\/v2\/posts\/18853","targetHints":{"allow":["GET"]}}],"collection":[{"href":"https:\/\/redsemlac.com\/semmexico\/wp-json\/wp\/v2\/posts"}],"about":[{"href":"https:\/\/redsemlac.com\/semmexico\/wp-json\/wp\/v2\/types\/post"}],"author":[{"embeddable":true,"href":"https:\/\/redsemlac.com\/semmexico\/wp-json\/wp\/v2\/users\/3"}],"replies":[{"embeddable":true,"href":"https:\/\/redsemlac.com\/semmexico\/wp-json\/wp\/v2\/comments?post=18853"}],"version-history":[{"count":0,"href":"https:\/\/redsemlac.com\/semmexico\/wp-json\/wp\/v2\/posts\/18853\/revisions"}],"wp:featuredmedia":[{"embeddable":true,"href":"https:\/\/redsemlac.com\/semmexico\/wp-json\/wp\/v2\/media\/18854"}],"wp:attachment":[{"href":"https:\/\/redsemlac.com\/semmexico\/wp-json\/wp\/v2\/media?parent=18853"}],"wp:term":[{"taxonomy":"category","embeddable":true,"href":"https:\/\/redsemlac.com\/semmexico\/wp-json\/wp\/v2\/categories?post=18853"},{"taxonomy":"post_tag","embeddable":true,"href":"https:\/\/redsemlac.com\/semmexico\/wp-json\/wp\/v2\/tags?post=18853"}],"curies":[{"name":"wp","href":"https:\/\/api.w.org\/{rel}","templated":true}]}}