{"id":18850,"date":"2020-03-30T20:21:26","date_gmt":"2020-03-30T20:21:26","guid":{"rendered":"https:\/\/redsemlac.com\/semmexico\/?p=18850"},"modified":"2023-07-21T15:23:26","modified_gmt":"2023-07-21T20:23:26","slug":"opinion-415","status":"publish","type":"post","link":"https:\/\/redsemlac.com\/semmexico\/opinion-415\/","title":{"rendered":"Mujer y Poder"},"content":{"rendered":"\n<h2 class=\"wp-block-heading\"> Ponerle freno a AMLO <\/h2>\n\n\n\n<p class=\"wp-block-paragraph\">* El l\u00edder va enfrente no detr\u00e1s<\/p>\n\n\n\n<p class=\"wp-block-paragraph\"><strong>Natalia Vidales Rodr\u00edguez<\/strong><\/p>\n\n\n\n<p class=\"wp-block-paragraph\">SemM\u00e9xico, 30 de marzo, 2020.- Bien se dice que las\npersonas, las autoridades pol\u00edticas y civiles y dem\u00e1s actores sociales, ser\u00e1n (seremos)\njuzgados por lo que hicimos o dejamos de hacer durante el Coronavirus, una vez\nque pase la emergencia. Lo cual se calcula (si Dios nos ayuda) para finales de abril\no para mayo, aunque algunos expertos nos dicen que tal vez el mal perdure hasta\noctubre, cuando ya est\u00e9 disponible una vacuna y medicamentos para su cura. <\/p>\n\n\n\n<p class=\"wp-block-paragraph\">Lo mejor -y lo peor- de tantas personas ha salido a\nrelucir en esta crisis, \u201cdestac\u00e1ndose\u201d casos como el del gobernador de Puebla,\nMiguel Barbosa, quien se\u00f1al\u00f3 hace unos d\u00edas que el Covid-19 solo estaba contagiando\na los ricos, y que los pobres (\u201ccomo yo\u201d, dijo) eran inmunes al virus. O la\notra barbaridad, cuando el Presidente de la Rep\u00fablica, L\u00f3pez Obrador mostr\u00f3 un\npar de estampitas de escapulario diciendo que esos eran los escudos que lo\nproteg\u00edan, as\u00ed que seguir\u00eda en contacto directo con la gente, cuando ya se recomendaba\nevitarlo por la propagaci\u00f3n de la enfermedad. Y m\u00e1s recientemente: por un lado,\nal negarse a apoyar a los trabajadores y a las empresas ante la crisis\necon\u00f3mica por la contingencia sanitaria y, por el otro, a negarse a acatar las\nmedidas de seguridad implementadas por su propio Secretario de Salud y hacer\np\u00fablico su desprecio por las reglas y protocolos de viaje -como lo vimos el\npasado fin de semana en el video filmado en el aeropuerto donde se neg\u00f3 a que\nle tomaran la temperatura-como lo hac\u00edan a todos los pasajeros-. \u00bfQu\u00e9 le\ncostaba permitirlo en lugar de mostrarse como el ni\u00f1o malcriado de la fila?<\/p>\n\n\n\n<p class=\"wp-block-paragraph\">Pero, \u00a1qu\u00e9 diferencia! al ver el paradigma del\ndiscurso de la canciller alemana, \u00c1ngela Merkel, respecto de las previsiones y\nsacrificios que su pueblo deber\u00e1 de asumir ante la pandemia, se\u00f1alando que solo\nen colectivo y unidos, sin diferencias y apoy\u00e1ndose los unos a los otros,\nempezando por el gobierno, saldr\u00edan victoriosos de la crisis, entre otros\nconceptos que est\u00e1n sirviendo de ejemplo en el mundo entero. <\/p>\n\n\n\n<p class=\"wp-block-paragraph\">Finalmente, AMLO, al ver que la ciudadan\u00eda ya lo\nhab\u00eda rebasado y que se recog\u00eda en sus casas, para no quedarse atr\u00e1s rectific\u00f3\ny ahora recomienda la sana distancia, pero el \u201cchiste\u201d de un l\u00edder es encabezar\na la sociedad, no que esta lo empuje, como est\u00e1 ocurriendo. <\/p>\n\n\n\n<p class=\"wp-block-paragraph\">Una de las formas elementales para juzgar y\nsentenciar el comportamiento de las autoridades son las elecciones (y, mientras\nllegan, la opini\u00f3n p\u00fablica y los contrapesos institucionales hacen lo que puede\npara intentar frenar los desv\u00edos y los excesos de las autoridades)\u2026y estamos a\npoco m\u00e1s de un a\u00f1o para los comicios intermedios de Julio del&nbsp; 2021 en que se renovar\u00e1n la totalidad de los\ndiputados federales (15 gubernaturas e infinidad de puestos p\u00fablicos m\u00e1s,\nincluida, en septiembre, la consulta sobre la&nbsp;\nRevocaci\u00f3n del Mandato del Presidente de la Rep\u00fablica).<\/p>\n\n\n\n<p class=\"wp-block-paragraph\">Siendo mandatario Fox, en las elecciones intermedias\ndel sexenio, el 2003, la campa\u00f1a oficial y del PAN fue \u201cquitarle el freno al\ncambio\u201d. Se refer\u00eda a que cuando Fox gan\u00f3 el 2000 no hab\u00eda logrado la mayor\u00eda\npanista en el Congreso de la Uni\u00f3n, lo cual se requer\u00eda para alcanzar el cambio\nprometido, pero no ocurri\u00f3 as\u00ed (gracias al cielo, como lo constatamos despu\u00e9s):\npor el contrario, disminuy\u00f3 su fuerza legislativa y lo mismo ha sucedido con\ntodos los gobiernos desde 1997 en que el PRI perdi\u00f3 la mayor\u00eda absoluta en la\nC\u00e1mara de Diputados. <\/p>\n\n\n\n<p class=\"wp-block-paragraph\">Esa disparidad es conveniente en las democracias\ncomo equilibrio para evitar los hegemonismos y los nocivos mandamases, y se\ntraduce legislativamente -aunque a algunos les parezca un estorbo- en una\nconveniente resultante de la diversidad ideol\u00f3gica y de las fuerzas pol\u00edticas\ndel pa\u00eds. Hoy, con el tsunami electoral del 2018 no la tenemos\u2026 y ya estamos\npadeciendo las consecuencias de la concentraci\u00f3n excesiva del poder: decrecimiento\necon\u00f3mico, cero inversi\u00f3n, devaluaci\u00f3n, cooptaci\u00f3n de las instituciones, fuga\nde capitales, la misma pobreza, autoritarismo, caprichos presidenciales, ineficiencia\ngubernamental, y etc\u00e9tera. Y, desde luego, la obtenci\u00f3n de clientelismo\npol\u00edtico \/electoral utilizando los programas sociales como anzuelo.<\/p>\n\n\n\n<p class=\"wp-block-paragraph\">Si en alg\u00fan momento pensamos que la legislatura era\ntan mala cuando no se pon\u00eda de acuerdo en nada, como cuando se pon\u00eda de acuerdo\nen todo; o de que ni la vida, ni la libertad ni las propiedades de los\nciudadanos estaban a salvo mientras los diputados estaban en sesi\u00f3n, hoy, el\nr\u00e9gimen hegem\u00f3nico nos ense\u00f1a su inconveniencia: el verano del 2021, ya lejos\ndel Covid 19 ( si Dios nos ayuda) deberemos, a diferencia de Fox que ped\u00eda\nquitarle el freno al cambio, ponerle un l\u00edmite a AMLO, nivelando las fuerzas\npol\u00edticas en el Congreso.<\/p>\n","protected":false},"excerpt":{"rendered":"<p>Ponerle freno a AMLO<\/p>\n","protected":false},"author":3,"featured_media":18851,"comment_status":"open","ping_status":"open","sticky":false,"template":"","format":"standard","meta":{"_monsterinsights_skip_tracking":false,"footnotes":""},"categories":[691,100,72],"tags":[],"class_list":["post-18850","post","type-post","status-publish","format-standard","has-post-thumbnail","category-691","category-mujer-y-poder","category-natalia-vidales"],"_links":{"self":[{"href":"https:\/\/redsemlac.com\/semmexico\/wp-json\/wp\/v2\/posts\/18850","targetHints":{"allow":["GET"]}}],"collection":[{"href":"https:\/\/redsemlac.com\/semmexico\/wp-json\/wp\/v2\/posts"}],"about":[{"href":"https:\/\/redsemlac.com\/semmexico\/wp-json\/wp\/v2\/types\/post"}],"author":[{"embeddable":true,"href":"https:\/\/redsemlac.com\/semmexico\/wp-json\/wp\/v2\/users\/3"}],"replies":[{"embeddable":true,"href":"https:\/\/redsemlac.com\/semmexico\/wp-json\/wp\/v2\/comments?post=18850"}],"version-history":[{"count":0,"href":"https:\/\/redsemlac.com\/semmexico\/wp-json\/wp\/v2\/posts\/18850\/revisions"}],"wp:featuredmedia":[{"embeddable":true,"href":"https:\/\/redsemlac.com\/semmexico\/wp-json\/wp\/v2\/media\/18851"}],"wp:attachment":[{"href":"https:\/\/redsemlac.com\/semmexico\/wp-json\/wp\/v2\/media?parent=18850"}],"wp:term":[{"taxonomy":"category","embeddable":true,"href":"https:\/\/redsemlac.com\/semmexico\/wp-json\/wp\/v2\/categories?post=18850"},{"taxonomy":"post_tag","embeddable":true,"href":"https:\/\/redsemlac.com\/semmexico\/wp-json\/wp\/v2\/tags?post=18850"}],"curies":[{"name":"wp","href":"https:\/\/api.w.org\/{rel}","templated":true}]}}