{"id":18847,"date":"2020-03-30T18:35:17","date_gmt":"2020-03-30T18:35:17","guid":{"rendered":"https:\/\/redsemlac.com\/semmexico\/?p=18847"},"modified":"2023-07-21T15:23:26","modified_gmt":"2023-07-21T20:23:26","slug":"opinion-414","status":"publish","type":"post","link":"https:\/\/redsemlac.com\/semmexico\/opinion-414\/","title":{"rendered":"No fue solo el ocho de marzo"},"content":{"rendered":"\n<h2 class=\"wp-block-heading\">Se reuni\u00f3 la ultraderecha<\/h2>\n\n\n\n<ul class=\"wp-block-list\"><li><strong>La Crida de la Fallas, el f\u00fatbol<\/strong><\/li><\/ul>\n\n\n\n<p class=\"wp-block-paragraph\"><strong>Tere Moll\u00e1 Castells<\/strong><\/p>\n\n\n\n<p class=\"wp-block-paragraph\">SemM\u00e9xico, 30 de marzo 2020.- Tenemos a las cavernas\nmedi\u00e1ticas y pol\u00edticas queriendo echar la culpa del contagio de la pandemia por\ncoronavirus a las concentraciones y manifestaciones del pasado ocho de marzo.\nNo niego que aquellas concentraciones ayudaran a la propagaci\u00f3n de la pandemia,\npero lo que afirmo con contundencia es que no fue el \u00fanico motivo.<\/p>\n\n\n\n<p class=\"wp-block-paragraph\">Ese mismo domingo hab\u00eda, tambi\u00e9n, una gran concentraci\u00f3n\nde personas afiliadas y simpatizantes de la ultraderecha concentradas en la\nplaza de Vistalegre en Madrid y algunos como Ortega Smith ya ten\u00edan s\u00edntomas\nclaros de estar contagiados. Pero ante esto, silencio.<\/p>\n\n\n\n<p class=\"wp-block-paragraph\">El pasado uno de marzo se celebr\u00f3 una multitudinaria\nconcentraci\u00f3n humana durante \u00abLa crida\u00bb de las fallas de Valencia y\ndentro de la programaci\u00f3n fallera. Y es m\u00e1s, la programaci\u00f3n fallera con sus\ncorrespondientes \u00abmascletaes\u00bb que congregan a miles de personas cada\nmediod\u00eda en la plaza del Ayuntamiento de Valencia, no se suspendieron hasta el\nd\u00eda once de marzo d\u00eda despu\u00e9s de que la Generalitat suspendiera Las Fallas y\nlas Fiestas de la Magdalena en Castell\u00f3n. Tambi\u00e9n silencio.<\/p>\n\n\n\n<p class=\"wp-block-paragraph\">Ante la concentraci\u00f3n de socios y aficionados del\nValencia Club de F\u00fatbol ante el Mestalla para recibir a los jugadores del club\nante el partido a puerta cerrada contra el Atalanta de Italia, cuando en este\npa\u00eds ya hab\u00eda centenares de contagios, m\u00e1s silencio. O el viaje a Italia por\nparte del Valencia, jugadores y afici\u00f3n, m\u00e1s silencio.<\/p>\n\n\n\n<p class=\"wp-block-paragraph\">Pero la culpa la tienen las concentraciones del ocho de\nmarzo y, por ende, el movimiento feminista. \u00a1T\u00f3cate las narices!<\/p>\n\n\n\n<p class=\"wp-block-paragraph\">Obviamente el patriarcado no pierde ocasi\u00f3n para\ncriminalizar al feminismo que permanentemente cuestiona los privilegios\notorgados por nacimiento a los hombres.<\/p>\n\n\n\n<p class=\"wp-block-paragraph\">Insisto en la idea de que es posible que muchas personas\nse contagiaran del COVID-19 en las concentraciones del ocho de marzo. Pero de\nla misma manera que se contagiaron en las otras concentraciones humanas de las\nque he hablado y en tantas otras que no he mencionado y que se realizaron antes\ndel decreto de confinamiento y no solo en las del ocho de marzo.<\/p>\n\n\n\n<p class=\"wp-block-paragraph\">Muchos dirigentes pol\u00edticos han perdido magn\u00edficas\nocasiones para mantener la boca cerrada y ser prudentes. Y quiz\u00e1s uno de los\nque se hubiera podido callar para mantener su credibilidad fue el l\u00edder de Ciudadanos\nde Valencia, Toni Cant\u00f3 cuando acus\u00f3 a la Ministra de Igualdad precisamente por\nestas concentraciones.<\/p>\n\n\n\n<p class=\"wp-block-paragraph\">Este hombre, mis\u00f3gino, al menos pol\u00edticamente hablando,\nya ha perdido varias ocasiones para callarse y haber sido prudente, pero su\nansia de protagonismo permanente (debe ser una marca de la casa) le pierde. Y\nresulta que cada vez que ataca al feminismo y a las feministas, le toca pedir\ndisculpas, pero no aprende. Claro que tampoco su petici\u00f3n de disculpas no es\nnada cre\u00edble, al menos para m\u00ed.<\/p>\n\n\n\n<p class=\"wp-block-paragraph\">Como el movimiento feminista se ha puesto en pie y ya no\nhay quien lo pare, las cavernas tanto medi\u00e1tica como pol\u00edtica han sacado a sus\nvoceros y voceras, que tambi\u00e9n las hay, a dar gritos contra ese avance\nimparable y se han puesto de los nervios. No nos asustan, por mucho que,\ndesgraciadamente, ya est\u00e9n en las instituciones. <\/p>\n\n\n\n<p class=\"wp-block-paragraph\">En los \u00faltimos a\u00f1os se han sumado infinidad de mujeres y\nhombres a esta ola feminista que recorre el mundo entero. Y el mundo es muy\ngrande y no solo las, literalmente ahora, cuatro paredes de nuestras casas o de\nnuestros Estados. Y supongo que esa visi\u00f3n global les asusta. Por eso, quiz\u00e1s,\ndeben reaccionar con la virulencia con la que lo hacen, para intentar\ndesprestigiarlo. Y no se enteran que cada d\u00eda somos m\u00e1s y nos sentimos m\u00e1s\nfuertes, incluso con el confinamiento actual, porque seguimos creando redes,\nescribiendo, ayud\u00e1ndonos c\u00f3mo podemos, reconoci\u00e9ndonos y apoy\u00e1ndonos todas y\ntodos los que pensamos que otra forma de vivir es posible. <\/p>\n\n\n\n<p class=\"wp-block-paragraph\">Una forma de vida en la que los cuidados est\u00e9n en el\ncentro de la vida y no la explotaci\u00f3n humana. Una forma de vida con mayor\njusticia social y mayor equidad entre hombres y mujeres y en donde no\nexistieran privilegios por nacer hombre y sometimientos por nacer mujer a\nquienes, adem\u00e1s nos asesinan, violan y agreden por haber nacido mujeres.<\/p>\n\n\n\n<p class=\"wp-block-paragraph\">Insisto en que no niego que las concentraciones del ocho\nde marzo pudieran haber actuado como focos de contagio, pero como cualquiera de\nlas concentraciones humanas que se dieron durante esos d\u00edas. Ni m\u00e1s, ni menos.<\/p>\n\n\n\n<p class=\"wp-block-paragraph\">Ontinyent, marzo de 2020.<\/p>\n\n\n\n<p class=\"wp-block-paragraph\">tmolla@telefonica.net<\/p>\n","protected":false},"excerpt":{"rendered":"<p>Se reuni\u00f3 la ultraderecha<\/p>\n","protected":false},"author":3,"featured_media":18848,"comment_status":"open","ping_status":"open","sticky":false,"template":"","format":"standard","meta":{"_monsterinsights_skip_tracking":false,"footnotes":""},"categories":[691,82,110],"tags":[],"class_list":["post-18847","post","type-post","status-publish","format-standard","has-post-thumbnail","category-691","category-la-opinion","category-la-opinion-columnas"],"_links":{"self":[{"href":"https:\/\/redsemlac.com\/semmexico\/wp-json\/wp\/v2\/posts\/18847","targetHints":{"allow":["GET"]}}],"collection":[{"href":"https:\/\/redsemlac.com\/semmexico\/wp-json\/wp\/v2\/posts"}],"about":[{"href":"https:\/\/redsemlac.com\/semmexico\/wp-json\/wp\/v2\/types\/post"}],"author":[{"embeddable":true,"href":"https:\/\/redsemlac.com\/semmexico\/wp-json\/wp\/v2\/users\/3"}],"replies":[{"embeddable":true,"href":"https:\/\/redsemlac.com\/semmexico\/wp-json\/wp\/v2\/comments?post=18847"}],"version-history":[{"count":0,"href":"https:\/\/redsemlac.com\/semmexico\/wp-json\/wp\/v2\/posts\/18847\/revisions"}],"wp:featuredmedia":[{"embeddable":true,"href":"https:\/\/redsemlac.com\/semmexico\/wp-json\/wp\/v2\/media\/18848"}],"wp:attachment":[{"href":"https:\/\/redsemlac.com\/semmexico\/wp-json\/wp\/v2\/media?parent=18847"}],"wp:term":[{"taxonomy":"category","embeddable":true,"href":"https:\/\/redsemlac.com\/semmexico\/wp-json\/wp\/v2\/categories?post=18847"},{"taxonomy":"post_tag","embeddable":true,"href":"https:\/\/redsemlac.com\/semmexico\/wp-json\/wp\/v2\/tags?post=18847"}],"curies":[{"name":"wp","href":"https:\/\/api.w.org\/{rel}","templated":true}]}}