{"id":18844,"date":"2020-03-30T18:31:24","date_gmt":"2020-03-30T18:31:24","guid":{"rendered":"https:\/\/redsemlac.com\/semmexico\/?p=18844"},"modified":"2023-07-21T15:23:26","modified_gmt":"2023-07-21T20:23:26","slug":"opinion-413","status":"publish","type":"post","link":"https:\/\/redsemlac.com\/semmexico\/opinion-413\/","title":{"rendered":"Alfa Omega"},"content":{"rendered":"\n<h2 class=\"wp-block-heading\">Solidaridad Mundial ante Incruenta Pandemia<\/h2>\n\n\n\n<p class=\"wp-block-paragraph\"><strong>* Hoy los yanquis superaron en v\u00edctimas a la misma China<\/strong><\/p>\n\n\n\n<p class=\"wp-block-paragraph\"><strong>Jorge Herrera Valenzuela<\/strong><\/p>\n\n\n\n<p class=\"wp-block-paragraph\">SemM\u00e9xico, 30 de marzo 2020.- Como aconteci\u00f3 en el\nprincipio de otros siglos, el que estamos viviendo registra en su comienzo un\nmortal ataque a los millones de seres que habit\u00e1bamos en el planeta Tierra. Las\nactividades de todo orden, est\u00e1n suspendidas. El permanecer en casa, es\nobligatorio para no contraer el contagio.<\/p>\n\n\n\n<p class=\"wp-block-paragraph\">Quedan funcionando hospitales, servicios de\nemergencia, comercios de abastecimiento de v\u00edveres. M\u00e9dicos, enfermeras,\nafanadoras, militares, marinos, polic\u00edas y operadores de transportes\ncolectivos, se mantienen permanentemente en el activo. En pa\u00edses europeos y\nasi\u00e1ticos la orden es terminante, nadie debe abandonar su vivienda, salvo casos\nplenamente justificados. <\/p>\n\n\n\n<p class=\"wp-block-paragraph\">El coronavirus tom\u00f3 por sorpresa a los pobladores de\nuna provincia de China. Fueron los primeros atacados por el mal y \u00e9ste se\nextendi\u00f3 con tal rapidez que la noticia se esparci\u00f3 mundialmente. En pocas\nhoras el contagio cruz\u00f3 fronteras y lleg\u00f3 a Alemania, a Italia, a Francia y a\nEspa\u00f1a, en una primera etapa. Se empezaron a contar por miles los afectados y\npor cientos los que perd\u00edan la vida. En Estados Unidos de Am\u00e9rica y en M\u00e9xico\nlos respectivos gobiernos, m\u00e1s bien los correspondientes presidentes, no le\ndieron la importancia al suceso. Despu\u00e9s los brotes se dieron en Sudam\u00e9rica.<\/p>\n\n\n\n<p class=\"wp-block-paragraph\">Hoy los yanquis superaron en v\u00edctimas a la misma\nChina. En M\u00e9xico el hombre de Palacio Nacional se mostr\u00f3 incr\u00e9dulo, se ampar\u00f3\nen estampitas religiosas y uno de sus cercanos colaboradores dijo que era un\nhombre \u201ccon gran fuerza moral\u201d que solo contagiaba amor y otro lo clasific\u00f3\ncomo \u201cexcelente cient\u00edfico\u201d. Sin embargo, la gravedad de la situaci\u00f3n, ha hecho\nque dicten medidas estrictas y esperemos que la humanidad salga adelante. Por\nahora no es el momento de lanzar cargos y de se\u00f1alar omisiones, sino que\ndebemos solidarizarnos.<\/p>\n\n\n\n<p class=\"wp-block-paragraph\">Ya hubo un panel en el que intervinieron los\npresidentes de diferentes pa\u00edses, a efecto de exponer sus puntos de vista para\nsolucionar el problema. Tambi\u00e9n se registr\u00f3 como suceso hist\u00f3rico, el primero\nen la historia de la Iglesia Cat\u00f3lica, que el <strong>Papa Francisco<\/strong> haya enviado un emotivo y tranquilizador mensaje a\ntodo el mundo e impartido la bendici\u00f3n <strong>Urbi\net Orbi<\/strong> (a la Ciudad y al Mundo) desde el interior de El Vaticano y con la\nPlaza de San Pedro totalmente sin un alma, lo que nunca hab\u00eda ocurrido.<\/p>\n\n\n\n<p class=\"wp-block-paragraph\">As\u00ed pues, entendamos que todos somos responsables de\nque la pandemia, en nuestro querido M\u00e9xico, sea de menores alcances. No es\ntiempo de discutir, no es el momento de criticar, es ahora cuando debemos\ncuidar nuestra salud y la de todos los que nos rodean. Acatemos las medidas\nsanitarias que est\u00e1n en vigor. Pensemos en que todo es reparable, de que se\ntrabajar\u00e1 con ah\u00ednco para superar los da\u00f1os materiales, pero nada hay para\nrestituir vidas humanas.<\/p>\n\n\n\n<p class=\"wp-block-paragraph\">Faltan muchos d\u00edas, tal vez semanas o meses para\nsalir de esta crisis e iniciar cautelosamente la reparaci\u00f3n en lo social, en lo\necon\u00f3mico y hasta en lo pol\u00edtico. El minimizar lo que sucede o soslayarlo, es\ncriminal. Los mexicanos todo lo tomamos a broma y sarc\u00e1sticamente actuamos en\nrelaci\u00f3n con la muerte y por ello no faltan los que se consideran inmunes.\nTampoco es para re\u00edrse, sino para avergonzarse, lo expresado por el gobernador\ndel Estado de Puebla, en el sentido de que el coronavirus ataca a los ricos y\nno a los pobres, como el propio declarante. De verdad que es decepcionante que\npor en\u00e9sima ocasi\u00f3n el morenista <strong>Luis\nMiguel Barbosa Huerta<\/strong> manche su carrera pol\u00edtica.<\/p>\n\n\n\n<p class=\"wp-block-paragraph\">Concluyo el comentario con una reflexi\u00f3n del Papa\nFrancisco: \u201cNos dimos cuenta de que est\u00e1bamos en la misma barca, todos fr\u00e1giles\ny desorientados; pero al mismo tiempo, importantes y necesarios, todos llamados\na remar juntos, todos necesitados de confortarnos mutuamente\u201d.<\/p>\n\n\n\n<p class=\"wp-block-paragraph\"><strong>P.D. <\/strong>La noche del jueves 24 tras 103\na\u00f1os y meses de vida, se fue uno de los grandes, de los naturales y aut\u00e9nticos\nreferentes del futbol soccer mexicano: <strong>Don\nIgnacio Trelles Campos<\/strong>, guadalajare\u00f1o que fue jugador, entrenador, director\nt\u00e9cnico de Selecciones Nacionales, \u00fanico con 15 t\u00edtulos futbol\u00edsticos en su\nhistorial&#8230;Don Nacho, conocido as\u00ed en su medio, fue un delantero estrella en\nel Necaxa, equipo donde debut\u00f3 en 1934. Despu\u00e9s visti\u00f3 la camiseta del a\u00f1orado\nMarte; m\u00e1s tarde jug\u00f3 con los entonces \u201ccanarios\u201d del Am\u00e9rica, luego con la\noncena regiomontana del Monterrey y termin\u00f3 en las filas del popularismo\nAtlante; tambi\u00e9n perteneci\u00f3 a los Vikings de Chicago\u2026Como entrenador desfil\u00f3\npor los siguientes equipos: Zacatepec (lo ascendi\u00f3 a Primera Divisi\u00f3n y dos\nveces campe\u00f3n), en dos temporadas consecutivas gan\u00f3 el campeonato con el Cruz\nAzul, igual sucedi\u00f3 al dirigir a los Diablos Rojos del Toluca. El s\u00e9ptimo\ntrofeo lo recibi\u00f3 tras la victoria del Marte\u2026Trelles se \u201cdoctor\u00f3\u201d como \u00e1rbitro,\npero nunca ejerci\u00f3. La historia es muy larga sobre el hombre leyenda que el 31\nde julio hubiese cumplido 104 a\u00f1os. <\/p>\n\n\n\n<p class=\"wp-block-paragraph\"><strong>jherrerav@live.com.mx<\/strong><\/p>\n","protected":false},"excerpt":{"rendered":"<p>Solidaridad Mundial ante Incruenta Pandemia<\/p>\n","protected":false},"author":3,"featured_media":18845,"comment_status":"open","ping_status":"open","sticky":false,"template":"","format":"standard","meta":{"_monsterinsights_skip_tracking":false,"footnotes":""},"categories":[691,94,110],"tags":[],"class_list":["post-18844","post","type-post","status-publish","format-standard","has-post-thumbnail","category-691","category-jorge-herrera-valenzuela","category-la-opinion-columnas"],"_links":{"self":[{"href":"https:\/\/redsemlac.com\/semmexico\/wp-json\/wp\/v2\/posts\/18844","targetHints":{"allow":["GET"]}}],"collection":[{"href":"https:\/\/redsemlac.com\/semmexico\/wp-json\/wp\/v2\/posts"}],"about":[{"href":"https:\/\/redsemlac.com\/semmexico\/wp-json\/wp\/v2\/types\/post"}],"author":[{"embeddable":true,"href":"https:\/\/redsemlac.com\/semmexico\/wp-json\/wp\/v2\/users\/3"}],"replies":[{"embeddable":true,"href":"https:\/\/redsemlac.com\/semmexico\/wp-json\/wp\/v2\/comments?post=18844"}],"version-history":[{"count":0,"href":"https:\/\/redsemlac.com\/semmexico\/wp-json\/wp\/v2\/posts\/18844\/revisions"}],"wp:featuredmedia":[{"embeddable":true,"href":"https:\/\/redsemlac.com\/semmexico\/wp-json\/wp\/v2\/media\/18845"}],"wp:attachment":[{"href":"https:\/\/redsemlac.com\/semmexico\/wp-json\/wp\/v2\/media?parent=18844"}],"wp:term":[{"taxonomy":"category","embeddable":true,"href":"https:\/\/redsemlac.com\/semmexico\/wp-json\/wp\/v2\/categories?post=18844"},{"taxonomy":"post_tag","embeddable":true,"href":"https:\/\/redsemlac.com\/semmexico\/wp-json\/wp\/v2\/tags?post=18844"}],"curies":[{"name":"wp","href":"https:\/\/api.w.org\/{rel}","templated":true}]}}