{"id":18840,"date":"2020-03-30T18:19:32","date_gmt":"2020-03-30T18:19:32","guid":{"rendered":"https:\/\/redsemlac.com\/semmexico\/?p=18840"},"modified":"2023-07-21T15:23:26","modified_gmt":"2023-07-21T20:23:26","slug":"opinion-412","status":"publish","type":"post","link":"https:\/\/redsemlac.com\/semmexico\/opinion-412\/","title":{"rendered":"Miradas de Reportero"},"content":{"rendered":"\n<h2 class=\"wp-block-heading\">\u00bfSocavan los columnistas la aceptaci\u00f3n ciudadana del presidente?<\/h2>\n\n\n\n<ul class=\"wp-block-list\"><li><strong>Columnismo\nsobrevalorado.<\/strong><\/li><\/ul>\n\n\n\n<p class=\"wp-block-paragraph\"><strong>Rogelio Hern\u00e1ndez L\u00f3pez<\/strong><\/p>\n\n\n\n<p class=\"wp-block-paragraph\">SemM\u00e9xico, 30 de marzo 2020.- A pesar de la\nemergencia nacional, colaboradores del primer c\u00edrculo de Andr\u00e9s Manuel L\u00f3pez\nObrador siguen atentos a la aparici\u00f3n de las encuestas, porque en todas ha ido\nbajando la aprobaci\u00f3n ciudadana al presidente de la Rep\u00fablica y ha crecido,\ncasi simult\u00e1neamente, la desaprobaci\u00f3n colectiva. Algunos interpretan como una\ncausa a la mayor\u00eda de columnistas pol\u00edticos por \u201ccriticones que descalifican\ntodo\u201d. Esto es inexacto y reduccionista.<\/p>\n\n\n\n<p class=\"wp-block-paragraph\">Hasta ahora no hay un indicador estad\u00edstico que\nconfirme cu\u00e1l es la relaci\u00f3n entre el ejercicio cr\u00edtico de columnistas y\narticulistas en medios de prensa con la ca\u00edda en la aceptaci\u00f3n presidencial.<\/p>\n\n\n\n<figure class=\"wp-block-gallery columns-1 is-cropped wp-block-gallery-1 is-layout-flex wp-block-gallery-is-layout-flex\"><ul class=\"blocks-gallery-grid\"><li class=\"blocks-gallery-item\"><figure><img decoding=\"async\" src=\"https:\/\/redsemlac.com\/semmexico\/wp-content\/uploads\/2020\/03\/Columnas-AMLO-jueves-26-de-marzo-783x1024.jpg\" alt=\"\" data-id=\"18842\" data-full-url=\"https:\/\/redsemlac.com\/semmexico\/wp-content\/uploads\/2020\/03\/Columnas-AMLO-jueves-26-de-marzo.jpg\" data-link=\"https:\/\/redsemlac.com\/semmexico\/?attachment_id=18842\" class=\"wp-image-18842\"\/><\/figure><\/li><li class=\"blocks-gallery-item\"><figure><img loading=\"lazy\" decoding=\"async\" width=\"898\" height=\"923\" src=\"https:\/\/redsemlac.com\/semmexico\/wp-content\/uploads\/2020\/03\/columnas-amlo-.jpg\" alt=\"\" data-id=\"18841\" data-full-url=\"https:\/\/redsemlac.com\/semmexico\/wp-content\/uploads\/2020\/03\/columnas-amlo-.jpg\" data-link=\"https:\/\/redsemlac.com\/semmexico\/?attachment_id=18841\" class=\"wp-image-18841\"\/><\/figure><\/li><\/ul><\/figure>\n\n\n\n<p class=\"wp-block-paragraph\">La percepci\u00f3n emp\u00edrica de quienes observan la\ncomunicaci\u00f3n pol\u00edtica refleja que s\u00ed se desarroll\u00f3 un clima de tensi\u00f3n del centro\nmotor presidencial con gran parte de columnistas, en especial los que son referencia\nde la opini\u00f3n p\u00fablica. <\/p>\n\n\n\n<p class=\"wp-block-paragraph\">Las inferencias en Palacio Nacional anidaron por el aparente\nparalelismo entre el descenso en la aprobaci\u00f3n presidencial y el crecimiento de\nlas \u201ccr\u00edticas\u201d de comentaristas como no se ve\u00eda en d\u00e9cadas. Pero, el\nmanique\u00edsmo de algunos sedicentes analistas, la adjetiva como \u201cestrepitosa\u201d y\npor el otro lado se acusa generalizando que \u201clos columnistas y dem\u00e1s prensa\nchayotera\u201d son parte y\/o c\u00f3mplices de \u201cquienes quieren que fracase el\npresidente\u201d. Maticemos: <\/p>\n\n\n\n<p class=\"wp-block-paragraph\"><strong>No cae como en tobog\u00e1n<\/strong><\/p>\n\n\n\n<p class=\"wp-block-paragraph\">Las encuestas de las empresas serias en M\u00e9xico son\nde los pocos recursos, derivados de las ciencias exactas, que ayudan a reflejar\nlos estados de \u00e1nimo de las mayor\u00edas en las sociedades, pero sus resultados\nser\u00e1n siempre aproximaciones del momento. Eso es lo primero que debe analizarse\nen los climas pol\u00edticos en lugar de adjudicar males sociales por el mero comportamiento\nde individuos, como lo sustenta Philip Ball, el doctor en f\u00edsica de la Universidad\nde Bristol y divulgador de la ciencia, en su influyente libro <em>Masa Cr\u00edtica.\nCambio, caos y complejidad.<\/em><\/p>\n\n\n\n<p class=\"wp-block-paragraph\"><em>&nbsp;<\/em>\u201cCon la estad\u00edstica lleg\u00f3 la noci\u00f3n de probabilidad\u201d,\nsostiene Ball. Y en un ambiente de probabilidades, qui\u00e9n observe el conjunto de\nlas encuestas recientes sobre aceptaci\u00f3n presidencial ver\u00e1 tendencias en el\nmejor de los casos y no certezas, notar\u00e1 resultados a veces muy dis\u00edmbolos,\nseg\u00fan la seriedad y metodolog\u00eda de cada empresa (v\u00e9ase Oraculus.mx). <\/p>\n\n\n\n<p class=\"wp-block-paragraph\">En la mayor\u00eda de las encuestas la aprobaci\u00f3n al\npresidente a\u00fan mantiene rangos muy altos que van del 47 por ciento de los\nencuestados (GEA-ISA) al 62 y 63 por ciento (Demotecnia y Parametr\u00eda). <\/p>\n\n\n\n<p class=\"wp-block-paragraph\">Si estos porcentajes reflejaran al total de\nciudadanos empadronados en el INE hasta el 20 de marzo, supondr\u00eda que a L\u00f3pez\nObrador lo aprueban muchas m\u00e1s personas que las que votaron por \u00e9l. A\u00fan en el\n\u00edndice m\u00e1s bajo de GEA-ISA lo aprobar\u00edan m\u00e1s de 42 millones de personas que\ncontrastan con los 30.11 millones de votos que obtuvo en julio de 2018. (Ver\ncuadro)<\/p>\n\n\n\n<p class=\"wp-block-paragraph\">Como se observa todas las encuestas reportan disminuci\u00f3n,\npero no es ca\u00edda en tobog\u00e1n como pregonan adversarios formales de partidos y\ncomentaristas con causa y columnistas desfigurados. \u201cM\u00e1s all\u00e1 de las cifras hay\nque preguntarse no s\u00f3lo c\u00f3mo se comporta la sociedad, sino por qu\u00e9\u201d, les\nespetar\u00eda Philip Ball. <\/p>\n\n\n\n<p class=\"wp-block-paragraph\"><strong>Columnismo sobrevalorado.<\/strong><\/p>\n\n\n\n<p class=\"wp-block-paragraph\">Tampoco hay estudios anal\u00edticos recientes que\nreflejen la difuminaci\u00f3n de la enorme influencia que tuvo el columnismo pol\u00edtico\nmexicano. Tambi\u00e9n emp\u00edricamente se observan dos causas probables: el\ndecantamiento paulatino de su credibilidad por el aluvi\u00f3n de opinadores <em>a lo\nBorras<\/em> (con el h\u00edgado y a lo pendejo dec\u00edan en mi barrio) que no respetan\neste g\u00e9nero del periodismo profesional; y por la inundaci\u00f3n de veredictos sin\njuicio en el ciberespacio.<\/p>\n\n\n\n<p class=\"wp-block-paragraph\">Algunas veces bromeamos en los talleres de\nactualizaci\u00f3n profesional de periodistas, que la prensa fue trastorn\u00e1ndose a s\u00ed\nmisma desde los a\u00f1os ochenta del siglo pasado y engendr\u00f3 un Parten\u00f3n a la\nmexicana, al permitir que cualquiera hiciera columnas pol\u00edticas como si fuese\nun g\u00e9nero f\u00e1cil de realizar. Poco a poco configur\u00f3 una parodia de aquella construcci\u00f3n\ngriega de muchas columnas, de la que hoy solo quedan vestigios ruinosos. Los\ncolumnistas profesionales reivindican el g\u00e9nero y no son muchos.<\/p>\n\n\n\n<p class=\"wp-block-paragraph\">Hoy, sobre todo en las \u201cbenditas redes sociales,\nsobran opiniones perge\u00f1adas por personas improvisadas, informados\nculturalmente, que recortean en internet, sin m\u00e9todo de an\u00e1lisis, que pontifican\nen cualquier tema y m\u00e1gicamente se tornan feministas de una semana a otra y que\nahora aparecen como inmun\u00f3logos y epidemi\u00f3logos en el caos y avivan la entrop\u00eda\n&#8211;involuntaria o interesadamente&#8211;. Los hay de un lado y otro en rededor del\nr\u00e9gimen presidencial con noticias falsas, verdades a medias o condenas\ndirectas.<\/p>\n\n\n\n<p class=\"wp-block-paragraph\">Entre los columnistas, los p\u00fablicos pueden reconocer\na quienes, si asumen las normas del g\u00e9nero, cuya base implica ofrecer\ndescripciones (informaci\u00f3n) para sustentar sus prescripciones. Son bastante los\nque si abrazan lo que sostiene el cient\u00edfico Philip Ball: <em>\u201cLos te\u00f3ricos de\nla pol\u00edtica tienden a ocuparse de lo que deber\u00eda ser, los cient\u00edficos<\/em> (en\neste caso los columnistas serios<em>) se centran en lo que es<\/em>\u201d. Ejemplos de\ncolumnistas que reportean para cimentar sus opiniones son Raymundo Riva\nPalacio, Julio Hern\u00e1ndez L\u00f3pez (Astillero), Roberto Fuentes Vivar, Martha Anaya,\nEnrique Quintana\u2026<\/p>\n\n\n\n<p class=\"wp-block-paragraph\">Entre los cientos de columnas pol\u00edticas conocidas en\ntodo el pa\u00eds y los textos de los articulistas regulares probablemente cumplan\ncon las caracter\u00edsticas del g\u00e9nero un 15 por ciento. La mayor\u00eda de este\nporcentaje, unos 30, aparecen en el servicio <em>M\u00e9xico en S\u00edntesis<\/em>, que\nofrece diariamente Andr\u00e9s Alejandres, y casi con seguridad son los mismos que\nobservan y con frecuencia satanizan en la presidencia de la Rep\u00fablica y sus\nreplicadores en las redes sociales para crear un ambiente de tensi\u00f3n contrahecho\npor no aceptar el valor de la cr\u00edtica period\u00edstica ni identificar cuando es\nsincero el trabajo del mensajero.<\/p>\n\n\n\n<p class=\"wp-block-paragraph\">La mayor\u00eda de esos 30 son cr\u00edticos, pero no son\nhomog\u00e9neos. Buena parte son sinceros en su actitud frente al gobierno federal y\nsu presidente (Ver cuadro), algunos pocos se identifican bien porque sin\ndisimulo destilan antiamlismo sistem\u00e1tico que por ello son se\u00f1alado de ser\nparte de concertaciones opositoras como Ricardo Alem\u00e1n, Pablo Hiriat, Carlos\nLoret de Mola. <\/p>\n\n\n\n<p class=\"wp-block-paragraph\">En resumen, es muy relativa y poco probable la afirmaci\u00f3n de que las y los columnistas sean una sola corriente y una de las causas mayores de la baja en la estimaci\u00f3n presidencial. Las cr\u00edticas a la gesti\u00f3n del aparato federal son tan altas como la proporci\u00f3n de la ciudadan\u00eda que a\u00fan apoya mayoritariamente a L\u00f3pez Obrador. Los an\u00e1lisis que sobrevaloran est\u00e1n incompletos y pocos sustentados.<\/p>\n","protected":false},"excerpt":{"rendered":"<p>\u00bfSocavan los columnistas la aceptaci\u00f3n ciudadana del presidente?<\/p>\n","protected":false},"author":3,"featured_media":8473,"comment_status":"open","ping_status":"open","sticky":false,"template":"","format":"standard","meta":{"_monsterinsights_skip_tracking":false,"footnotes":""},"categories":[691,106,85],"tags":[],"class_list":["post-18840","post","type-post","status-publish","format-standard","has-post-thumbnail","category-691","category-mirada-de-reportero","category-rogelio-hernandez-lopez"],"_links":{"self":[{"href":"https:\/\/redsemlac.com\/semmexico\/wp-json\/wp\/v2\/posts\/18840","targetHints":{"allow":["GET"]}}],"collection":[{"href":"https:\/\/redsemlac.com\/semmexico\/wp-json\/wp\/v2\/posts"}],"about":[{"href":"https:\/\/redsemlac.com\/semmexico\/wp-json\/wp\/v2\/types\/post"}],"author":[{"embeddable":true,"href":"https:\/\/redsemlac.com\/semmexico\/wp-json\/wp\/v2\/users\/3"}],"replies":[{"embeddable":true,"href":"https:\/\/redsemlac.com\/semmexico\/wp-json\/wp\/v2\/comments?post=18840"}],"version-history":[{"count":0,"href":"https:\/\/redsemlac.com\/semmexico\/wp-json\/wp\/v2\/posts\/18840\/revisions"}],"wp:featuredmedia":[{"embeddable":true,"href":"https:\/\/redsemlac.com\/semmexico\/wp-json\/wp\/v2\/media\/8473"}],"wp:attachment":[{"href":"https:\/\/redsemlac.com\/semmexico\/wp-json\/wp\/v2\/media?parent=18840"}],"wp:term":[{"taxonomy":"category","embeddable":true,"href":"https:\/\/redsemlac.com\/semmexico\/wp-json\/wp\/v2\/categories?post=18840"},{"taxonomy":"post_tag","embeddable":true,"href":"https:\/\/redsemlac.com\/semmexico\/wp-json\/wp\/v2\/tags?post=18840"}],"curies":[{"name":"wp","href":"https:\/\/api.w.org\/{rel}","templated":true}]}}