{"id":18838,"date":"2020-03-30T17:58:50","date_gmt":"2020-03-30T17:58:50","guid":{"rendered":"https:\/\/redsemlac.com\/semmexico\/?p=18838"},"modified":"2023-07-21T15:23:26","modified_gmt":"2023-07-21T20:23:26","slug":"opinion-411","status":"publish","type":"post","link":"https:\/\/redsemlac.com\/semmexico\/opinion-411\/","title":{"rendered":"Botella al Mar"},"content":{"rendered":"\n<h2 class=\"wp-block-heading\">Si el virus pudiera hablar<\/h2>\n\n\n\n<ul class=\"wp-block-list\"><li><strong>Mon\u00f3logo <\/strong><\/li><\/ul>\n\n\n\n<p class=\"wp-block-paragraph\"><strong>Martha Canseco Gonz\u00e1lez.<\/strong><\/p>\n\n\n\n<p class=\"wp-block-paragraph\">SemM\u00e9xico, 30 de marzo 2020.- Hace un poco m\u00e1s de\nveinte a\u00f1os, uno de mis hermanos muri\u00f3 de c\u00e1ncer. \u00c9l tuvo una de esas\nexperiencias que han tenido otras personas, de morir y regresar de ese umbral.\nFue un hombre que se sinti\u00f3 muerto, que se crey\u00f3 muerto, pero que pudo volver\npara hablar de lo que vio y sinti\u00f3, se fue finalmente un mes despu\u00e9s. <\/p>\n\n\n\n<p class=\"wp-block-paragraph\">Resulta que cuando retorn\u00f3 a la vida, solo est\u00e1bamos\n\u00e9l y yo en la habitaci\u00f3n del hospital. Me empez\u00f3 a relatar todo, yo no lo pod\u00eda\ncreer, le dije, es que eso que est\u00e1s diciendo, es para escribirlo, \u00a1pues\nescr\u00edbelo!, me dijo. Tom\u00e9 mi libreta reportera y apunt\u00e9 todo lo que me dijo,\nfueron hojas y hojas. Una parte se parece bastante a lo que estamos pasando con\nla pandemia que asola al mundo, pero que no voy a reproducir en este momento,\nhabr\u00e1 oportunidad de hacerlo despu\u00e9s, reconozco que necesito estar en una situaci\u00f3n\nemocional m\u00e1s favorable para hacerlo.<\/p>\n\n\n\n<p class=\"wp-block-paragraph\">Sin embargo, una querida amiga que vive en Par\u00eds, me\nhizo llegar un texto de un tal Pablo, as\u00ed firma, que por supuesto es m\u00e1s amplio\ny que toca puntos que mi hermano no alcanz\u00f3 a ver. Lo copio \u00edntegro, se public\u00f3\nel 17 de marzo de 2020 en un portal que se llama \u00bfQu\u00e9 pasa aqu\u00ed? Pablo lo llam\u00f3\n\u201cMon\u00f3logo del Virus\u201d.<\/p>\n\n\n\n<p class=\"wp-block-paragraph\"><em>\u201cDejad de proferir, queridos humanos, vuestros\nrid\u00edculos llamamientos a la guerra. Dejad de dirigirme esas miradas de\nvenganza. Apagad el halo de terror conque envolv\u00e9is mi nombre. Nosotros los\nvirus, desde el origen bacteriano del mundo, somos el verdadero <strong>continuum <\/strong>de\nla vida en la tierra. Sin nosotros, jam\u00e1s habr\u00edais visto la luz del d\u00eda, ni\nsiquiera la habr\u00eda visto la primera c\u00e9lula.<\/em><\/p>\n\n\n\n<p class=\"wp-block-paragraph\"><em>\u201cSomos vuestros antepasados, al igual que las\npiedras y las algas, y mucho m\u00e1s que los monos. Estamos dondequiera que est\u00e9is\ny tambi\u00e9n donde no est\u00e1is. \u00a1Si del universo s\u00f3lo veis aquello que se os parece,\npeor para vosotros! Pero, sobre todo, dejad de decir que soy yo el que os est\u00e1\nmatando. No est\u00e1is muriendo por lo que le hago a vuestros tejidos, sino porque\nhab\u00e9is dejado de cuidar a vuestros semejantes. Si no hubierais sido tan rapaces\nentre vosotros como lo hab\u00e9is sido con todo lo que vive en este planeta,\ntodav\u00eda habr\u00eda suficientes camas, enfermeras y respiradores para sobrevivir a\nlos estragos que causo en vuestros pulmones. Si no almacenaseis a vuestros\nancianos en morideros y a vuestros pr\u00f3jimos sanos en ratoneras de hormig\u00f3n\narmado, no es ver\u00edais en estas. Si no hubierais transformado la amplitud, hasta\nayer mismo a\u00fan exuberante, ca\u00f3tica, infinitamente poblada, del mundo \u2013o, mejor\ndicho, de los mundos- en un vasto desierto para el monocultivo de lo Mismo y\ndel M\u00e1s, yo no habr\u00eda podido lanzarme a la conquista planetaria de vuestras\ngargantas. Si durante el \u00faltimo siglo no os hubierais convertido pr\u00e1cticamente\ntodos en copias redundantes de una misma e insostenible forma de vida, no os\nestar\u00edais preparando para morir como moscas abandonadas en el agua de vuestra\ncivilizaci\u00f3n edulcorada. Si no hubierais convertido vuestros entornos en\nespacios tan vac\u00edos, tan transparentes, tan<strong> abstractos<\/strong>, tened por seguro\nque no me desplazar\u00eda a la velocidad de un avi\u00f3n. S\u00f3lo estoy ejecutando la\nsentencia que dictasteis hace mucho contra vosotros mismos. Perdonadme, pero\nsois vosotros, que yo sepa, quienes hab\u00e9is inventado el t\u00e9rmino \u201cAntropoceno\u201d.\nOs hab\u00e9is adjudicado todo el honor del desastre; ahora que est\u00e1 teniendo lugar,\nes demasiado tarde para renunciar a \u00e9l. Los m\u00e1s honestos de entre vosotros lo\nsab\u00e9is bien: no tengo m\u00e1s c\u00f3mplice que vuestra propia organizaci\u00f3n social,\nvuestra locura de la \u201cgran escala\u201d y de su econom\u00eda, vuestro fanatismo del\nsistema. S\u00f3lo los sistemas son \u201cvulnerables\u201d. Lo dem\u00e1s vive y muere. S\u00f3lo hay\nvulnerabilidad para lo que aspira al control, a su extensi\u00f3n y\nperfeccionamiento. Miradme atentamente: s\u00f3lo soy la otra cara de la Muerte\nreinante.<\/em><\/p>\n\n\n\n<p class=\"wp-block-paragraph\"><em>\u201cAs\u00ed que dejad de culparme, de acusarme, de\nacosarme. De paralizaros ante m\u00ed. Todo eso es infantil. Os propongo que\ncambi\u00e9is vuestra mirada: hay una inteligencia inmanente en la vida. No hace\nfalta ser <strong>sujeto<\/strong> para tener un recuerdo o una estrategia. No hace falta\nser soberano para decidir. Las bacterias y los virus tambi\u00e9n pueden hacer que <strong>llueva\ny brille el sol<\/strong>. As\u00ed que miradme como vuestro salvador m\u00e1s que como vuestro\nenterrador. Sois libres de no creerme, pero <strong>he venido a parar la m\u00e1quina\ncuyo freno de emergencia no encontrabais. <\/strong>He venido a detener la actividad\nde la que erais rehenes. He venido a poner de manifiesto la aberraci\u00f3n de la\n\u201cnormalidad\u201d. \u201cDelegar en otros nuestra alimentaci\u00f3n, nuestra protecci\u00f3n,\nnuestra capacidad de cuidar de las condiciones de vida ha sido una locura\u201d \u2026\n\u201cNo hay l\u00edmite presupuestario, la salud no tiene precio\u201d: \u00a1mirad c\u00f3mo hago que\nse retracten de palabra y de obra vuestros gobernantes! \u00a1Mirad c\u00f3mo de repente\nse revelan no s\u00f3lo como superfluos, sino como nocivos! Para ellos no sois m\u00e1s\nque el soporte de la reproducci\u00f3n de su sistema, es decir, menos a\u00fan que\nesclavos. Hasta al plancton lo tratan mejor que a vosotros.<\/em><\/p>\n\n\n\n<p class=\"wp-block-paragraph\"><em>\u201cPero no malgast\u00e9is energ\u00eda en cubrirlos de\nreproches, en echarles en cara sus limitaciones. Acusarlos de negligencia es\ndarles m\u00e1s de lo que se merecen. Preguntaos m\u00e1s bien c\u00f3mo ha podido pareceros\ntan c\u00f3modo dejaros gobernar. Alabar los m\u00e9ritos de la opci\u00f3n china frente a la\nopci\u00f3n brit\u00e1nica, de soluci\u00f3n imperial-legista frente al m\u00e9todo\ndarwinista-liberal, es no entender nada ni de la una ni de la otra, ni del\nhorror la una ni del horror de la otra. Desde Quesnay, los \u201cliberales\u201d siempre\nhan mirado con envidia al imperio chino; y siguen haci\u00e9ndolo. Son hermanos\nsiameses. Que uno te confine por tu propio bien y el otro por el bien de \u201cla\nsociedad\u201d equivale igualmente a aplastar la \u00fanica conducta no nihilista en este\nmomento: cuidar de uno mismo, de aquellos a los que quieres y de aquellos que\namamos en aquellos que no conocemos. No dej\u00e9is que quienes os han conducido al\nabismo pretendan sacaros de \u00e9l: lo \u00fanico que har\u00e1n ser\u00e1 prepararos un infierno\nm\u00e1s perfeccionado, una tumba a\u00fan m\u00e1s profunda. El d\u00eda que puedan, patrullar\u00e1n\nel m\u00e1s all\u00e1 con sus ej\u00e9rcitos.<\/em><\/p>\n\n\n\n<p class=\"wp-block-paragraph\"><em>\u201cM\u00e1s bien, agradec\u00e9dmelo. Sin m\u00ed, \u00bfcu\u00e1nto tiempo m\u00e1s\nse habr\u00edan hecho pasar por necesarias todas esas cosas aparentemente\nincuestionables cuya suspensi\u00f3n se decreta de inmediato? La globalizaci\u00f3n, los\nconcursos, el tr\u00e1fico a\u00e9reo, los l\u00edmites presupuestarios, las elecciones, el\nespect\u00e1culo de las competiciones deportivas, Disneyland, las salas de <strong>fitness<\/strong>,\nla mayor\u00eda de los comercios, el parlamento, el acuartelamiento escolar, las\naglomeraciones de masas, la mayor parte de los trabajos de oficina, toda esa\nebria sociabilidad que no es sino el reverso de la angustiada soledad de las\nm\u00f3nadas metropolitanas. Ya lo veis: nada de eso es necesario cuando el <strong>estado\nde necesidad<\/strong> se manifiesta. Agradecedme la prueba de la verdad que vais a\npasar en las pr\u00f3ximas semanas: por fin vais a vivir en vuestra propia vida, sin\nlos miles de subterfugios que, mal que bien, sostienen lo insostenible. Todav\u00eda\nno os hab\u00edais dado cuenta de que nunca hab\u00edais llegado a instalaros en vuestra\npropia existencia. Viv\u00edais entre las cajas de cart\u00f3n y no lo sab\u00edais. Ahora\nvais a vivir con vuestros seres queridos. Vais a vivir en casa. Vais a dejar de\nestar en tr\u00e1nsito hacia la muerte. Puede que odi\u00e9is a vuestro marido. Puede que\naborrezc\u00e1is a vuestros hijos. Quiz\u00e1s os entren ganas de dinamitar el<strong>\ndecorado<\/strong> de vuestra vida diaria. Lo cierto es que, en esas metr\u00f3polis de la\nseparaci\u00f3n, ya no estabais en el mundo. Vuestro mundo hab\u00eda dejado de ser\nhabitable en ninguno de sus puntos excepto huyendo constantemente. Tan grande\nera la presencia de la fealdad que hab\u00eda que aturdirse de movimiento y de\ndistracciones. Y lo fantasmal reinaba entre los seres. Todo se hab\u00eda vuelto tan\neficaz que ya nada ten\u00eda sentido. \u00a1Agradecedme todo esto, y bienvenidos a la\ntierra!<\/em><\/p>\n\n\n\n<p class=\"wp-block-paragraph\"><em>\u201cGracias a m\u00ed, por tiempo indefinido, ya no\ntrabajar\u00e9is, vuestros hijos no ir\u00e1n al colegio, y sin embargo ser\u00e1 todo lo\ncontrario a las vacaciones. Las vacaciones son ese espacio que hay que rellenar\na toda costa mientras se espera la ansiada vuelta al trabajo. Pero esto que se\nabre ante vosotros, gracias a m\u00ed, no es un espacio delimitado, es una inmensa\napertura. He venido a <strong>descolocaros<\/strong>. Nadie os asegura que el no-mundo de\nantes volver\u00e1. Puede que todo este absurdo rentable termine. Si no os pagan,\n\u00bfqu\u00e9 ser\u00eda m\u00e1s natural que dejar de pagar el alquiler? \u00bfPor qu\u00e9 iba a seguir\ncumpliendo con sus cuotas del banco quien de todos modos ya no puede trabajar?\n\u00bfAcaso no es suicida vivir donde ni siquiera se puede cultivar un huerto? No\npor no tener dinero se va a dejar de comer, y quien tiene el hierro tiene el\npan, como dec\u00eda Auguste Blanqui: Dadme las gracias: os coloco al pie de la\nbifurcaci\u00f3n que estructuraba t\u00e1citamente vuestras existencias<strong>: la econom\u00eda o\nla vida<\/strong>. De vosotros depende, Lo que est\u00e1 en juego es hist\u00f3rico. O los\ngobernantes os imponen su estado de excepci\u00f3n o vosotros invent\u00e1is el vuestro.\nU os vincul\u00e1is a las verdades que est\u00e1n viendo la luz o pon\u00e9is vuestra cabeza\nen el tajo del verdugo. O aprovech\u00e1is el tiempo que os doy ahora para\nimaginaros el mundo de despu\u00e9s a partir de las lecciones del colapso al que\nestamos asistiendo o \u00e9ste se radicalizar\u00e1 por completo. El desastre cesa cuando\nla econom\u00eda se detiene. La econom\u00eda es el desastre. Esto era una tesis antes\ndel mes pasado. Ahora es un hecho. A nadie se le escapa cu\u00e1nta polic\u00eda, cu\u00e1nta\nlog\u00edstica y cu\u00e1nto teletrabajo har\u00e1 falta para reprimirlo.<\/em><\/p>\n\n\n\n<p class=\"wp-block-paragraph\"><em>Ante m\u00ed, no ced\u00e1is ni al p\u00e1nico ni al impulso de\nnegaci\u00f3n. No ced\u00e1is a las histerias biopol\u00edticas. Las pr\u00f3ximas semanas ser\u00e1n\nterribles, abrumadoras, crueles. Las puertas de la Muerte estar\u00e1n abiertas de\npar en par. Soy la m\u00e1s devastadora producci\u00f3n de devastaci\u00f3n de la producci\u00f3n.\nVengo a devolver a la nada a los nihilistas. La injusticia de este mundo nuca\nser\u00e1 m\u00e1s escandalosa. Es a una civilizaci\u00f3n y no a vosotros, a quien vengo a\nenterrar. Quienes quieran vivir tendr\u00e1n que crearse h\u00e1bitos nuevos, que sean\napropiados para ellos. Evitarme ser\u00e1 la oportunidad para esta reinvenci\u00f3n, para\neste nuevo arte de las distancias. El arte de saludarse, en el que algunos eran\nlo suficientemente miopes como para ver la forma misma de la instituci\u00f3n,\npronto ya no obedecer\u00e1n a ninguna etiqueta. Caracterizar\u00e1 a los seres. No lo\nhag\u00e1is \u201cpor los dem\u00e1s\u201d, por \u201cla poblaci\u00f3n\u201d o por \u201cla sociedad\u201d. Cuidad de\nvuestros amigos y de vuestros amores. Volved a pensar en ellos, soberanamente,\nuna forma justa de vida. Cread conglomerados de vida buena, ampliadlos, y nada\npodr\u00e9 contra vosotros. Este es un llamamiento no a la vuelta masiva a la\ndisciplina, sino a la atenci\u00f3n. No al fin de la despreocupaci\u00f3n sino al de la\nnegligencia. \u00bfQu\u00e9 otra manera me quedaba de recordaros que la salvaci\u00f3n est\u00e1 en\ncada gesto? Que todo est\u00e1 en lo \u00ednfimo.<\/em><\/p>\n\n\n\n<p class=\"wp-block-paragraph\"><em>\u201cHe tenido que rendirme a la evidencia: la humanidad\ns\u00f3lo se plantea las preguntas que no puede seguir sin plantearse\u201d.<\/em><\/p>\n\n\n\n<p class=\"wp-block-paragraph\">Aqu\u00ed lo dejo, ustedes hacen la reflexi\u00f3n.<\/p>\n\n\n\n<p class=\"wp-block-paragraph\">botellalmar2017@gmail.com<\/p>\n","protected":false},"excerpt":{"rendered":"<p>Si el virus pudiera hablar<\/p>\n","protected":false},"author":3,"featured_media":9095,"comment_status":"open","ping_status":"open","sticky":false,"template":"","format":"standard","meta":{"_monsterinsights_skip_tracking":false,"footnotes":""},"categories":[691,98,84],"tags":[],"class_list":["post-18838","post","type-post","status-publish","format-standard","has-post-thumbnail","category-691","category-botella-al-mar","category-martha-canseco"],"_links":{"self":[{"href":"https:\/\/redsemlac.com\/semmexico\/wp-json\/wp\/v2\/posts\/18838","targetHints":{"allow":["GET"]}}],"collection":[{"href":"https:\/\/redsemlac.com\/semmexico\/wp-json\/wp\/v2\/posts"}],"about":[{"href":"https:\/\/redsemlac.com\/semmexico\/wp-json\/wp\/v2\/types\/post"}],"author":[{"embeddable":true,"href":"https:\/\/redsemlac.com\/semmexico\/wp-json\/wp\/v2\/users\/3"}],"replies":[{"embeddable":true,"href":"https:\/\/redsemlac.com\/semmexico\/wp-json\/wp\/v2\/comments?post=18838"}],"version-history":[{"count":0,"href":"https:\/\/redsemlac.com\/semmexico\/wp-json\/wp\/v2\/posts\/18838\/revisions"}],"wp:featuredmedia":[{"embeddable":true,"href":"https:\/\/redsemlac.com\/semmexico\/wp-json\/wp\/v2\/media\/9095"}],"wp:attachment":[{"href":"https:\/\/redsemlac.com\/semmexico\/wp-json\/wp\/v2\/media?parent=18838"}],"wp:term":[{"taxonomy":"category","embeddable":true,"href":"https:\/\/redsemlac.com\/semmexico\/wp-json\/wp\/v2\/categories?post=18838"},{"taxonomy":"post_tag","embeddable":true,"href":"https:\/\/redsemlac.com\/semmexico\/wp-json\/wp\/v2\/tags?post=18838"}],"curies":[{"name":"wp","href":"https:\/\/api.w.org\/{rel}","templated":true}]}}