{"id":18835,"date":"2020-03-29T20:13:24","date_gmt":"2020-03-29T20:13:24","guid":{"rendered":"https:\/\/redsemlac.com\/semmexico\/?p=18835"},"modified":"2023-07-21T15:23:26","modified_gmt":"2023-07-21T20:23:26","slug":"asesinan-en-colombia-a-carlota-isabel-salinas-lider-feminista","status":"publish","type":"post","link":"https:\/\/redsemlac.com\/semmexico\/asesinan-en-colombia-a-carlota-isabel-salinas-lider-feminista\/","title":{"rendered":"Asesinan en Colombia a Carlota Isabel Salinas, l\u00edder feminista"},"content":{"rendered":"\n<ul class=\"wp-block-list\"><li><strong>Hombres armados irrumpieron en su casa y la obligaron a salir y despu\u00e9s de hacerla caminar varios metros le dispararon.<\/strong><\/li><\/ul>\n\n\n\n<p class=\"wp-block-paragraph\"><strong>Redacci\u00f3n\/Agencias<\/strong><\/p>\n\n\n\n<p class=\"wp-block-paragraph\">SemM\u00e9xico\/Agencias: Lavoz\/Agencia Telam. 29 de Marzo 2020.- La\nl\u00edder social Carlota Isabel Salinas, defensora de los derechos de la mujer en\nel contexto del conflicto armado en Colombia, fue asesinada en una localidad\ndel norte\u00f1o departamento de Bol\u00edvar.<\/p>\n\n\n\n<p class=\"wp-block-paragraph\">El crimen se produjo el martes en el municipio de San Pablo,\ncuando hombres armados irrumpieron en su casa y la obligaron a salir y despu\u00e9s\nde hacerla caminar varios metros, la mataron a tiros, relat\u00f3 Gloria Amparo\nSu\u00e1rez, abogada de la Organizaci\u00f3n Femenina Popular (OFP), a la que pertenec\u00eda\nla v\u00edctima, en declaraciones a RCN Radio.<\/p>\n\n\n\n<p class=\"wp-block-paragraph\">\u00abFue una compa\u00f1era que se destac\u00f3 siempre por su\nsolidaridad, por el acompa\u00f1amiento a las otras mujeres, por el apoyo a las\nv\u00edctimas de la violencia de g\u00e9nero\u00bb, expres\u00f3 Su\u00e1rez.<\/p>\n\n\n\n<p class=\"wp-block-paragraph\">Adem\u00e1s, ante la pandemia de coronavirus, Salinas se hab\u00eda\ndedicado a llevar comida a las familias m\u00e1s vulnerables del casco urbano de San\nPablo en medio del confinamiento social ordenado por el gobierno colombiano\npara frenar el contagio.<\/p>\n\n\n\n<p class=\"wp-block-paragraph\">\u00abEra una l\u00edder social que se fue empoderando entre las\ncomunidades y poco a poco fue encarg\u00e1ndose de varias iniciativas dentro del\nmunicipio\u00bb, destac\u00f3 la representante legal de la ONG.<\/p>\n\n\n\n<p class=\"wp-block-paragraph\">La Organizaci\u00f3n Femenina Popular inst\u00f3 a la Fiscal\u00eda a que\n\u00abse esclarezcan los m\u00f3viles del crimen y las estructuras organizadas que\nexisten en la regi\u00f3n y que son responsables de los asesinatos de l\u00edderes y\nlideresas sociales\u00bb.<\/p>\n\n\n\n<p class=\"wp-block-paragraph\">La OFP subray\u00f3 \u00abla urgencia de que el Estado colombiano\ncumpla con sus obligaciones de debida diligencia y protecci\u00f3n de la vida de\nquienes luchan por las comunidades, la justicia y la dignidad\u00bb, sostuvo la\nabogada, citada por la agencia de noticias Europa Press.<\/p>\n\n\n\n<p class=\"wp-block-paragraph\">Desde la firma en 2016 del acuerdo de paz entre el gobierno\ny las FARC, Colombia sufre una nueva ola de violencia debido, sobre todo, a la\npugna entre grupos rivales para apoderarse del territorio y los negocios de la\nextinta guerrilla, entre ellos el narcotr\u00e1fico.<\/p>\n\n\n\n<p class=\"wp-block-paragraph\">De acuerdo con Naciones Unidas, desde la firma del acuerdo\nde paz han sido asesinados al menos 303 l\u00edderes sociales y defensores de los\nDerechos Humanos y 173 ex guerrilleros de las FARC, si bien las ONG alertan de\nque las cifras ser\u00edan mucho mayores.<\/p>\n\n\n\n<p class=\"wp-block-paragraph\">SEM\/Agencias<\/p>\n","protected":false},"excerpt":{"rendered":"<p>Hombres armados irrumpieron en su casa y la obligaron a salir y despu\u00e9s de hacerla caminar varios metros le dispararon.<\/p>\n","protected":false},"author":3,"featured_media":18836,"comment_status":"open","ping_status":"open","sticky":false,"template":"","format":"standard","meta":{"_monsterinsights_skip_tracking":false,"footnotes":""},"categories":[691,56],"tags":[],"class_list":["post-18835","post","type-post","status-publish","format-standard","has-post-thumbnail","category-691","category-redes"],"_links":{"self":[{"href":"https:\/\/redsemlac.com\/semmexico\/wp-json\/wp\/v2\/posts\/18835","targetHints":{"allow":["GET"]}}],"collection":[{"href":"https:\/\/redsemlac.com\/semmexico\/wp-json\/wp\/v2\/posts"}],"about":[{"href":"https:\/\/redsemlac.com\/semmexico\/wp-json\/wp\/v2\/types\/post"}],"author":[{"embeddable":true,"href":"https:\/\/redsemlac.com\/semmexico\/wp-json\/wp\/v2\/users\/3"}],"replies":[{"embeddable":true,"href":"https:\/\/redsemlac.com\/semmexico\/wp-json\/wp\/v2\/comments?post=18835"}],"version-history":[{"count":0,"href":"https:\/\/redsemlac.com\/semmexico\/wp-json\/wp\/v2\/posts\/18835\/revisions"}],"wp:featuredmedia":[{"embeddable":true,"href":"https:\/\/redsemlac.com\/semmexico\/wp-json\/wp\/v2\/media\/18836"}],"wp:attachment":[{"href":"https:\/\/redsemlac.com\/semmexico\/wp-json\/wp\/v2\/media?parent=18835"}],"wp:term":[{"taxonomy":"category","embeddable":true,"href":"https:\/\/redsemlac.com\/semmexico\/wp-json\/wp\/v2\/categories?post=18835"},{"taxonomy":"post_tag","embeddable":true,"href":"https:\/\/redsemlac.com\/semmexico\/wp-json\/wp\/v2\/tags?post=18835"}],"curies":[{"name":"wp","href":"https:\/\/api.w.org\/{rel}","templated":true}]}}