{"id":18832,"date":"2020-03-29T19:47:32","date_gmt":"2020-03-29T19:47:32","guid":{"rendered":"https:\/\/redsemlac.com\/semmexico\/?p=18832"},"modified":"2023-07-21T15:23:26","modified_gmt":"2023-07-21T20:23:26","slug":"opinion-410","status":"publish","type":"post","link":"https:\/\/redsemlac.com\/semmexico\/opinion-410\/","title":{"rendered":"Desde la mano izquierda"},"content":{"rendered":"\n<h2 class=\"wp-block-heading\"><strong>Lo desapercibido<\/strong><\/h2>\n\n\n\n<p class=\"wp-block-paragraph\"><strong>Claudia Almaguer<\/strong><\/p>\n\n\n\n<p class=\"wp-block-paragraph\">SemM\u00e9xico. 29 de marzo 2020.- En el a\u00f1o 2015 a prop\u00f3sito de\nla conmemoraci\u00f3n del 25 de noviembre escrib\u00ed en esta columna&nbsp; acerca de las acciones que pod\u00edan llevar a\ncabo los familiares y las amistades de una v\u00edctima de violencia en\nconsideraci\u00f3n al perfil que caracteriza estos casos en M\u00e9xico conformado por\nmujeres que son agredidas por sus parejas y ex parejas en el contexto de\nrelaciones abusivas y desiguales.<\/p>\n\n\n\n<p class=\"wp-block-paragraph\">En los datos m\u00e1s recientes dicha representaci\u00f3n sigue\nvigente, la \u00faltima Encuesta Nacional sobre la Din\u00e1mica de las Relaciones en los\nHogares (ENDIREH) 2016 del INEGI report\u00f3 que a nivel nacional 64 de cada 100\nmujeres con violencia de pareja a lo largo de su relaci\u00f3n, sufrieron violencia\nsevera y muy severa y 13 estados se hallaban desde entonces por encima de la\nmedia nacional en la proporci\u00f3n de mujeres en situaci\u00f3n de violencia severa y\nmuy severa: Aguascalientes, Guanajuato, San Luis Potos\u00ed, Coahuila de Zaragoza,\nEstado de M\u00e9xico, Tabasco, Jalisco, Chiapas, Quer\u00e9taro, Veracruz, Hidalgo,\nTlaxcala y Morelos.<\/p>\n\n\n\n<p class=\"wp-block-paragraph\">De ah\u00ed que en la actualidad al tomar en cuenta que las\nmedidas sanitarias bajo las que nos encontramos pueden ser un factor de riesgo\npara las v\u00edctimas dichas entidades federativas al igual que el resto del pa\u00eds\ndeber\u00e1n tomar decisiones eficaces para prevenir la ocurrencia de la violencia\nfeminicida y es de suma importancia que se produzca un ejercicio de vigilancia\npor parte de actoras externas como las periodistas feministas en cada\nterritorio, las pol\u00edticas, las organizaciones y la ciudadan\u00eda.<\/p>\n\n\n\n<p class=\"wp-block-paragraph\">Porque precisamente el jueves 26 de marzo habl\u00f3 de esto la\ntitular del Instituto Nacional de las Mujeres en la conferencia diaria que est\u00e1\ndando el gobierno federal para situaci\u00f3n del COVID \u2013 19 pero el tema pas\u00f3 sin\npena ni gloria, sin ning\u00fan cuestionamiento por parte de la prensa, eso en un\npa\u00eds en el que asesinan brutalmente a 10 mujeres todos los d\u00edas.<\/p>\n\n\n\n<p class=\"wp-block-paragraph\">Bien pudieron preguntarle a Nadine Gasman su posici\u00f3n y su\ngesti\u00f3n en relaci\u00f3n a la carta abierta dirigida a la Secretar\u00eda de Hacienda y\nCr\u00e9dito P\u00fablico por parte de la Red Nacional de Refugios para solicitar la\nliberaci\u00f3n inmediata del presupuesto federal etiquetado para estos espacios\nespecializados en la atenci\u00f3n a mujeres que padecen violencia extrema y que\nest\u00e1 en riesgo su vida. Cabe mencionar que ese escrito refiere que diversos\norganismos nacionales e internacionales han hecho un llamado para que los\nEstados adopten pol\u00edticas feministas para abordar el COVID19.<\/p>\n\n\n\n<p class=\"wp-block-paragraph\">Y efectivamente, ya dentro de las cinco acciones que\nrecomienda la Directora Ejecutiva Adjunta de ONU Mujeres Anita Bhatia se\nencuentra:<\/p>\n\n\n\n<p class=\"wp-block-paragraph\">&nbsp;\u201cGarantizar que las\nl\u00edneas de atenci\u00f3n telef\u00f3nica y los servicios para todas las v\u00edctimas de abuso\ndom\u00e9stico se consideren \u201cservicios b\u00e1sicos\u201d y que se mantengan siempre a\ndisposici\u00f3n. Adem\u00e1s, es necesario que el ejercicio de la ley sea sensible a las\nnecesidades y d\u00e9 respuestas ante las llamadas de las v\u00edctimas. Sigan el ejemplo\nde Quebec y Ontario, que han incluido refugios para mujeres sobrevivientes en\nla lista de servicios b\u00e1sicos. As\u00ed se garantiza que la pandemia no lleve\ninadvertidamente a situaciones de m\u00e1s trauma, lesiones y muerte durante el\nper\u00edodo de cuarentena, dada la alta proporci\u00f3n de muertes violentas de mujeres\nocasionadas por sus parejas.\u201d <\/p>\n\n\n\n<p class=\"wp-block-paragraph\">Previo a la crisis sanitaria M\u00e9xico ya ten\u00eda grandes\ndificultades para brindar apoyo a las v\u00edctimas no s\u00f3lo a nivel institucional\nsino tambi\u00e9n a partir de la comunidad, de los estereotipos y prejuicios que\ncotidianamente se asumen respecto de lo que una mujer que est\u00e1 siendo\nmaltratada deber\u00eda o no hacer y el c\u00f3mo se le culpa a ella en lugar de a su\nagresor, por lo que est\u00e1 viviendo.<\/p>\n\n\n\n<p class=\"wp-block-paragraph\">As\u00ed que ahora hay que a\u00f1adir a esa ceguera la que\nmaterialmente produce el aislamiento dentro de los hogares y considerar que\nesta crisis es una oportunidad para renunciar de manera voluntaria a seguir\nmirando a las v\u00edctimas desde arriba en una posici\u00f3n desde la cual se les sigue\nadjetivando de \u201cpobrecitas\u201d de \u201cincapaces\u201d de \u201cafectadas\u201d para tomar decisiones\nen tanto que el Estado, la instituci\u00f3n o la persona que les brinda alg\u00fan apoyo\nse enarbola como el agente salvador y sabedor de lo que es mejor para ellas.<\/p>\n\n\n\n<p class=\"wp-block-paragraph\">Estos no son los a\u00f1os ochenta, para ning\u00fan grupo que padece\ndiscriminaci\u00f3n se debe partir de pol\u00edticas asistencialistas que conciban a sus\nreceptores como disminuidos en su posibilidad de decidir y mucho menos deber\u00eda\nsuceder con el \u00fanico que porta caracter\u00edsticas \u00fanicas, siendo las mujeres m\u00e1s\nde la mitad de la poblaci\u00f3n en M\u00e9xico en palabras de la Comisi\u00f3n Nacional para\nPrevenir y Erradicar la Discriminaci\u00f3n: la explicaci\u00f3n es cultural, es decir,\nla percepci\u00f3n del pa\u00eds en el que vivimos minimiza constantemente el valor que\ntiene nuestra participaci\u00f3n, nuestro trabajo, nuestra integridad y nuestra\nvida.<\/p>\n\n\n\n<p class=\"wp-block-paragraph\">Debido a ello, cuando se hace algo para proteger a quienes\nhan sido v\u00edctimas de violencia, pareciera que se les hace un favor y no como lo\nes, que desde los gobiernos se cumple con unas obligaciones de ley para\ngarantizar el derecho de todas las mujeres a vivir una vida en libertad y en\npaz.<\/p>\n\n\n\n<p class=\"wp-block-paragraph\">Y tambi\u00e9n debido a ello cuando se retiene dolosamente el\ndinero destinado a los refugios para las mujeres v\u00edctimas pareciera que no es\nuna ofensa desde el Poder para con esos derechos, tan no lo es que a Gasman\nnadie le pregunt\u00f3 nada.<\/p>\n\n\n\n<p class=\"wp-block-paragraph\">A m\u00e1s ver.&nbsp; <\/p>\n\n\n\n<p class=\"wp-block-paragraph\">Twitter: @Almagzur<\/p>\n","protected":false},"excerpt":{"rendered":"<p>Lo desapercibido<\/p>\n","protected":false},"author":3,"featured_media":18833,"comment_status":"open","ping_status":"open","sticky":false,"template":"","format":"standard","meta":{"_monsterinsights_skip_tracking":false,"footnotes":""},"categories":[691,131,110],"tags":[],"class_list":["post-18832","post","type-post","status-publish","format-standard","has-post-thumbnail","category-691","category-claudia-almaguer","category-la-opinion-columnas"],"_links":{"self":[{"href":"https:\/\/redsemlac.com\/semmexico\/wp-json\/wp\/v2\/posts\/18832","targetHints":{"allow":["GET"]}}],"collection":[{"href":"https:\/\/redsemlac.com\/semmexico\/wp-json\/wp\/v2\/posts"}],"about":[{"href":"https:\/\/redsemlac.com\/semmexico\/wp-json\/wp\/v2\/types\/post"}],"author":[{"embeddable":true,"href":"https:\/\/redsemlac.com\/semmexico\/wp-json\/wp\/v2\/users\/3"}],"replies":[{"embeddable":true,"href":"https:\/\/redsemlac.com\/semmexico\/wp-json\/wp\/v2\/comments?post=18832"}],"version-history":[{"count":0,"href":"https:\/\/redsemlac.com\/semmexico\/wp-json\/wp\/v2\/posts\/18832\/revisions"}],"wp:featuredmedia":[{"embeddable":true,"href":"https:\/\/redsemlac.com\/semmexico\/wp-json\/wp\/v2\/media\/18833"}],"wp:attachment":[{"href":"https:\/\/redsemlac.com\/semmexico\/wp-json\/wp\/v2\/media?parent=18832"}],"wp:term":[{"taxonomy":"category","embeddable":true,"href":"https:\/\/redsemlac.com\/semmexico\/wp-json\/wp\/v2\/categories?post=18832"},{"taxonomy":"post_tag","embeddable":true,"href":"https:\/\/redsemlac.com\/semmexico\/wp-json\/wp\/v2\/tags?post=18832"}],"curies":[{"name":"wp","href":"https:\/\/api.w.org\/{rel}","templated":true}]}}