{"id":18825,"date":"2020-03-29T19:00:35","date_gmt":"2020-03-29T19:00:35","guid":{"rendered":"https:\/\/redsemlac.com\/semmexico\/?p=18825"},"modified":"2023-07-21T15:23:27","modified_gmt":"2023-07-21T20:23:27","slug":"michoacan-27","status":"publish","type":"post","link":"https:\/\/redsemlac.com\/semmexico\/michoacan-27\/","title":{"rendered":"Michoac\u00e1n emite protocolo contra violencia de g\u00e9nero durante aislamiento"},"content":{"rendered":"\n<ul class=\"wp-block-list\"><li><strong>Michoac\u00e1n\npionero en crear este protocolo; estados como Guerrero y Sonora lo han\nreplicado.<\/strong><\/li><li><strong>Salvaguardar\nla vida de las mujeres y las ni\u00f1as, el objetivo del instrumento: Nuria\nHern\u00e1ndez<\/strong><\/li><\/ul>\n\n\n\n<p class=\"wp-block-paragraph\"><strong>Irma L. M\u00e1rquez\nTorres<\/strong><\/p>\n\n\n\n<p class=\"wp-block-paragraph\">SemM\u00e9xico. Morelia. Michoac\u00e1n. 29 de marzo de 2020.- Ante el\nposible incremento de casos de violencia por razones de g\u00e9nero a consecuencia\ndel aislamiento, se emiti\u00f3 el primer Protocolo de Atenci\u00f3n para Mujeres\nV\u00edctimas de Violencia de G\u00e9nero durante el Per\u00edodo de Aislamiento por COVID-19\nen Michoac\u00e1n. <\/p>\n\n\n\n<p class=\"wp-block-paragraph\">El documento, presentado a trav\u00e9s de la Secretar\u00eda de\nIgualdad Sustantiva y Desarrollo de las Mujeres (Seimujer), ofrece a las\nmujeres herramientas que les permiten conocer los tipos de violencia a las que\npueden verse expuestas durante este periodo y la manera en que pueden solicitar\nayuda de las autoridades.<\/p>\n\n\n\n<p class=\"wp-block-paragraph\">\u201cLa salud de las y los michoacanos es la prioridad, por ello\nse debe cumplir con el periodo de aislamiento y, desde la Seimujer, trabajamos\nen un protocolo donde puede participar la sociedad en general para proteger a\nlas mujeres y las ni\u00f1as\u201d, destac\u00f3 Nuria Gabriela Hern\u00e1ndez Abarca, titular de\nla dependencia.<\/p>\n\n\n\n<p class=\"wp-block-paragraph\">De acuerdo a Hern\u00e1ndez Abarca, est\u00e1 documentado que, durante\nlos primeros d\u00edas de aislamiento, se han incrementado los servicios de atenci\u00f3n\nen la dependencia hasta en un 30 por ciento, por lo que se est\u00e1 trabajando\ntambi\u00e9n con las Instancias Municipales de la Mujer para lograr la atenci\u00f3n de\ntodas las mujeres.<\/p>\n\n\n\n<p class=\"wp-block-paragraph\">Tambi\u00e9n recalc\u00f3 que el documento ha empezado a llamar la\natenci\u00f3n de otros estados, como Guerrero y Sonora, y podr\u00eda ser replicado,\nincluso, en ayuntamientos.<\/p>\n\n\n\n<p class=\"wp-block-paragraph\">El protocolo establece un total de 14 puntos, distribuidos\nen tres apartados:<\/p>\n\n\n\n<p class=\"wp-block-paragraph\"><strong>\u00bfQu\u00e9 debo hacer?<\/strong><\/p>\n\n\n\n<p class=\"wp-block-paragraph\">1. Estar atenta a cualquier situaci\u00f3n de violencia que\nobserves durante el aislamiento.<\/p>\n\n\n\n<p class=\"wp-block-paragraph\">2. No minimizar ninguna forma de violencia.<\/p>\n\n\n\n<p class=\"wp-block-paragraph\">3. Si identificas alguna forma de violencia busca ayuda.<\/p>\n\n\n\n<p class=\"wp-block-paragraph\">4. Prepara una bolsa peque\u00f1a de emergencia con cosas\nindispensables, por si tienes que salir de tu casa en cualquier momento.<\/p>\n\n\n\n<p class=\"wp-block-paragraph\">5. Si no puedes hacer t\u00fa la llamada, puedes pedirle a\nalguien de confianza que denuncie.<\/p>\n\n\n\n<p class=\"wp-block-paragraph\">6. Genera un grupo de WhatsApp o alguna otra aplicaci\u00f3n con\npersonas de tu confianza.<\/p>\n\n\n\n<p class=\"wp-block-paragraph\"><strong>\u00bfC\u00f3mo sociedad qu\u00e9\npodemos hacer?<\/strong><\/p>\n\n\n\n<p class=\"wp-block-paragraph\">1. Ser emp\u00e1ticos, si escuchas gritos, insultos o indicios de\ngolpes debes llamar al 911 para referir un caso de violencia familiar.<\/p>\n\n\n\n<p class=\"wp-block-paragraph\">2. Podemos ofrecer resguardar la bolsa de emergencia para\nque en el momento en que est\u00e9 lista para salir de su hogar, pueda tener una red\nde apoyo y a d\u00f3nde llegar.<\/p>\n\n\n\n<p class=\"wp-block-paragraph\">3. No criticar ni hacer juicios de valor cuando una ni\u00f1a o\nmujer te cuenta que vive violencia o que siente miedo de alguna relaci\u00f3n. Lo\nmejor que podemos decirle es que le creemos y que estamos para apoyarla, que no\nest\u00e1 sola.<\/p>\n\n\n\n<p class=\"wp-block-paragraph\"><strong>\u00bfQu\u00e9 hacemos desde\nSeimujer?<\/strong><\/p>\n\n\n\n<p class=\"wp-block-paragraph\">1. Recibimos tus denuncias por tel\u00e9fono al n\u00famero\n4435822082, o a trav\u00e9s del correo electr\u00f3nico: seimujeratencion@gmail.com<\/p>\n\n\n\n<p class=\"wp-block-paragraph\">2. Brindamos acompa\u00f1amiento tanto para la presentaci\u00f3n de tu\ndenuncia como para el seguimiento jur\u00eddico y psicol\u00f3gico que requieras<\/p>\n\n\n\n<p class=\"wp-block-paragraph\">3. Ponemos a tu disposici\u00f3n Refugio y Casa de Tr\u00e1nsito.<\/p>\n\n\n\n<p class=\"wp-block-paragraph\">4. Toda la atenci\u00f3n que se brinda en la Seimujer y en el\nrefugio atiende a los protocolos de higiene y protecci\u00f3n que mandatan las\nautoridades sanitarias.<\/p>\n\n\n\n<p class=\"wp-block-paragraph\">5. Una vez que egresen del refugio se da seguimiento a los\ncasos.<\/p>\n","protected":false},"excerpt":{"rendered":"<p>Salvaguardar la vida de las mujeres y las ni\u00f1as, el objetivo del instrumento: Nuria Hern\u00e1ndez<\/p>\n","protected":false},"author":3,"featured_media":18826,"comment_status":"open","ping_status":"open","sticky":false,"template":"","format":"standard","meta":{"_monsterinsights_skip_tracking":false,"footnotes":""},"categories":[691,135],"tags":[],"class_list":["post-18825","post","type-post","status-publish","format-standard","has-post-thumbnail","category-691","category-emergencia-sanitaria-covid-19"],"_links":{"self":[{"href":"https:\/\/redsemlac.com\/semmexico\/wp-json\/wp\/v2\/posts\/18825","targetHints":{"allow":["GET"]}}],"collection":[{"href":"https:\/\/redsemlac.com\/semmexico\/wp-json\/wp\/v2\/posts"}],"about":[{"href":"https:\/\/redsemlac.com\/semmexico\/wp-json\/wp\/v2\/types\/post"}],"author":[{"embeddable":true,"href":"https:\/\/redsemlac.com\/semmexico\/wp-json\/wp\/v2\/users\/3"}],"replies":[{"embeddable":true,"href":"https:\/\/redsemlac.com\/semmexico\/wp-json\/wp\/v2\/comments?post=18825"}],"version-history":[{"count":0,"href":"https:\/\/redsemlac.com\/semmexico\/wp-json\/wp\/v2\/posts\/18825\/revisions"}],"wp:featuredmedia":[{"embeddable":true,"href":"https:\/\/redsemlac.com\/semmexico\/wp-json\/wp\/v2\/media\/18826"}],"wp:attachment":[{"href":"https:\/\/redsemlac.com\/semmexico\/wp-json\/wp\/v2\/media?parent=18825"}],"wp:term":[{"taxonomy":"category","embeddable":true,"href":"https:\/\/redsemlac.com\/semmexico\/wp-json\/wp\/v2\/categories?post=18825"},{"taxonomy":"post_tag","embeddable":true,"href":"https:\/\/redsemlac.com\/semmexico\/wp-json\/wp\/v2\/tags?post=18825"}],"curies":[{"name":"wp","href":"https:\/\/api.w.org\/{rel}","templated":true}]}}