{"id":18822,"date":"2020-03-29T18:42:18","date_gmt":"2020-03-29T18:42:18","guid":{"rendered":"https:\/\/redsemlac.com\/semmexico\/?p=18822"},"modified":"2023-07-21T15:23:27","modified_gmt":"2023-07-21T20:23:27","slug":"a-38-anos-de-la-erupcion-del-chichon-chichonal","status":"publish","type":"post","link":"https:\/\/redsemlac.com\/semmexico\/a-38-anos-de-la-erupcion-del-chichon-chichonal\/","title":{"rendered":"A 38 a\u00f1os de la erupci\u00f3n del Chich\u00f3n-chichonal"},"content":{"rendered":"\n<ul class=\"wp-block-list\"><li><strong>Una de las erupciones volc\u00e1nicas m\u00e1s estudiadas en el mundo.<\/strong><\/li><\/ul>\n\n\n\n<p class=\"wp-block-paragraph\"><strong>Silvia Ramos\nHern\u00e1ndez*<\/strong><\/p>\n\n\n\n<p class=\"wp-block-paragraph\">SemM\u00e9xico. 29 de marzo 2020.- Recordamos los 38 a\u00f1os de la\nerupci\u00f3n del volc\u00e1n Chich\u00f3n\/Chichonal, suceso dram\u00e1tico que se recuerda en la regi\u00f3n\nzoque del norte del estado y que cambi\u00f3 la vida de las comunidades. Es tambi\u00e9n\nuna de las erupciones volc\u00e1nicas m\u00e1s estudiadas en el mundo.<\/p>\n\n\n\n<p class=\"wp-block-paragraph\">A partir de entonces, hemos estado comprometidos no solo con\nel monitoreo, vigilancia, estudio e investigaci\u00f3n del volc\u00e1n Chich\u00f3n, sino\ntambi\u00e9n con la generaci\u00f3n de un proceso muy importante de concientizaci\u00f3n y\neducaci\u00f3n por el riesgo volc\u00e1nico en los municipios aleda\u00f1os al Volc\u00e1n con la\nintensa participaci\u00f3n del alumnado de la Licenciatura en Ciencias de la Tierra,\nde investigadores y acad\u00e9micos nuestro Instituto de Investigaci\u00f3n en Gesti\u00f3n de\nRiesgos y Cambio Clim\u00e1tico (#IIGERCC) de la #UNICACH.<\/p>\n\n\n\n<p class=\"wp-block-paragraph\">La poblaci\u00f3n zoque convive con un volc\u00e1n activo y por eso\nestas actividades que realizamos a\u00f1o con a\u00f1o, son fundamentales para fomentar y\nfortalecer los procesos de gesti\u00f3n del riesgo volc\u00e1nico y de preparaci\u00f3n de la\npoblaci\u00f3n. <\/p>\n\n\n\n<p class=\"wp-block-paragraph\">Nuestro Instituto, a trav\u00e9s de la Licenciatura de Ciencias\nde la Tierra y el Centro de Monitoreo Volcanol\u00f3gico de la UNICACH, tiene una\nfuerte conexi\u00f3n con la regi\u00f3n zoque, y a\u00f1o con a\u00f1o realizamos diversas\nactividades alrededor de esta fecha en escuelas y comunidades de esa zona. <\/p>\n\n\n\n<p class=\"wp-block-paragraph\">Hemos diferido la realizaci\u00f3n del evento a realizarse en\nesta fecha&nbsp; marzo 28 de y diferirla para\nllevarse a cabo en mayo del presente a\u00f1o, ya que las condiciones actuales por\nla presencia de la pandemia del Coronavirus impidi\u00f3 realizarse en estos d\u00edas.\nUn saludo respetuoso a toda la poblaci\u00f3n de la regi\u00f3n del volc\u00e1n Chich\u00f3n. <\/p>\n\n\n\n<p class=\"wp-block-paragraph\"><em>* Directora del\nInstituto de Investigaciones de Gesti\u00f3n de Riesgo del Cambio Clim\u00e1tico y\nDirectora del Programa Vulcanol\u00f3gico y Sismol\u00f3gico de la Universidad de\nCiencias y Artes de Chiapas&nbsp; (UNICACH)<\/em><\/p>\n","protected":false},"excerpt":{"rendered":"<p>Una de las erupciones volc\u00e1nicas m\u00e1s estudiadas en el mundo.<\/p>\n","protected":false},"author":3,"featured_media":18823,"comment_status":"open","ping_status":"open","sticky":false,"template":"","format":"standard","meta":{"_monsterinsights_skip_tracking":false,"footnotes":""},"categories":[691,54],"tags":[],"class_list":["post-18822","post","type-post","status-publish","format-standard","has-post-thumbnail","category-691","category-mujeres"],"_links":{"self":[{"href":"https:\/\/redsemlac.com\/semmexico\/wp-json\/wp\/v2\/posts\/18822","targetHints":{"allow":["GET"]}}],"collection":[{"href":"https:\/\/redsemlac.com\/semmexico\/wp-json\/wp\/v2\/posts"}],"about":[{"href":"https:\/\/redsemlac.com\/semmexico\/wp-json\/wp\/v2\/types\/post"}],"author":[{"embeddable":true,"href":"https:\/\/redsemlac.com\/semmexico\/wp-json\/wp\/v2\/users\/3"}],"replies":[{"embeddable":true,"href":"https:\/\/redsemlac.com\/semmexico\/wp-json\/wp\/v2\/comments?post=18822"}],"version-history":[{"count":0,"href":"https:\/\/redsemlac.com\/semmexico\/wp-json\/wp\/v2\/posts\/18822\/revisions"}],"wp:featuredmedia":[{"embeddable":true,"href":"https:\/\/redsemlac.com\/semmexico\/wp-json\/wp\/v2\/media\/18823"}],"wp:attachment":[{"href":"https:\/\/redsemlac.com\/semmexico\/wp-json\/wp\/v2\/media?parent=18822"}],"wp:term":[{"taxonomy":"category","embeddable":true,"href":"https:\/\/redsemlac.com\/semmexico\/wp-json\/wp\/v2\/categories?post=18822"},{"taxonomy":"post_tag","embeddable":true,"href":"https:\/\/redsemlac.com\/semmexico\/wp-json\/wp\/v2\/tags?post=18822"}],"curies":[{"name":"wp","href":"https:\/\/api.w.org\/{rel}","templated":true}]}}