{"id":18818,"date":"2020-03-29T18:35:13","date_gmt":"2020-03-29T18:35:13","guid":{"rendered":"https:\/\/redsemlac.com\/semmexico\/?p=18818"},"modified":"2023-07-21T15:23:27","modified_gmt":"2023-07-21T20:23:27","slug":"morelos-38","status":"publish","type":"post","link":"https:\/\/redsemlac.com\/semmexico\/morelos-38\/","title":{"rendered":"Ocurre el primer deceso por COVID-19 en Morelos"},"content":{"rendered":"\n<ul class=\"wp-block-list\"><li><strong>Son seis\nsospechosos<\/strong><\/li><\/ul>\n\n\n\n<p class=\"wp-block-paragraph\"><strong>Estrella Pedroza<\/strong><\/p>\n\n\n\n<p class=\"wp-block-paragraph\">SemM\u00e9xico. Cuernavaca, Morelos. 29 de marzo 2020.- En\nMorelos muere la primera persona contagiada por COVID-19 que recib\u00eda atenci\u00f3n\nm\u00e9dica en Cuernavaca, inform\u00f3, Marco Antonio Cant\u00fa,&nbsp; secretario de salud\nen Morelos.&nbsp;<\/p>\n\n\n\n<figure class=\"wp-block-video aligncenter\"><video height=\"352\" style=\"aspect-ratio: 640 \/ 352;\" width=\"640\" controls src=\"https:\/\/redsemlac.com\/semmexico\/wp-content\/uploads\/2020\/03\/WhatsApp-Video-2020-03-28-at-6.16.10-PM.mp4\"><\/video><\/figure>\n\n\n\n<p class=\"wp-block-paragraph\">\u00abHemos tenido el primer deseos por infecci\u00f3n de\nCovid19,&nbsp; se trat\u00f3 de un hombre de 37 a\u00f1os de edad el cual ya estaba\ngrave, tenemos seis casos confirmados y 26 sospechosos y 50 negativos\u00bb,\ndestac\u00f3 en un video difundido en redes sociales.&nbsp;<\/p>\n\n\n\n<p class=\"wp-block-paragraph\">Este paciente fue uno de los primeros confirmados de\ncontagio y fue atendido en Cuernavaca y contaba con antecedente de viaje a\nEstados Unidos.&nbsp;<\/p>\n\n\n\n<p class=\"wp-block-paragraph\">&nbsp;Cuahut\u00e9moc Blanco Bravo,&nbsp; gobernador de la\nentidad desde su cuenta de Twitter @cuauhtemocb10 el mandatario destac\u00f3&nbsp;\nlo siguiente:<\/p>\n\n\n\n<p class=\"wp-block-paragraph\">\u00abCon mucha tristeza comunicamos a la ciudadan\u00eda el\nprimer fallecimiento por COVID-19 en Morelos (&#8230;) Nuestro m\u00e1s sincero p\u00e9same a\nfamiliares y amigos\u00bb.<\/p>\n","protected":false},"excerpt":{"rendered":"<p>Son seis sospechosos<\/p>\n","protected":false},"author":3,"featured_media":18819,"comment_status":"open","ping_status":"open","sticky":false,"template":"","format":"standard","meta":{"_monsterinsights_skip_tracking":false,"footnotes":""},"categories":[691,135],"tags":[],"class_list":["post-18818","post","type-post","status-publish","format-standard","has-post-thumbnail","category-691","category-emergencia-sanitaria-covid-19"],"_links":{"self":[{"href":"https:\/\/redsemlac.com\/semmexico\/wp-json\/wp\/v2\/posts\/18818","targetHints":{"allow":["GET"]}}],"collection":[{"href":"https:\/\/redsemlac.com\/semmexico\/wp-json\/wp\/v2\/posts"}],"about":[{"href":"https:\/\/redsemlac.com\/semmexico\/wp-json\/wp\/v2\/types\/post"}],"author":[{"embeddable":true,"href":"https:\/\/redsemlac.com\/semmexico\/wp-json\/wp\/v2\/users\/3"}],"replies":[{"embeddable":true,"href":"https:\/\/redsemlac.com\/semmexico\/wp-json\/wp\/v2\/comments?post=18818"}],"version-history":[{"count":0,"href":"https:\/\/redsemlac.com\/semmexico\/wp-json\/wp\/v2\/posts\/18818\/revisions"}],"wp:featuredmedia":[{"embeddable":true,"href":"https:\/\/redsemlac.com\/semmexico\/wp-json\/wp\/v2\/media\/18819"}],"wp:attachment":[{"href":"https:\/\/redsemlac.com\/semmexico\/wp-json\/wp\/v2\/media?parent=18818"}],"wp:term":[{"taxonomy":"category","embeddable":true,"href":"https:\/\/redsemlac.com\/semmexico\/wp-json\/wp\/v2\/categories?post=18818"},{"taxonomy":"post_tag","embeddable":true,"href":"https:\/\/redsemlac.com\/semmexico\/wp-json\/wp\/v2\/tags?post=18818"}],"curies":[{"name":"wp","href":"https:\/\/api.w.org\/{rel}","templated":true}]}}