{"id":18778,"date":"2020-03-28T00:32:39","date_gmt":"2020-03-28T00:32:39","guid":{"rendered":"https:\/\/redsemlac.com\/semmexico\/?p=18778"},"modified":"2023-07-21T15:23:27","modified_gmt":"2023-07-21T20:23:27","slug":"senado-emite-plan-minimo-de-operaciones-para-prevenir-contagios-de-covid-19","status":"publish","type":"post","link":"https:\/\/redsemlac.com\/semmexico\/senado-emite-plan-minimo-de-operaciones-para-prevenir-contagios-de-covid-19\/","title":{"rendered":"Senado emite Plan M\u00ednimo de Operaciones para prevenir contagios de COVID-19"},"content":{"rendered":"\n<ul class=\"wp-block-list\"><li><strong>Prev\u00e9\nmecanismos para lograr el distanciamiento social en la C\u00e1mara de Senadores y\nas\u00ed evitar la propagaci\u00f3n del virus.<\/strong><\/li><\/ul>\n\n\n\n<p class=\"wp-block-paragraph\"><strong>Redacci\u00f3n<\/strong><\/p>\n\n\n\n<p class=\"wp-block-paragraph\">SemM\u00e9xico. Ciudad de M\u00e9xico. 27 de marzo 2020.- Ante la\ncontingencia sanitaria la Mesa Directiva, del Senado emiti\u00f3 un Plan M\u00ednimo de\nOperaciones dentro del recinto legislativo y que tiene como objetivo lograr el\ndistanciamiento social para mitigar la transmisi\u00f3n poblacional del virus\nSARS-CoV2 (Covid-19).<\/p>\n\n\n\n<p class=\"wp-block-paragraph\">La presidenta de la Mesa Directiva, M\u00f3nica Fern\u00e1ndez Balboa,\ninform\u00f3 que dicho Plan quedar\u00e1 sujeto todo el personal de las \u00e1reas\nparlamentarias, administrativas y t\u00e9cnicas de la C\u00e1mara de Senadores.<\/p>\n\n\n\n<p class=\"wp-block-paragraph\">En el documento se establecen las medidas preventivas que se\ndeber\u00e1n poner en marcha para el control de los riesgos para la salud que\nimplica el Covid-19, as\u00ed como para disminuir el n\u00famero de contagios de persona\na persona y, por ende, la propagaci\u00f3n de la enfermedad.<\/p>\n\n\n\n<p class=\"wp-block-paragraph\">Fern\u00e1ndez Balboa instruy\u00f3 a los titulares de las diferentes\n\u00e1reas a instrumentar los mecanismos necesarios, incluso a distancia, que\npermitan asegurar la continuidad de los procesos sustantivos e institucionales\na su cargo, de tal forma que no sea necesario la presencia total de su\npersonal, en tanto persista la emergencia de salud p\u00fablica.<\/p>\n\n\n\n<p class=\"wp-block-paragraph\">Para ello, se deber\u00e1 asegurar el trabajo presencial m\u00ednimo\nde los servicios de seguridad, m\u00e9dicos, suministro de agua, limpieza y aquellas\nlabores indispensables que garanticen el cumplimiento de las funciones a su\ncargo y la continuidad de las operaciones de sus \u00e1reas, inform\u00f3<\/p>\n\n\n\n<p class=\"wp-block-paragraph\">Cada \u00e1rea definir\u00e1 su mec\u00e1nica interior y privilegiar en lo\nposible el trabajo a distancia. En cada fase de la contingencia se ir\u00e1\nadecuando esta medida, se menciona en el documento que firma la senadora\npresidenta M\u00f3nica Fern\u00e1ndez Balboa.<\/p>\n\n\n\n<p class=\"wp-block-paragraph\">Tambi\u00e9n se giraron instrucciones a los titulares de las\n\u00e1reas a que aseguren los servicios de apoyo posible que brindan a senadoras,\nsenadores y \u00d3rganos de Gobierno.<\/p>\n\n\n\n<p class=\"wp-block-paragraph\">Por su parte, los titulares remitir\u00e1n a la Mesa Directiva\nsus datos de contacto y de un servidor p\u00fablico de su \u00e1rea, con igual capacidad\nde decisi\u00f3n, para facilitar la comunicaci\u00f3n y la atenci\u00f3n de cualquier\nrequerimiento de su competencia.<\/p>\n\n\n\n<p class=\"wp-block-paragraph\">El Plan define que aquellas personas que no asistan al\nrecinto del Senado de la Rep\u00fablica coadyuvar\u00e1n desde su casa con las tareas del\n\u00e1rea a la que se encuentren adscritos, en los t\u00e9rminos que para tales efectos\ndefina su titular.<\/p>\n\n\n\n<p class=\"wp-block-paragraph\">Dispone que las \u00e1reas competentes deber\u00e1n asegurar el\nfuncionamiento log\u00edstico de las reuniones de los \u00f3rganos de gobierno, de la\nComisi\u00f3n Especial de Seguimiento a la Implementaci\u00f3n del T-MEC, del Grupo\nPlural de Trabajo creado para dar seguimiento a la emergencia sanitaria\nprovocada por la pandemia del virus COVID-19.<\/p>\n\n\n\n<p class=\"wp-block-paragraph\">Adem\u00e1s, los titulares de las \u00e1reas responsables deber\u00e1n\nmantener el pleno funcionamiento de la p\u00e1gina web del Senado y reportar, de\nforma inmediata, a la Direcci\u00f3n General de Servicios M\u00e9dicos las contingencias\nde salud que presente el personal a su mando que cubre el trabajo presencial en\nel recinto del Senado de la Rep\u00fablica.<\/p>\n\n\n\n<p class=\"wp-block-paragraph\">En caso de que se emitan disposiciones sanitarias\nadicionales por parte de las autoridades competentes, se podr\u00e1n realizar\nadecuaciones al presente Plan.<\/p>\n\n\n\n<p class=\"wp-block-paragraph\">El Plan M\u00ednimo de Operaciones del Senado de la Rep\u00fablica precisa que en el tiempo que dure la contingencia, en solidaridad con los trabajadores y en apego a las medidas contenidas en el punto de acuerdo aprobado el 18 de marzo, no se har\u00e1n movimientos ni de altas ni de bajas de personal. <\/p>\n\n\n","protected":false},"excerpt":{"rendered":"<p>Prev\u00e9 mecanismos para lograr el distanciamiento social en la C\u00e1mara de Senadores y as\u00ed evitar la propagaci\u00f3n del virus.<\/p>\n","protected":false},"author":3,"featured_media":18779,"comment_status":"open","ping_status":"open","sticky":false,"template":"","format":"standard","meta":{"_monsterinsights_skip_tracking":false,"footnotes":""},"categories":[691,135],"tags":[],"class_list":["post-18778","post","type-post","status-publish","format-standard","has-post-thumbnail","category-691","category-emergencia-sanitaria-covid-19"],"_links":{"self":[{"href":"https:\/\/redsemlac.com\/semmexico\/wp-json\/wp\/v2\/posts\/18778","targetHints":{"allow":["GET"]}}],"collection":[{"href":"https:\/\/redsemlac.com\/semmexico\/wp-json\/wp\/v2\/posts"}],"about":[{"href":"https:\/\/redsemlac.com\/semmexico\/wp-json\/wp\/v2\/types\/post"}],"author":[{"embeddable":true,"href":"https:\/\/redsemlac.com\/semmexico\/wp-json\/wp\/v2\/users\/3"}],"replies":[{"embeddable":true,"href":"https:\/\/redsemlac.com\/semmexico\/wp-json\/wp\/v2\/comments?post=18778"}],"version-history":[{"count":0,"href":"https:\/\/redsemlac.com\/semmexico\/wp-json\/wp\/v2\/posts\/18778\/revisions"}],"wp:featuredmedia":[{"embeddable":true,"href":"https:\/\/redsemlac.com\/semmexico\/wp-json\/wp\/v2\/media\/18779"}],"wp:attachment":[{"href":"https:\/\/redsemlac.com\/semmexico\/wp-json\/wp\/v2\/media?parent=18778"}],"wp:term":[{"taxonomy":"category","embeddable":true,"href":"https:\/\/redsemlac.com\/semmexico\/wp-json\/wp\/v2\/categories?post=18778"},{"taxonomy":"post_tag","embeddable":true,"href":"https:\/\/redsemlac.com\/semmexico\/wp-json\/wp\/v2\/tags?post=18778"}],"curies":[{"name":"wp","href":"https:\/\/api.w.org\/{rel}","templated":true}]}}