{"id":18761,"date":"2020-03-27T23:22:11","date_gmt":"2020-03-27T23:22:11","guid":{"rendered":"https:\/\/redsemlac.com\/semmexico\/?p=18761"},"modified":"2023-07-21T15:23:28","modified_gmt":"2023-07-21T20:23:28","slug":"confirma-congreso-de-veracruz-a-naldy-rodriguez-como-comisionada-del-ivai","status":"publish","type":"post","link":"https:\/\/redsemlac.com\/semmexico\/confirma-congreso-de-veracruz-a-naldy-rodriguez-como-comisionada-del-ivai\/","title":{"rendered":"Confirma Congreso de Veracruz a Naldy Rodr\u00edguez como Comisionada del IVAI"},"content":{"rendered":"\n<p class=\"wp-block-paragraph\"><strong>Redacci\u00f3n<\/strong><\/p>\n\n\n\n<p class=\"wp-block-paragraph\">SemM\u00e9xico\/Billie Parker Noticias. Xalapa, Veracruz. 27 marzo\n2020.- Con 34 a favor 11 en contra y cero abstenciones el Congreso de Veracruz\ndesign\u00f3 a Naldy Patricia Rodr\u00edguez Lagunes como la nueva comisionada del IVAI,\npor un periodo de 7 a\u00f1os.<\/p>\n\n\n\n<p class=\"wp-block-paragraph\">Durante la Sesi\u00f3n extraordinaria, correspondiente al Cuarto\nPer\u00edodo de Sesiones Extraordinarias del Segundo A\u00f1o de Ejercicio Constitucional\nde la LVI Legislatura de Veracruz, el Pleno aprob\u00f3 el Punto de Acuerdo emitido\npor la Junta de Coordinaci\u00f3n Pol\u00edtica para designar a Naldy Patricia Rodr\u00edguez\ncomo la nueva Comisionada del Instituto Veracruzano de Acceso a la Informaci\u00f3n,\n(IVAI).<\/p>\n\n\n\n<p class=\"wp-block-paragraph\">La especialista en materia de transparencia le fue tomada la\nprotesta el pasado jueves en sustituci\u00f3n de Yolli Garc\u00eda \u00c1lvarez, quien desde\nel pasado 23 de marzo lleg\u00f3 al t\u00e9rmino de su encargo como comisionada en el\nInstituto Veracruzano de Acceso a la Informaci\u00f3n y protecci\u00f3n de datos personales\n(IVAI).<\/p>\n\n\n\n<p class=\"wp-block-paragraph\"><strong>Propuestas ante Diputados<\/strong><\/p>\n\n\n\n<p class=\"wp-block-paragraph\">Al comparecer el pasado viernes ante diputados de la\nComisi\u00f3n de Transparencia que entrevistaron a los 21 convocantes al cargo de\nComisionado del IVAI, la ahora Comisionada, present\u00f3 el planteamiento de\ntrabajo a un a\u00f1o, dijo que deben comenzar a presentarse medidas de apremio e\nincluso denuncias penales contra aquellos funcionarios que siguen neg\u00e1ndose a\nentregar informaci\u00f3n p\u00fablica.<\/p>\n\n\n\n<p class=\"wp-block-paragraph\">Adem\u00e1s present\u00f3 un proyecto de reforma para revertir cambios\nlegales impulsados por el gobierno de Javier Duarte de Ochoa, mediante los\ncuales permiti\u00f3 que funcionarios en activo puedan aspirar a ser comisionados,\ncuando la ley general lo proh\u00edbe. Record\u00f3 a los actuales legisladores que el\nInstituto Nacional de Acceso a la Informaci\u00f3n (INAI) impugn\u00f3 ante la Suprema\nCorte de Justicia de la Naci\u00f3n un total de doce.<\/p>\n\n\n\n<p class=\"wp-block-paragraph\">Llam\u00f3 a acabar con la simulaci\u00f3n y permitir regresar la\nautonom\u00eda a la instituci\u00f3n.<\/p>\n\n\n\n<p class=\"wp-block-paragraph\">Propuso revisar los portales de todos los sujetos obligados\n(400) y la clasificaci\u00f3n de reserva que han realizado de informaci\u00f3n, muchas\nveces de manera ilegal. Adem\u00e1s, la periodista adelant\u00f3 que de llegar a ser\ncomisionado impulsar\u00e1 una revisi\u00f3n del cumplimiento de las resoluciones que se\nhan emitido a favor de los ciudadanos, pues revel\u00f3 que aunque se han emitido\nfallos a favor de las personas el IVAI no ha verificado que se cumplan.<\/p>\n\n\n\n<p class=\"wp-block-paragraph\"><strong>S\u00edntesis curricular<\/strong><\/p>\n\n\n\n<p class=\"wp-block-paragraph\">Naldy Patricia Rodr\u00edguez Lagunes es Licenciada en Ciencias\nde la Comunicaci\u00f3n por la Universidad Veracruzana (UV); Maestra en Periodismo\npor la UV y la Universidad Nacional Aut\u00f3noma de M\u00e9xico (UNAM), Maestra en\nDerechos Humanos y Juicio de Amparo por la Universidad de Xalapa (UX),\ndiplomado con menci\u00f3n honor\u00edfica en Periodismo Latinoamericano por el\nTecnol\u00f3gico de Monterrey y Diplomado en Administraci\u00f3n P\u00fablica con Perspectiva\nde G\u00e9nero, Diplomado en Gobierno Abierto y Transparencia en la Fiscalizaci\u00f3n de\nRecursos P\u00fablicos Federales.<\/p>\n\n\n\n<p class=\"wp-block-paragraph\">Cuanta con m\u00e1s de 20 cursos y talleres en materia de\ntransparencia, rendici\u00f3n de cuentas, protecci\u00f3n de datos personales, \u00e9tica y\nanticorrupci\u00f3n, as\u00ed como estrategias did\u00e1cticas y metodolog\u00eda de la\ninvestigaci\u00f3n.<\/p>\n\n\n\n<p class=\"wp-block-paragraph\">En 16 a\u00f1os de trayectoria period\u00edstica se desempe\u00f1\u00f3 como\nreportera, editora, coordinadora, corresponsal y subdirectora de noticias en\nmedios locales como Grupo FM, Diario AZ, Revista Llave, Diario de Xalapa, y\nnacionales como La Raz\u00f3n y El Universal.<\/p>\n\n\n\n<p class=\"wp-block-paragraph\">Desde el 2014 a la fecha se desempe\u00f1a como docente de\nLicenciatura; ha impartido clases en la Escuela de Comunicaci\u00f3n, Mercadotecnia,\nIngenier\u00eda Mecatr\u00f3nica e Ingenier\u00eda Industrial de la Universidad de Xalapa; as\u00ed\ncomo sinodal de ex\u00e1menes profesionales y directora de tesis de licenciatura.<\/p>\n\n\n\n<p class=\"wp-block-paragraph\">Consejera Presidenta Suplente en el Consejo Distrital 11 del\nOrganismo P\u00fablico Local Electoral (OPLE) en el proceso electoral 2017-2018.<\/p>\n\n\n\n<p class=\"wp-block-paragraph\">Ha participado como ponente en foros estatales e\ninternacional (en La Habana, Cuba); y ha publicado diversos art\u00edculos en\nrevistas arbitradas y coautora del libro \u201cEstudios sobre g\u00e9nero desde una\nvisi\u00f3n multidisciplinaria\u201d y \u201cEstudios Interdisciplinarios sobre la Ciencia\u201d.<\/p>\n\n\n\n<p class=\"wp-block-paragraph\">Se ha especializado en temas de transparencia y ejercido el\nDerecho de Acceso a la Informaci\u00f3n desde el 2007, dejando precedente con\nresoluciones y juicios de amparo a favor, que han abonado a la rendici\u00f3n de\ncuentas.<\/p>\n\n\n\n<p class=\"wp-block-paragraph\">Titular de la Unidad de Transparencia en la Secretar\u00eda de\nGobierno desde el 1 de diciembre de 2018 y columnista en El Heraldo M\u00e9xico,\nDiario de Xalapa, El Heraldo de Xalapa, El Dictamen y medios digitales locales.<\/p>\n\n\n\n<p class=\"wp-block-paragraph\">SEM\/BPN<\/p>\n","protected":false},"excerpt":{"rendered":"<p>Llam\u00f3 a acabar con la simulaci\u00f3n y permitir regresar la autonom\u00eda a la instituci\u00f3n.<\/p>\n","protected":false},"author":3,"featured_media":18762,"comment_status":"open","ping_status":"open","sticky":false,"template":"","format":"standard","meta":{"_monsterinsights_skip_tracking":false,"footnotes":""},"categories":[691,50],"tags":[],"class_list":["post-18761","post","type-post","status-publish","format-standard","has-post-thumbnail","category-691","category-congreso"],"_links":{"self":[{"href":"https:\/\/redsemlac.com\/semmexico\/wp-json\/wp\/v2\/posts\/18761","targetHints":{"allow":["GET"]}}],"collection":[{"href":"https:\/\/redsemlac.com\/semmexico\/wp-json\/wp\/v2\/posts"}],"about":[{"href":"https:\/\/redsemlac.com\/semmexico\/wp-json\/wp\/v2\/types\/post"}],"author":[{"embeddable":true,"href":"https:\/\/redsemlac.com\/semmexico\/wp-json\/wp\/v2\/users\/3"}],"replies":[{"embeddable":true,"href":"https:\/\/redsemlac.com\/semmexico\/wp-json\/wp\/v2\/comments?post=18761"}],"version-history":[{"count":0,"href":"https:\/\/redsemlac.com\/semmexico\/wp-json\/wp\/v2\/posts\/18761\/revisions"}],"wp:featuredmedia":[{"embeddable":true,"href":"https:\/\/redsemlac.com\/semmexico\/wp-json\/wp\/v2\/media\/18762"}],"wp:attachment":[{"href":"https:\/\/redsemlac.com\/semmexico\/wp-json\/wp\/v2\/media?parent=18761"}],"wp:term":[{"taxonomy":"category","embeddable":true,"href":"https:\/\/redsemlac.com\/semmexico\/wp-json\/wp\/v2\/categories?post=18761"},{"taxonomy":"post_tag","embeddable":true,"href":"https:\/\/redsemlac.com\/semmexico\/wp-json\/wp\/v2\/tags?post=18761"}],"curies":[{"name":"wp","href":"https:\/\/api.w.org\/{rel}","templated":true}]}}