{"id":18743,"date":"2020-03-27T19:27:14","date_gmt":"2020-03-27T19:27:14","guid":{"rendered":"https:\/\/redsemlac.com\/semmexico\/?p=18743"},"modified":"2023-07-21T15:23:28","modified_gmt":"2023-07-21T20:23:28","slug":"aislamiento-y-confinamiento-por-covid19-puede-derivar-violencia-intrafamiliar-ssa","status":"publish","type":"post","link":"https:\/\/redsemlac.com\/semmexico\/aislamiento-y-confinamiento-por-covid19-puede-derivar-violencia-intrafamiliar-ssa\/","title":{"rendered":"Aislamiento y confinamiento por COVID19 puede derivar violencia intrafamiliar: SSA"},"content":{"rendered":"\n<ul class=\"wp-block-list\"><li><strong>Impacto del coronavirus es diferencial, puede reproducir situaciones de vulnerabilidad de mujeres, ni\u00f1as y adolescentes<\/strong>.<\/li><\/ul>\n\n\n\n<p class=\"wp-block-paragraph\"><strong>Analy S. Nu\u00f1o<\/strong><\/p>\n\n\n\n<p class=\"wp-block-paragraph\">SemM\u00e9xico. Ciudad de M\u00e9xico. 27 de marzo de 2020.- Las medidas de mitigaci\u00f3n del COVID19 que se han tomado junto a la Jornada Nacional de Sana Distancia, que implica aislamiento en casas durante 4 semanas, repercute en la generaci\u00f3n de tensi\u00f3n emocional, psicol\u00f3gica y familiar lo que puede derivar en violencia intrafamiliar.<\/p>\n\n\n\n<p class=\"wp-block-paragraph\">Lo anterior se advirti\u00f3 durante la conferencia de prensa diaria de actualizaci\u00f3n de cifras de las pandemia, en la que por primera ocasi\u00f3n en lo que va de la emergencia sanitaria por el coronavirus el gobierno federal abord\u00f3 en el tema de la violencia contra las mujeres y c\u00f3mo la pandemia afecta a este sector poblacional.<\/p>\n\n\n\n<p class=\"wp-block-paragraph\">\u201cEn una situaci\u00f3n extraordinaria como est\u00e1, hay que considerar que las din\u00e1micas sociales pueden exacerbar un fen\u00f3meno de violencia\u201d, se\u00f1al\u00f3 el doctor, Hugo L\u00f3pez-Gartell, subsecretario de Prevenci\u00f3n y promoci\u00f3n de la Salud, qui\u00e9n refiri\u00f3 que las violencias contras las mujeres son un problema de salud p\u00fablica y social y deben ser atendidas como tal.&nbsp;<\/p>\n\n\n\n<p class=\"wp-block-paragraph\">Al tomar la palabra, la doctora Karla Berdichevsky, directora del Centro Nacional de Equidad de G\u00e9nero y Salud Reproductiva, hizo hincapi\u00e9 en que no se debe normalizar la violencia o reacciones violentas derivadas del estr\u00e9s y record\u00f3 que el n\u00famero de emergencias 911 tiene la capacidad de atender los casos de violencia familiar y de g\u00e9nero as\u00ed como para canalizar a las personas en situaci\u00f3n de violencia a las instancias de ayuda correspondientes.<\/p>\n\n\n\n<p class=\"wp-block-paragraph\">\u201cEl aislamiento o confinamiento pueden generar estr\u00e9s o conflictos en las relaciones familiares pero nunca esto debe justificar la violencia y, por ello, si t\u00fa vives u observas una situaci\u00f3n de violencia busca ayuda y llama al 911, igualmente si vives violencia o alguno de tus familiares est\u00e1 en riesgo puedes acceder a esta l\u00ednea, si te sientes asustada, si corre riesgo tu integridad o tu vida puedes usar est\u00e1 l\u00ednea\u201d, se\u00f1al\u00f3.&nbsp;&nbsp;<\/p>\n\n\n\n<p class=\"wp-block-paragraph\">La doctora Lorena Rodr\u00edguez, secretaria t\u00e9cnica del Consejo Nacional de Salud Mental explic\u00f3 que hay factores de vulnerabilidad gen\u00e9ticos, biol\u00f3gicos, sociales o psicol\u00f3gicos que combinados con el estr\u00e9s perturban de alguna forma la bioqu\u00edmica cerebral y puede desencadenar en procesos relacionados con trastornos mentales.<\/p>\n\n\n\n<p class=\"wp-block-paragraph\">\u201cLa violencia desafortunadamente constituye uno de los factores que son estresores y si hay una relaci\u00f3n muy s\u00f3lida entre el estr\u00e9s y la aparici\u00f3n de s\u00edntomas y de posteriormente de trastornos mentales. La violencia se convierte en un factor para desarrollar sobre todo trastornos afectivos como son depresi\u00f3n, ansiedad y tambi\u00e9n&nbsp;algunos otros del orden del estr\u00e9s postraum\u00e1tico\u201d.<\/p>\n\n\n\n<p class=\"wp-block-paragraph\">Refiri\u00f3 que la secretaria ha generado material de difusi\u00f3n para contener y afrontar el estr\u00e9s durante la pandemia: \u201csobre todo para la sana convivencia entre las parejas, entre las familias y la resoluci\u00f3n de conflictos, todo con un enfoque de prevenci\u00f3n para que no se genere (violencia) o no se aumente sobre todo en los casos en los que hab\u00eda violencia pre existente\u201d.<\/p>\n\n\n\n<p class=\"wp-block-paragraph\">Ante este panorama se garantiz\u00f3 que los servicios especializados para la atenci\u00f3n a la violencia seguir\u00e1n disponibles adoptando las medidas de prevenci\u00f3n y sanidad.<\/p>\n\n\n\n<p class=\"wp-block-paragraph\"><strong>COVID impacta diferente a mujeres<\/strong><\/p>\n\n\n\n<p class=\"wp-block-paragraph\">En cuanto al impacto del COVID19 se advirti\u00f3 que es diferencial en las mujeres, ni\u00f1as y adolescentes por lo que la atenci\u00f3n debe integrar perspectiva de g\u00e9nero.<\/p>\n\n\n\n<p class=\"wp-block-paragraph\">\u201cLa contingencias pueden detonar tensi\u00f3n, seguramente, reproducir las condiciones de vulnerabilidad de las mujeres, adolescentes y de las ni\u00f1as y hacer patentes las desigualdades de g\u00e9nero por muchas y varias razones. Reconozcamos c\u00f3mo est\u00e1 epidemia nos afecta de forma diferencial tanto biol\u00f3gica como socialmente pero contribuyamos&nbsp;&nbsp;de forma\u201d, se\u00f1al\u00f3&nbsp;&nbsp;la doctora Karla Berdichevsky, directora del Centro Nacional de Equidad de G\u00e9nero y Salud Reproductiva.<\/p>\n\n\n\n<p class=\"wp-block-paragraph\">Explic\u00f3 que uno de los temas en que se debe poner especial \u00e9nfasis es la salud durante el embarazo pues aunque no se tiene evidencia de muertes maternas causadas por coronavirus a nivel mundial, se deben tomar medidas.<\/p>\n\n\n\n<p class=\"wp-block-paragraph\">\u201cUna mujer embarazada con coronavirus puede ser asintom\u00e1tica, puede tener s\u00edntomas leves o llegar a una condici\u00f3n m\u00e1s grave, como cualquier otra persona, pero debe considerar que tiene factores de riesgo. No existe evidencia de transmisi\u00f3n del virus en \u00fatero, aunque la mujer este diagnosticada el beb\u00e9 no nace con coronavirus\u201d.<\/p>\n\n\n\n<p class=\"wp-block-paragraph\">Detall\u00f3 que se tiene planteada la atenci\u00f3n medica durante todas las etapas del embarazo, as\u00ed como puerperio y lactancia, a&nbsp;&nbsp;mujeres positivas a COVID19.<\/p>\n\n\n\n<p class=\"wp-block-paragraph\">Respecto a la salud sexual y reproductiva, indic\u00f3 que los servicios de salud de todo el pa\u00eds est\u00e1n preparados para garantizar la atenci\u00f3n de personas as\u00ed como la continuidad del uso de m\u00e9todos anticonceptivos durante la etapa de contingencia, adem\u00e1s de la anticoncepci\u00f3n de emergencia en todos los centros de salud incluidos los centros amigables para adolescentes.<\/p>\n\n\n\n<p class=\"wp-block-paragraph\">\u201cParticularmente, entre aquellas usuarias de pastillas anticonceptivas, inyectables mensuales, parches, condones masculinos y condones femeninos. Se har\u00e1 una dotaci\u00f3n para de m\u00e1s de un mes y en cantidades adicionales para que no exista una falta de uso por est\u00e1 raz\u00f3n. Estamos preparados para garantizar anticoncepci\u00f3n en m\u00e9todos de barrera, el cond\u00f3n masculino y el cond\u00f3n femenino suficientes tambi\u00e9n para la poblaci\u00f3n LGBTTI\u201d.<\/p>\n\n\n\n<p class=\"wp-block-paragraph\">En este sentido destac\u00f3 la importancia de no interrumpir el uso de m\u00e9todos anticonceptivos para evitar embarazos no deseados o enfermedades de transmisi\u00f3n sexual.<\/p>\n\n\n\n<p class=\"wp-block-paragraph\">Como parte de este plan para atender las violencias contra las mujeres y su salud fueron activadas las l\u00edneas Planificatel (800 624 64 64) , L\u00ednea Materna (800 628 37 62), el 911, L\u00ednea de la Vida y una l\u00ednea m\u00e1s para dar ayuda psicol\u00f3gica durante la pandemia.&nbsp;<\/p>\n","protected":false},"excerpt":{"rendered":"<p>Impacto del coronavirus es diferencial, puede reproducir situaciones de vulnerabilidad de mujeres, ni\u00f1as y adolescentes.<\/p>\n","protected":false},"author":3,"featured_media":18744,"comment_status":"open","ping_status":"open","sticky":false,"template":"","format":"standard","meta":{"_monsterinsights_skip_tracking":false,"footnotes":""},"categories":[691,51],"tags":[],"class_list":["post-18743","post","type-post","status-publish","format-standard","has-post-thumbnail","category-691","category-ejecutivo"],"_links":{"self":[{"href":"https:\/\/redsemlac.com\/semmexico\/wp-json\/wp\/v2\/posts\/18743","targetHints":{"allow":["GET"]}}],"collection":[{"href":"https:\/\/redsemlac.com\/semmexico\/wp-json\/wp\/v2\/posts"}],"about":[{"href":"https:\/\/redsemlac.com\/semmexico\/wp-json\/wp\/v2\/types\/post"}],"author":[{"embeddable":true,"href":"https:\/\/redsemlac.com\/semmexico\/wp-json\/wp\/v2\/users\/3"}],"replies":[{"embeddable":true,"href":"https:\/\/redsemlac.com\/semmexico\/wp-json\/wp\/v2\/comments?post=18743"}],"version-history":[{"count":0,"href":"https:\/\/redsemlac.com\/semmexico\/wp-json\/wp\/v2\/posts\/18743\/revisions"}],"wp:featuredmedia":[{"embeddable":true,"href":"https:\/\/redsemlac.com\/semmexico\/wp-json\/wp\/v2\/media\/18744"}],"wp:attachment":[{"href":"https:\/\/redsemlac.com\/semmexico\/wp-json\/wp\/v2\/media?parent=18743"}],"wp:term":[{"taxonomy":"category","embeddable":true,"href":"https:\/\/redsemlac.com\/semmexico\/wp-json\/wp\/v2\/categories?post=18743"},{"taxonomy":"post_tag","embeddable":true,"href":"https:\/\/redsemlac.com\/semmexico\/wp-json\/wp\/v2\/tags?post=18743"}],"curies":[{"name":"wp","href":"https:\/\/api.w.org\/{rel}","templated":true}]}}