{"id":18730,"date":"2020-03-27T04:07:38","date_gmt":"2020-03-27T04:07:38","guid":{"rendered":"https:\/\/redsemlac.com\/semmexico\/?p=18730"},"modified":"2023-07-21T15:23:28","modified_gmt":"2023-07-21T20:23:28","slug":"a-un-ano-de-metoo-mexico-la-exigencia-sigue","status":"publish","type":"post","link":"https:\/\/redsemlac.com\/semmexico\/a-un-ano-de-metoo-mexico-la-exigencia-sigue\/","title":{"rendered":"A un a\u00f1o de #MeToo M\u00e9xico, la exigencia sigue"},"content":{"rendered":"\n<p class=\"wp-block-paragraph\"><strong>* FUNDAR, hace un recuento de las movilizaciones de las mexicanas para\nmanifestar su indignaci\u00f3n<\/strong><\/p>\n\n\n\n<p class=\"wp-block-paragraph\"><strong>* El hostigamiento, el caso y todas las violencias nos mantendr\u00e1n\njuntas y con la voz en alto<\/strong><\/p>\n\n\n\n<p class=\"wp-block-paragraph\"><strong>Argelia Guevara <\/strong><\/p>\n\n\n\n<p class=\"wp-block-paragraph\">SemM\u00e9xico, Ciudad de M\u00e9xico, 26 de marzo&nbsp; 2020.- La organizaci\u00f3n Fundar, una\ninstituci\u00f3n de investigaci\u00f3n, envi\u00f3 a las redes sociales un texto de recordatorio,&nbsp; con el #NuestraVozNoSeQuedaEnCasa, al\nconsiderar que a pesar de&nbsp; vivir tiempos\ncomplejos a nivel global, debido a la emergencia sanitaria provocada por la\npandemia del Covid19, no puede dejarse de alzar la voz respecto de uno de los\ntemas m\u00e1s relevantes de la agenda p\u00fablica, tambi\u00e9n a nivel mundial: la\ndesigualdad estructural y la violencia hist\u00f3rica contra las mujeres. <\/p>\n\n\n\n<p class=\"wp-block-paragraph\">El texto se\u00f1ala que el pasado 23 de marzo se cumpli\u00f3\nun a\u00f1o del inicio de las denuncias publicadas en M\u00e9xico bajo el #MeToo sobre\ncasos de violencia de g\u00e9nero, en espec\u00edfico de acoso y hostigamiento sexual. De\nlos cuales, algunos fueron expuestos por primera vez p\u00fablicamente en 2019,\notros desde 2016 a partir de #MiPrimerAcoso en la calle, y algunos m\u00e1s desde\ntiempo atr\u00e1s, olvidados y sin respuesta por la negligencia de las autoridades.<\/p>\n\n\n\n<p class=\"wp-block-paragraph\">Agrega e interpreta que del 23 de marzo de 2019 y en\npoco m\u00e1s de dos semanas, alrededor de dos mil 393 denuncias circularon en las\ndiferentes cuentas del #MeToo en M\u00e9xico. La potencia de estas voces fue un\ncatalizador de diversas acciones orientadas a resarcir el da\u00f1o hist\u00f3rico de la\nviolencia contra las mujeres. <\/p>\n\n\n\n<p class=\"wp-block-paragraph\">En 2019, atestiguamos la valent\u00eda de las mujeres que\nalzaron la voz, dejando en evidencia la violencia estructural que vivimos y la\ncual no estamos dispuestas a seguir tolerando, -dicen las colectivas en las redes-\ny detallan que esas acciones desencadenaron en un a\u00f1o de movilizaciones,\nposturas cr\u00edticas y creativas, demostrando que #LaCalleEsNuestra y denunciando\ndiscursos encaminados a perpetuar los estereotipos y la violencia de g\u00e9nero en\nun pa\u00eds donde cada d\u00eda son asesinadas 10 mujeres.<\/p>\n\n\n\n<p class=\"wp-block-paragraph\">En ese a\u00f1o, el movimiento cambi\u00f3 de textura y color,\nal igual que gan\u00f3 batallas importantes para la dignificaci\u00f3n de la vida de las\nmujeres como la despenalizaci\u00f3n del aborto en Oaxaca y la aprobaci\u00f3n de la\nllamada Ley Olimpia en la Ciudad de M\u00e9xico. Con el #MeToo aprendimos a no\ncallar y con el #YoS\u00edTeCreo nos dimos cuenta que es fundamental acuerparnos\nentre nosotras para sostener la lucha por la igualdad.<\/p>\n\n\n\n<p class=\"wp-block-paragraph\">Ante este panorama, y la falta de acciones del\nEstado para garantizar la seguridad, protecci\u00f3n y la vida de las mujeres, en\nFundar no pod\u00edamos dejar de cuestionarnos y sumamos a este tipo de\nmovilizaciones que han logrado impulsar iniciativas colectivas, personales y\ndentro de las organizaciones para consolidar espacios seguros.<\/p>\n\n\n\n<p class=\"wp-block-paragraph\">Hicimos consciencia y reconocimos que nuestros\nespacios tampoco estaban exentos de violencias y hemos asumido una postura\nautocr\u00edtica y activa para prevenir y atender el acoso y hostigamiento sexual a\ntrav\u00e9s de un profundo proceso de reflexi\u00f3n institucional que decant\u00f3 en un\nprotocolo de actuaci\u00f3n contra las violencias y discriminaciones de g\u00e9nero. <\/p>\n\n\n\n<p class=\"wp-block-paragraph\">Estas contribuciones se suman a la extraordinaria\nlabor de miles de mujeres organizadas en formatos novedosos y de nuestras\ncolegas en organizaciones feministas cuyo esfuerzo y talento est\u00e1 encaminado a\nvisibilizar esta situaci\u00f3n y a proponer pol\u00edticas p\u00fablicas que reduzcan las\ndesigualdades y la violencia machista. Como organizaci\u00f3n, sabemos que unidas\nsomos m\u00e1s fuertes y que seguir sumando es clave para poder crear espacios\nseguros donde todas podamos vivir libres y sin miedo. <\/p>\n\n\n\n<p class=\"wp-block-paragraph\">Por ello, desde Fundar nos parece fundamental no\ndejar pasar el primer aniversario del movimiento #MeToo en M\u00e9xico para recordar\ntodo lo que ha sucedido desde entonces y sobre todo para agradecer, una vez\nm\u00e1s, la valent\u00eda de las mujeres que rompieron el silencio.&nbsp; Ya que, aunque los resultados no se vieron de\ninmediato, a un a\u00f1o hemos visto como cada vez m\u00e1s las mujeres en diferentes \u00e1mbitos\nlevantamos la voz y hacemos conciencia de que el acoso, el hostigamiento y la\nviolencia sexual son injustificables e inaceptables. Les reiteramos que les\ncreemos, les seguimos creyendo, y seguiremos luchando juntas.&nbsp; <\/p>\n\n\n\n<p class=\"wp-block-paragraph\">Nosotras tambi\u00e9n queremos vivir sin miedo.<\/p>\n\n\n\n<p class=\"wp-block-paragraph\">#LaLuchaFeministaSigue<\/p>\n\n\n\n<p class=\"wp-block-paragraph\">#NuestraVozNoSeQuedaEnCasa<\/p>\n\n\n\n<p class=\"wp-block-paragraph\">#YoSiTeCreo<\/p>\n\n\n\n<p class=\"wp-block-paragraph\">#NiUnaM\u00e1s<\/p>\n\n\n\n<p class=\"wp-block-paragraph\">SEM\/ag\/sj<\/p>\n","protected":false},"excerpt":{"rendered":"<p>FUNDAR, hace un recuento de las movilizaciones de las mexicanas para manifestar su indignaci\u00f3n<\/p>\n","protected":false},"author":3,"featured_media":18732,"comment_status":"open","ping_status":"open","sticky":false,"template":"","format":"standard","meta":{"_monsterinsights_skip_tracking":false,"footnotes":""},"categories":[691,54],"tags":[],"class_list":["post-18730","post","type-post","status-publish","format-standard","has-post-thumbnail","category-691","category-mujeres"],"_links":{"self":[{"href":"https:\/\/redsemlac.com\/semmexico\/wp-json\/wp\/v2\/posts\/18730","targetHints":{"allow":["GET"]}}],"collection":[{"href":"https:\/\/redsemlac.com\/semmexico\/wp-json\/wp\/v2\/posts"}],"about":[{"href":"https:\/\/redsemlac.com\/semmexico\/wp-json\/wp\/v2\/types\/post"}],"author":[{"embeddable":true,"href":"https:\/\/redsemlac.com\/semmexico\/wp-json\/wp\/v2\/users\/3"}],"replies":[{"embeddable":true,"href":"https:\/\/redsemlac.com\/semmexico\/wp-json\/wp\/v2\/comments?post=18730"}],"version-history":[{"count":0,"href":"https:\/\/redsemlac.com\/semmexico\/wp-json\/wp\/v2\/posts\/18730\/revisions"}],"wp:featuredmedia":[{"embeddable":true,"href":"https:\/\/redsemlac.com\/semmexico\/wp-json\/wp\/v2\/media\/18732"}],"wp:attachment":[{"href":"https:\/\/redsemlac.com\/semmexico\/wp-json\/wp\/v2\/media?parent=18730"}],"wp:term":[{"taxonomy":"category","embeddable":true,"href":"https:\/\/redsemlac.com\/semmexico\/wp-json\/wp\/v2\/categories?post=18730"},{"taxonomy":"post_tag","embeddable":true,"href":"https:\/\/redsemlac.com\/semmexico\/wp-json\/wp\/v2\/tags?post=18730"}],"curies":[{"name":"wp","href":"https:\/\/api.w.org\/{rel}","templated":true}]}}