{"id":18715,"date":"2020-03-27T03:32:38","date_gmt":"2020-03-27T03:32:38","guid":{"rendered":"https:\/\/redsemlac.com\/semmexico\/?p=18715"},"modified":"2023-07-21T15:23:29","modified_gmt":"2023-07-21T20:23:29","slug":"estamos-contigo-campana-del-gobierno-contra-la-violencia-machista","status":"publish","type":"post","link":"https:\/\/redsemlac.com\/semmexico\/estamos-contigo-campana-del-gobierno-contra-la-violencia-machista\/","title":{"rendered":"\u00abEstamos contigo\u00bb, campa\u00f1a del Gobierno contra la violencia machista"},"content":{"rendered":"\n<p class=\"wp-block-paragraph\"><strong>* Forma parte del plan de contingencia\ncontra la violencia de g\u00e9nero<\/strong><\/p>\n\n\n\n<p class=\"wp-block-paragraph\"><strong>* La violencia machista en los hogares, que en estos d\u00edas puede recrudecerse<\/strong><\/p>\n\n\n\n<p class=\"wp-block-paragraph\"><strong>Redacci\u00f3n<\/strong><\/p>\n\n\n\n<p class=\"wp-block-paragraph\">SemM\u00e9xico\/AmecoPress,\nMadrid, 26 de marzo 2020.-&nbsp;\u00abEstamos contigo. La violencia de g\u00e9nero\nla paramos unidas\u00bb es el lema de la campa\u00f1a lanzada por el Ministerio de\nIgualdad contra la violencia machista para informar a las v\u00edctimas de los\nrecursos activos durante el estado de alarma y concienciar a la sociedad de que\ndebe implicarse en la protecci\u00f3n de estas mujeres.<\/p>\n\n\n\n<p class=\"wp-block-paragraph\">Esta\ncampa\u00f1a informativa forma parte del plan de contingencia contra la violencia de\ng\u00e9nero puesto en marcha por el Gobierno para minimizar el riesgo que supone el\nconfinamiento durante la pandemia del coronavirus para las situaciones de\nmaltrato machista.&nbsp;<a href=\"https:\/\/amecopress.net\/Plan-de-actuacion-para-las-mujeres-que-esten-sufriendo-violencia-de-genero\">De este plan informamos ya el pasado lunes<\/a>.<\/p>\n\n\n\n<p class=\"wp-block-paragraph\">La\nDelegaci\u00f3n de Gobierno contra la violencia de g\u00e9nero alerta sobre la existencia\nde violencia machista en los hogares, que en estos d\u00edas puede recrudecerse\ndebido a la situaci\u00f3n de encerramiento en la que nos encontramos, y pide al\nconjunto de la sociedad que trabaje unida contra ella porque \u201cno es un problema\nprivado\u201d, sino una \u201cviolaci\u00f3n de los derechos humanos\u201d que incumbe a todas y\ntodos, \u201cespecialmente a los poderes p\u00fablicos\u201d.<\/p>\n\n\n\n<p class=\"wp-block-paragraph\"><a href=\"http:\/\/www.violenciagenero.igualdad.gob.es\/sensibilizacionConcienciacion\/campannas\/violenciaGobierno\/todoSaldraBien\/home.htm\">El Ministerio est\u00e1 distribuyendo carteles con el lema\n\u00abEstamos contigo. La violencia de g\u00e9nero la paramos unidas\u00bb<\/a>&nbsp;y tel\u00e9fonos (el\n016, el 112 y los de atenci\u00f3n psicol\u00f3gica a v\u00edctimas) en comunidades de vecinos\ny vecinas, ayuntamientos, administraciones, peque\u00f1os comercios, supermercados,\nfarmacias y otros establecimientos.<\/p>\n\n\n\n<p class=\"wp-block-paragraph\">\u00abEn\neste edificio somos muchos los vecinos y vecinas que no toleramos la violencia\nmachista. Si eres v\u00edctima y necesitas ayuda no dudes en ponerte en contacto con\nnosotros. Recuerda que podemos contactar con los servicios disponibles para\nti\u00bb, reza uno de los carteles.<\/p>\n\n\n\n<p class=\"wp-block-paragraph\">Adem\u00e1s,\nIgualdad pondr\u00e1 a disposici\u00f3n de quien lo desee material gr\u00e1fico de apoyo a las\nv\u00edctimas para publicarlo en redes sociales. Se trata de este mensaje: \u00abEn\neste perfil no se tolera la violencia machista. Si eres v\u00edctima y necesitas que\nalerte de tu situaci\u00f3n al 016 o a los tel\u00e9fonos de emergencia, ponte en\ncontacto conmigo a trav\u00e9s de mensaje privado\u00bb.<\/p>\n\n\n\n<p class=\"wp-block-paragraph\">El\nMinisterio recuerda que ha elaborado una&nbsp;<a href=\"http:\/\/www.violenciagenero.igualdad.gob.es\/informacionUtil\/covid19\/GuiaVictimasVGCovid19.pdf\">gu\u00eda de actuaci\u00f3n<\/a>&nbsp;para v\u00edctimas en la que indica a\nlas mujeres c\u00f3mo actuar en distintas situaciones que puedan darse durante el\nperiodo de confinamiento por el coronavirus.<\/p>\n\n\n\n<p class=\"wp-block-paragraph\">En&nbsp;<a href=\"http:\/\/www.violenciagenero.igualdad.gob.es\/informacionUtil\/recursos\/estadoAlarma\/home.htm\">este enlace<\/a>&nbsp;se pueden localizar actualizados\nlos servicios activos en cada comunidad aut\u00f3noma durante el estado de alarma,\ndespu\u00e9s de que se hayan declarado esenciales.<\/p>\n\n\n\n<p class=\"wp-block-paragraph\">La\ngu\u00eda explica tambi\u00e9n c\u00f3mo proceder ante una situaci\u00f3n de riesgo, c\u00f3mo adaptar\nel r\u00e9gimen de visitas de los hijos durante el aislamiento y se ofrece un\ntel\u00e9fono (673765330) para gestionar espacios seguros para las mascotas en caso\nde que la v\u00edctima tenga que abandonar su domicilio e irse a un servicio de\nacogida o emergencia, adonde no suelen permitir animales de compa\u00f1\u00eda.<\/p>\n\n\n\n<p class=\"wp-block-paragraph\">El\n016 atiende a todas las v\u00edctimas de violencia machista las 24 horas del d\u00eda y\nen 52 idiomas diferentes, al igual que el correo 016-online@mscbs.es.<\/p>\n\n\n\n<p class=\"wp-block-paragraph\">Las\nv\u00edctimas de maltrato pueden acceder a un servicio psicol\u00f3gico inmediato que se\npresta v\u00eda mensajer\u00eda instant\u00e1nea (Whatsapp) a trav\u00e9s de los tel\u00e9fonos\n682916136 y 682508507.<\/p>\n\n\n\n<p class=\"wp-block-paragraph\">SEM-AmecoPress<\/p>\n","protected":false},"excerpt":{"rendered":"<p>La violencia machista en los hogares, que en estos d\u00edas puede recrudecerse<\/p>\n","protected":false},"author":3,"featured_media":18716,"comment_status":"open","ping_status":"open","sticky":false,"template":"","format":"standard","meta":{"_monsterinsights_skip_tracking":false,"footnotes":""},"categories":[691,53],"tags":[],"class_list":["post-18715","post","type-post","status-publish","format-standard","has-post-thumbnail","category-691","category-internacional"],"_links":{"self":[{"href":"https:\/\/redsemlac.com\/semmexico\/wp-json\/wp\/v2\/posts\/18715","targetHints":{"allow":["GET"]}}],"collection":[{"href":"https:\/\/redsemlac.com\/semmexico\/wp-json\/wp\/v2\/posts"}],"about":[{"href":"https:\/\/redsemlac.com\/semmexico\/wp-json\/wp\/v2\/types\/post"}],"author":[{"embeddable":true,"href":"https:\/\/redsemlac.com\/semmexico\/wp-json\/wp\/v2\/users\/3"}],"replies":[{"embeddable":true,"href":"https:\/\/redsemlac.com\/semmexico\/wp-json\/wp\/v2\/comments?post=18715"}],"version-history":[{"count":0,"href":"https:\/\/redsemlac.com\/semmexico\/wp-json\/wp\/v2\/posts\/18715\/revisions"}],"wp:featuredmedia":[{"embeddable":true,"href":"https:\/\/redsemlac.com\/semmexico\/wp-json\/wp\/v2\/media\/18716"}],"wp:attachment":[{"href":"https:\/\/redsemlac.com\/semmexico\/wp-json\/wp\/v2\/media?parent=18715"}],"wp:term":[{"taxonomy":"category","embeddable":true,"href":"https:\/\/redsemlac.com\/semmexico\/wp-json\/wp\/v2\/categories?post=18715"},{"taxonomy":"post_tag","embeddable":true,"href":"https:\/\/redsemlac.com\/semmexico\/wp-json\/wp\/v2\/tags?post=18715"}],"curies":[{"name":"wp","href":"https:\/\/api.w.org\/{rel}","templated":true}]}}