{"id":18713,"date":"2020-03-27T03:15:57","date_gmt":"2020-03-27T03:15:57","guid":{"rendered":"https:\/\/redsemlac.com\/semmexico\/?p=18713"},"modified":"2023-07-21T15:23:29","modified_gmt":"2023-07-21T20:23:29","slug":"opinion-405","status":"publish","type":"post","link":"https:\/\/redsemlac.com\/semmexico\/opinion-405\/","title":{"rendered":"Ambig\u00fa"},"content":{"rendered":"\n<h2 class=\"wp-block-heading\">G-20; la poca estatura de Estadista<\/h2>\n\n\n\n<p class=\"wp-block-paragraph\"><strong>Por Martha Elba Torres Mart\u00ednez<\/strong><\/p>\n\n\n\n<p class=\"wp-block-paragraph\">SemM\u00e9xico. 26 de marzo 2020.- Para los que todav\u00eda creen que el Covid 19 es un cuento chino, producto de mentes perversas de la plutocracia global, o castigo divino para los ricos, en un hecho hist\u00f3rico, sin precedentes para la humanidad desde las guerras de la primera mitad del siglo XX, ayer, gracias a la tecnolog\u00eda digital, pudo reunirse el G-20 para tomar decisiones coordinadas y cooperativas a fin de enfrentar la desgracia que vivimos a nivel mundial.<\/p>\n\n\n\n<p class=\"wp-block-paragraph\">Pero unos poquitos datos para entender el estado de la\ncuesti\u00f3n, de lo in\u00e9dito que sucedi\u00f3 este jueves y que nos da esperanzas de que\nel presidente de M\u00e9xico finalmente entienda que no puede conducir el pa\u00eds como\nsi fuera su chingado rancho.<\/p>\n\n\n\n<p class=\"wp-block-paragraph\">El G-20 lo integran Australia, Canad\u00e1, China, Francia,\nAlemania, India, Indonesia, Italia, Jap\u00f3n, M\u00e9xico, Rusia, Arabia Saudita,\nSud\u00e1frica, Corea del Sur, Turqu\u00eda, el Reino Unido y Estados Unidos, la Uni\u00f3n\nEuropea, Argentina, Brasil y M\u00e9xico, que representaban a finales del primer\nmilenio, el 85 por ciento de la econom\u00eda global. <\/p>\n\n\n\n<p class=\"wp-block-paragraph\">El Grupo se cre\u00f3 por la crisis financiera del momento y para\napoyar las econom\u00edas emergentes, como el caso de los \u00faltimos tres pa\u00edses\nmencionados. Y s\u00ed, fue el neoliberal Ernesto Zedillo, el primer presidente que\nle toc\u00f3 asistir. Transitaron los siguientes cada vez que se reun\u00eda, y ahora,\ncorrespondi\u00f3 a L\u00f3pez Obrador, sin salir de su b\u00fanker en Palacio Nacional. Cabe\nmencionar que son organismos consultores del bloque, el FMI, la Organizaci\u00f3n\nMundial de Comercio, la del Trabajo y ahora la de salud, entre otros.<\/p>\n\n\n\n<p class=\"wp-block-paragraph\">El caso, que reitero es una impresi\u00f3n personal, le falt\u00f3 a\nL\u00f3pez Obrador estatura de Estadista. Dejemos de lado que tuvo que traducirse al\ningl\u00e9s su intervenci\u00f3n porque ni como presidente le ha interesado aprender el\nidioma considerado universal; su discurso pareci\u00f3 m\u00e1s dirigido a las y los\nconnacionales, que a los dirigentes de superpotencias mundiales que\ncuriosamente son lo que son, por sus econom\u00edas tan liberales en materia\narancelaria, monopolios, petr\u00f3leo y especulaci\u00f3n en los mercados.<\/p>\n\n\n\n<p class=\"wp-block-paragraph\">No tengo ni idea c\u00f3mo tomaron los l\u00edderes de China, Estados\nUnidos, Rusia, Jap\u00f3n y Arabia Saudita que se dejen de esas cosas y hagan tregua\necon\u00f3mica. Qu\u00e9 tal que en una de esas le hagan caso por las circunstancias que\natravesamos.<\/p>\n\n\n\n<p class=\"wp-block-paragraph\">Aqu\u00ed la parte que creo que tiene m\u00e1s que ver con M\u00e9xico, que\ncon el mundo:<\/p>\n\n\n\n<p class=\"wp-block-paragraph\">-La crisis de salud p\u00fablica no se resuelve solo en los\nhospitales, \u201csino en nuestros hogares\u201d. Y vino toda una apolog\u00eda sobre la\nfamilia, en la que las mujeres deben estar al cuidado de los viejitos y\nenfermos, como dijo el pasado martes 24.<\/p>\n\n\n\n<p class=\"wp-block-paragraph\">-Dar preferencia a los pobres, apoyar a las microempresas\nfamiliares y a quienes viven de la econom\u00eda informal.<\/p>\n\n\n\n<p class=\"wp-block-paragraph\">Le\u00eda el m\u00e1s reciente informe de la Organizaci\u00f3n\nInternacional del Trabajo (OIT) que corresponde a 2018, sobre la econom\u00eda\ninformal en el mundo: m\u00e1s de 61 por ciento de trabajadoras y trabajadores, unas\n2 mil millones de personas, que se ganan la vida en ese sector.<\/p>\n\n\n\n<p class=\"wp-block-paragraph\">Dice la OIT que la mayor\u00eda de quienes trabajan en la\ninformalidad, se encuentran en pa\u00edses emergentes y en desarrollo; la mayor\nparte carece de protecci\u00f3n social, derechos laborales y condiciones de trabajo\ndecorosas.<\/p>\n\n\n\n<p class=\"wp-block-paragraph\">En M\u00e9xico, en el primer a\u00f1o de gobierno lopezobradorista y\nde acuerdo con el INEGI, la informalidad laboral creci\u00f3 a 56.3 por ciento, en\nrelaci\u00f3n con 2018 que se situ\u00f3 en 55.9 por ciento. Si bien, es un peque\u00f1o\nrepunte, cuando se relaciona con el \u00edndice de desempleo que fue de 3.6 por ciento,\nya puede darnos una idea de que la pol\u00edtica asistencialista, es eso: pol\u00edtica,\npero no ofrece desarrollo si no se vincula con aspectos importantes como es la\neducaci\u00f3n y la calificaci\u00f3n.<\/p>\n\n\n\n<p class=\"wp-block-paragraph\">Entonces, Amlo, ante las potencias mundiales, se dio un tiro\nen el pie porque la econom\u00eda mexicana no ofrece m\u00e1s que informalidad y detentes\npara detener al coronavirus.<\/p>\n\n\n\n<p class=\"wp-block-paragraph\">No me juzguen odiosa, pero frente a los 25 mil millones de\npesos en cr\u00e9ditos que destinar\u00e1 el gobierno de L\u00f3pez Obrador para apoyar\nprecisamente a las microempresas, y los esfuerzos adicionales que realizan\ngobernadores, como Silvano Aureoles con el fondo de mil millones de pesos para apalancar\nla econom\u00eda local popular y Enrique Alfaro, de Jalisco, con la compra de\npruebas r\u00e1pidas que aplicar\u00e1 600 al d\u00eda, el Congreso de Estados Unidos da una\npinche bofetada a los mexicanos.<\/p>\n\n\n\n<p class=\"wp-block-paragraph\">A principios de marzo -el d\u00eda 4 para ser exacta- la C\u00e1mara\nde Representantes aprob\u00f3 8,300 mdd para encontrar la vacuna -Reino Unido\ndestino 230 millones de euros-, bono extra a los empleados de salud -por la\nchinga que se est\u00e1n poniendo- y para reforzar los programas de prevenci\u00f3n. <\/p>\n\n\n\n<p class=\"wp-block-paragraph\">Acaba de autorizar la licencia por enfermedad remunerada por\ndos semanas, hasta por la cantidad de 511 d\u00f3lares al d\u00eda, y los empleadores que\nno puedan pagar ser\u00e1n exentos de impuestos o pagar\u00e1n vacaciones adelantadas. Habr\u00e1\npruebas gratuitas de coronavirus para todas las y los estadunidenses, cupones\nde alimentos y fondos adicionales para el Medicaid. <\/p>\n\n\n\n<p class=\"wp-block-paragraph\">Aun as\u00ed, el impacto de la pandemia al \u201ccoloso del norte\u201d ha\nsido brutal. Un total de 3.28 millones de trabajadores hab\u00edan presentado hasta\nayer, solicitudes de ayudas por desempleo.<\/p>\n\n\n\n<p class=\"wp-block-paragraph\">Y sale L\u00f3pez Obrador con que la familia amorosa y Claudia\nSheinbaum con pu\u00f1eteros 10 millones de pesos para la atenci\u00f3n de infectados en\nlos hospitales p\u00fablicos de la Ciudad de M\u00e9xico\u2026<\/p>\n\n\n\n<p class=\"wp-block-paragraph\">&nbsp;&nbsp;&nbsp;&nbsp;&nbsp;&nbsp;&nbsp;&nbsp;&nbsp;&nbsp;&nbsp;&nbsp;&nbsp;&nbsp;&nbsp;&nbsp;&nbsp;&nbsp;&nbsp;&nbsp;&nbsp;&nbsp;&nbsp;&nbsp;&nbsp;&nbsp;&nbsp;&nbsp;&nbsp;&nbsp;&nbsp;&nbsp;&nbsp;&nbsp;&nbsp;&nbsp;&nbsp;&nbsp;&nbsp;&nbsp;&nbsp;&nbsp;&nbsp;&nbsp;&nbsp;&nbsp;&nbsp;&nbsp;&nbsp;&nbsp;&nbsp;&nbsp;&nbsp;&nbsp;&nbsp;&nbsp;&nbsp;&nbsp;&nbsp;&nbsp;&nbsp;&nbsp;&nbsp;&nbsp;&nbsp;&nbsp;&nbsp;&nbsp;&nbsp;&nbsp;&nbsp;&nbsp;&nbsp;&nbsp;&nbsp;&nbsp;&nbsp; ***<\/p>\n\n\n\n<p class=\"wp-block-paragraph\">Como sea, en palabras del rey Salman, de Arabia Saudita, lo\nurgente es encontrar la vacuna y el G-20 acord\u00f3 inyectar a la econom\u00eda mundial,\n5 mil millones de d\u00f3lares para resolver los impactos sanitarios, sociales y\necon\u00f3micos de la pandemia que a nivel global toca ya los 500 mil infectados con\nm\u00e1s de 21 mil muertes, y 3 mil millones de personas confinadas en sus casas.<\/p>\n\n\n\n<p class=\"wp-block-paragraph\">No quiero ser alarmista, pero me emputa leer tantas estupideces\nen las redes, cuando en la cresta de la ola de infectados, como en Europa, los\nm\u00e9dicos tengan que decidir a qui\u00e9nes salvarles la vida, ante tantos infectados.\nUn reporte de la AFP, reproduce el dram\u00e1tico caso de una pediatra, Sara\nChinchilla, que trabaja en M\u00f3stoles, cerca de Madrid, y que se ve obligada a\nelegir quien puede acceder a la Unidad de Cuidados Intensivos (UCI).<\/p>\n\n\n\n<p class=\"wp-block-paragraph\">La verdad es que no hay ventiladores respiratorios\nsuficientes en el mundo y muchos seguir\u00e1n muriendo. Pero no s\u00e9 d\u00f3nde tiene la\ncabeza L\u00f3pez Obrador, que no lo entiende.<\/p>\n\n\n\n<p class=\"wp-block-paragraph\">Al cierre de esta entrega, Reino Unido ya sufr\u00eda crisis\nhospitalaria por falta de personal y ventiladores; en India los mil 300\nhabitantes ya fueron ordenados al confinamiento total y Rusia suspendi\u00f3 vuelos internacionales,\nmientras cerraba caf\u00e9s, tiendas y parques en Mosc\u00fa, de acuerdo a los informes\nde la prensa internacional.<\/p>\n\n\n\n<p class=\"wp-block-paragraph\">Las cosas est\u00e1n de la chingada, y lo que m\u00e1s conviene a\nL\u00f3pez Obrador es que por primera vez cierre la boca. Porque como dijo ante el\nG-20: que trabajen y hablen los expertos. Para rid\u00edculos y tumbazos medi\u00e1ticos,\nya estamos hartos. <\/p>\n\n\n\n<p class=\"wp-block-paragraph\">\u00bfQu\u00e9 es eso de que el 19 de abril \u201cpodremos de salir de la\ngravedad\u201d? cuando el propio Hugo L\u00f3pez-Gatell estima que ser\u00e1 en junio cuando\nse d\u00e9 el mayor contagio y para octubre, ah\u00ed se revisar\u00e1\u2026<\/p>\n","protected":false},"excerpt":{"rendered":"<p>G-20; la poca estatura de Estadista<\/p>\n","protected":false},"author":3,"featured_media":9303,"comment_status":"open","ping_status":"open","sticky":false,"template":"","format":"standard","meta":{"_monsterinsights_skip_tracking":false,"footnotes":""},"categories":[691,99,90],"tags":[],"class_list":["post-18713","post","type-post","status-publish","format-standard","has-post-thumbnail","category-691","category-ambigu","category-martha-elba-torres-martinez"],"_links":{"self":[{"href":"https:\/\/redsemlac.com\/semmexico\/wp-json\/wp\/v2\/posts\/18713","targetHints":{"allow":["GET"]}}],"collection":[{"href":"https:\/\/redsemlac.com\/semmexico\/wp-json\/wp\/v2\/posts"}],"about":[{"href":"https:\/\/redsemlac.com\/semmexico\/wp-json\/wp\/v2\/types\/post"}],"author":[{"embeddable":true,"href":"https:\/\/redsemlac.com\/semmexico\/wp-json\/wp\/v2\/users\/3"}],"replies":[{"embeddable":true,"href":"https:\/\/redsemlac.com\/semmexico\/wp-json\/wp\/v2\/comments?post=18713"}],"version-history":[{"count":0,"href":"https:\/\/redsemlac.com\/semmexico\/wp-json\/wp\/v2\/posts\/18713\/revisions"}],"wp:featuredmedia":[{"embeddable":true,"href":"https:\/\/redsemlac.com\/semmexico\/wp-json\/wp\/v2\/media\/9303"}],"wp:attachment":[{"href":"https:\/\/redsemlac.com\/semmexico\/wp-json\/wp\/v2\/media?parent=18713"}],"wp:term":[{"taxonomy":"category","embeddable":true,"href":"https:\/\/redsemlac.com\/semmexico\/wp-json\/wp\/v2\/categories?post=18713"},{"taxonomy":"post_tag","embeddable":true,"href":"https:\/\/redsemlac.com\/semmexico\/wp-json\/wp\/v2\/tags?post=18713"}],"curies":[{"name":"wp","href":"https:\/\/api.w.org\/{rel}","templated":true}]}}