{"id":18642,"date":"2020-03-23T14:49:00","date_gmt":"2020-03-23T14:49:00","guid":{"rendered":"https:\/\/redsemlac.com\/semmexico\/?p=18642"},"modified":"2023-07-21T15:23:02","modified_gmt":"2023-07-21T20:23:02","slug":"proponen-que-delitos-sexuales-cometidos-por-adolescentes-no-prescriban","status":"publish","type":"post","link":"https:\/\/redsemlac.com\/semmexico\/proponen-que-delitos-sexuales-cometidos-por-adolescentes-no-prescriban\/","title":{"rendered":"Proponen que delitos sexuales cometidos por adolescentes no prescriban"},"content":{"rendered":"\n<p class=\"wp-block-paragraph\"><strong>* La iniciativa busca evitar que la\nviolencia sexual quede en la impunidad<\/strong><\/p>\n\n\n\n<p class=\"wp-block-paragraph\"><strong>* La prescripci\u00f3n inicia cuando los\nagresores cumplan la mayor\u00eda de edad<\/strong><\/p>\n\n\n\n<p class=\"wp-block-paragraph\"><strong>Elda Montiel<\/strong><\/p>\n\n\n\n<p class=\"wp-block-paragraph\">SemM\u00e9xico, Ciudad de M\u00e9xico, 23 de marzo 2020.- Para que los delitos\nsexuales y la trata de personas cometidos por adolescentes en contra de menores\nde edad o personas que no tengan la capacidad de comprender el hecho deben ser\nimprescriptibles para que no queden impunes, propuso el senador de Acci\u00f3n\nNacional, Jos\u00e9 Erandi Berm\u00fadez.<\/p>\n\n\n\n<p class=\"wp-block-paragraph\">La iniciativa con proyecto de decreto por el que se reforma el p\u00e1rrafo\ntercero del art\u00edculo 109 de la Ley del Sistema Integral de Justicia Penal para\nAdolescentes, fue turnada directamente a las Comisiones Unidas de Justicia; y\nde Estudios Legislativos, Segunda.<\/p>\n\n\n\n<p class=\"wp-block-paragraph\">El legislador panista explic\u00f3 que la prescripci\u00f3n es el vencimiento\ndel tiempo determinado para ejercer acci\u00f3n penal y castigar un il\u00edcito. El\ntiempo que debe transcurrir para que opere dicha figura, depende del delito del\ncual se trate: un a\u00f1o los que se sancionan con multa y se persiguen por\nquerella y dos a\u00f1os si merece destituci\u00f3n, suspensi\u00f3n, privaci\u00f3n de derecho o\ninhabilitaci\u00f3n.<\/p>\n\n\n\n<p class=\"wp-block-paragraph\">En el caso de cr\u00edmenes que perjudiquen el libre desarrollo de la\npersonalidad de menores de edad, la prescripci\u00f3n inicia cuando \u00e9stos cumplan la\nmayor\u00eda de edad. Esta decisi\u00f3n suele ocasionar problemas, pues cuando se conoce\nel hecho delictivo, este ya est\u00e1 prescrito. <\/p>\n\n\n\n<p class=\"wp-block-paragraph\">Cuando se habla de abuso infantil, lo primero que se suele pensar es\nque el abusador es un adulto, sin embargo, el texto afirma que en algunos casos\nes un menor de edad y son los que menos salen a la luz por el silencio de la\nv\u00edctima, el ocultismo de muchas familias y la dificultad del diagn\u00f3stico.<\/p>\n\n\n\n<p class=\"wp-block-paragraph\">El legislador sostiene que \u201cel aumento de la violencia, la corrupci\u00f3n\ne impunidad han dejado en evidencia que M\u00e9xico a\u00fan cuenta con un Sistema\nJudicial arcaico, adultoc\u00e9ntrico y patriarcal que perpetua la impunidad en los\ndelitos cometidos contra la infancia y la adolescencia\u201d. <\/p>\n\n\n\n<p class=\"wp-block-paragraph\">Se afirma que los delitos sexuales constituyen un problema de salud\np\u00fablica y de derechos humanos de proporciones incalculables, con consecuencias\nemocionales y psicol\u00f3gicas devastadoras para quienes lo sufren, lo cual trae\nsecuelas a corto y largo plazo que afecta la salud mental de las v\u00edctimas.<\/p>\n\n\n\n<p class=\"wp-block-paragraph\">SEM\/em\/sj<\/p>\n","protected":false},"excerpt":{"rendered":"<p>La prescripci\u00f3n inicia cuando los agresores cumplan la mayor\u00eda de edad<\/p>\n","protected":false},"author":3,"featured_media":18643,"comment_status":"open","ping_status":"open","sticky":false,"template":"","format":"standard","meta":{"_monsterinsights_skip_tracking":false,"footnotes":""},"categories":[691,50],"tags":[],"class_list":["post-18642","post","type-post","status-publish","format-standard","has-post-thumbnail","category-691","category-congreso"],"_links":{"self":[{"href":"https:\/\/redsemlac.com\/semmexico\/wp-json\/wp\/v2\/posts\/18642","targetHints":{"allow":["GET"]}}],"collection":[{"href":"https:\/\/redsemlac.com\/semmexico\/wp-json\/wp\/v2\/posts"}],"about":[{"href":"https:\/\/redsemlac.com\/semmexico\/wp-json\/wp\/v2\/types\/post"}],"author":[{"embeddable":true,"href":"https:\/\/redsemlac.com\/semmexico\/wp-json\/wp\/v2\/users\/3"}],"replies":[{"embeddable":true,"href":"https:\/\/redsemlac.com\/semmexico\/wp-json\/wp\/v2\/comments?post=18642"}],"version-history":[{"count":0,"href":"https:\/\/redsemlac.com\/semmexico\/wp-json\/wp\/v2\/posts\/18642\/revisions"}],"wp:featuredmedia":[{"embeddable":true,"href":"https:\/\/redsemlac.com\/semmexico\/wp-json\/wp\/v2\/media\/18643"}],"wp:attachment":[{"href":"https:\/\/redsemlac.com\/semmexico\/wp-json\/wp\/v2\/media?parent=18642"}],"wp:term":[{"taxonomy":"category","embeddable":true,"href":"https:\/\/redsemlac.com\/semmexico\/wp-json\/wp\/v2\/categories?post=18642"},{"taxonomy":"post_tag","embeddable":true,"href":"https:\/\/redsemlac.com\/semmexico\/wp-json\/wp\/v2\/tags?post=18642"}],"curies":[{"name":"wp","href":"https:\/\/api.w.org\/{rel}","templated":true}]}}