{"id":18524,"date":"2020-03-23T17:51:50","date_gmt":"2020-03-23T17:51:50","guid":{"rendered":"https:\/\/redsemlac.com\/semmexico\/?p=18524"},"modified":"2023-07-21T15:23:02","modified_gmt":"2023-07-21T20:23:02","slug":"respaldan-catedraticas-de-la-uagro-a-estudiantes-acosadas","status":"publish","type":"post","link":"https:\/\/redsemlac.com\/semmexico\/respaldan-catedraticas-de-la-uagro-a-estudiantes-acosadas\/","title":{"rendered":"Respaldan catedr\u00e1ticas de la UAGro a estudiantes acosadas"},"content":{"rendered":"\n<p class=\"wp-block-paragraph\"><strong>* Mandan una carta y lamentan actuar\nde estudiantes y profesores de la FFyL<\/strong><\/p>\n\n\n\n<p class=\"wp-block-paragraph\"><strong>*&nbsp;\nNo es la primera vez que sucede, recuerdan<\/strong><\/p>\n\n\n\n<p class=\"wp-block-paragraph\"><strong>Josefina Aguilar Pastor <\/strong><\/p>\n\n\n\n<p class=\"wp-block-paragraph\">SemM\u00e9xico,\nChilpancingo, Gro, 23 de marzo 2020.- Catedr\u00e1ticas de la Facultad de Filosof\u00eda\ny Letras de la Universidad Aut\u00f3noma de Guerrero (UAGro) apoyaron la decisi\u00f3n de\nlas estudiantes de presentar una queja ante la Defensor\u00eda de Derechos Humanos y\nUniversitarios de la instituci\u00f3n, quienes han sido desprestigiadas tras\ndenunciar pr\u00e1cticas de acoso y hostigamiento sexual.<\/p>\n\n\n\n<p class=\"wp-block-paragraph\">Las\nestudiantes se\u00f1alaron que la campa\u00f1a ha sido emprendida por parte de\nintegrantes de la C\u00e1tedra Carlos Marx y por integrantes del cuerpo acad\u00e9mico\nProblemas Sociales y Humanos, en tanto dos estudiantes m\u00e1s presentaron\nformalmente&nbsp; su queja ante la Defensor\u00eda\npor las agresiones de integrantes de la C\u00e1tedra.<\/p>\n\n\n\n<p class=\"wp-block-paragraph\">En\nuna carta abierta las profesoras reconocen la valent\u00eda y congruencia de Jessica\nAtziri Est\u00e9vez Ojendiz, tesista de la Facultad de Filosof\u00eda y Letras, y de\nAlina Navarrete Fern\u00e1ndez, estudiante de la Maestr\u00eda en Humanidades de la misma\nFacultad y colaboradora de varios medios informativos digitales. As\u00ed como otras\ndos estudiantes.<\/p>\n\n\n\n<p class=\"wp-block-paragraph\">Lamentan\nque el profesorado de la Catedra Carlos Marx y el &nbsp;cuerpo acad\u00e9mico Problemas Sociales y Humanos\nen lugar de tomar cartas en el asunto y promover un proceso hacia la\neliminaci\u00f3n de pr\u00e1cticas de acoso y hostigamiento en la Facultad de Filosof\u00eda y\nLetras, \u201cque sabemos existen\u201d, iniciaron esta campa\u00f1a que intimida y vulnera los\nderechos de la libertad de expresi\u00f3n no s\u00f3lo de Alina Navarrete, Jessica\nEst\u00e9vez y dem\u00e1s estudiantes denunciantes, sino de cualquiera.<\/p>\n\n\n\n<p class=\"wp-block-paragraph\">\u201cLos\nhechos ocurridos el d\u00eda 12 de marzo en el VI Coloquio de la Maestr\u00eda en\nHumanidades por parte de un estudiante de la misma Maestr\u00eda, son muestra de lo\nque hace el gozar del cobijo de los profesores de la Catedra, no obstante, son\nuna violaci\u00f3n al art\u00edculo 74, inciso XII, letras&nbsp; a), f) y g) del Reglamento Universitario, y\nen consecuencia, baja definitiva del estudiante del programa educativo, de\nacuerdo al art\u00edculo 41, inciso III que a la letra dice: por incumplimiento del\npresente reglamento\u201d, se\u00f1alan.<\/p>\n\n\n\n<p class=\"wp-block-paragraph\">\u201cS\u00f3lo\nnos queda remarcar que los&nbsp; delitos de\nacoso y hostigamiento en la Facultad son reales, existen desde hace mucho\ntiempo\u201d.<\/p>\n\n\n\n<p class=\"wp-block-paragraph\">A\nsu vez, trav\u00e9s de un comunicado, el coordinador de la Catedra Carlos Marx,&nbsp; Camilo Valqui Cachi, niega que alguno de sus\nmiembros sea capaz de cometer acciones que vulneren los derechos de mujeres,\nmaestros, maestras, trabajadores, trabajadoras y estudiantes.<\/p>\n\n\n\n<p class=\"wp-block-paragraph\">Valqui\nCachi&nbsp; asegura que nunca ha consentido\nactitudes y comportamientos contrarios a los principios y valores por los que\nse rige su Catedra Carlos Marx, esto a pesar de la denuncia que de manera\ndirecta hicieron algunas de las v\u00edctimas de acoso durante la jornada Marea\nVioleta, impulsada por \u201cYo te creo compa\u00f1era\u201d.<\/p>\n\n\n\n<p class=\"wp-block-paragraph\">La\ncarta fue firmada por las catedr\u00e1ticas Josefina Mungu\u00eda Aldama, judith Sol\u00eds\nT\u00e9llez, Isabel Osorio Salgado, Juventina Salgado Rom\u00e1n, Claudia Rangel Lozano,\nBlanca Estela V\u00e1zquez Hidalgo, Silvia Alarc\u00f3n, S\u00e1nchez, Silvia Alem\u00e1n Mundo, Alejandra\nC\u00e1rdenas Santana, Rosa Icela Ojeda Rivera, as\u00ed como Janeth Adame V\u00e1zquez y\nAzahalia Rodr\u00edguez Peralta, ambas egresadas de Filosof\u00eda de la Maestr\u00eda en\nHumanidades, y Esperanza Hern\u00e1ndez Arciga, catedr\u00e1tica del Centro de\nInvestigaci\u00f3n y Posgrado en Estudios Socioterritoriales.<\/p>\n\n\n\n<p class=\"wp-block-paragraph\">SEM\/jap\/sj<\/p>\n","protected":false},"excerpt":{"rendered":"<p>No es la primera vez que sucede, recuerdan<\/p>\n","protected":false},"author":3,"featured_media":18525,"comment_status":"open","ping_status":"open","sticky":false,"template":"","format":"standard","meta":{"_monsterinsights_skip_tracking":false,"footnotes":""},"categories":[691,54],"tags":[],"class_list":["post-18524","post","type-post","status-publish","format-standard","has-post-thumbnail","category-691","category-mujeres"],"_links":{"self":[{"href":"https:\/\/redsemlac.com\/semmexico\/wp-json\/wp\/v2\/posts\/18524","targetHints":{"allow":["GET"]}}],"collection":[{"href":"https:\/\/redsemlac.com\/semmexico\/wp-json\/wp\/v2\/posts"}],"about":[{"href":"https:\/\/redsemlac.com\/semmexico\/wp-json\/wp\/v2\/types\/post"}],"author":[{"embeddable":true,"href":"https:\/\/redsemlac.com\/semmexico\/wp-json\/wp\/v2\/users\/3"}],"replies":[{"embeddable":true,"href":"https:\/\/redsemlac.com\/semmexico\/wp-json\/wp\/v2\/comments?post=18524"}],"version-history":[{"count":0,"href":"https:\/\/redsemlac.com\/semmexico\/wp-json\/wp\/v2\/posts\/18524\/revisions"}],"wp:featuredmedia":[{"embeddable":true,"href":"https:\/\/redsemlac.com\/semmexico\/wp-json\/wp\/v2\/media\/18525"}],"wp:attachment":[{"href":"https:\/\/redsemlac.com\/semmexico\/wp-json\/wp\/v2\/media?parent=18524"}],"wp:term":[{"taxonomy":"category","embeddable":true,"href":"https:\/\/redsemlac.com\/semmexico\/wp-json\/wp\/v2\/categories?post=18524"},{"taxonomy":"post_tag","embeddable":true,"href":"https:\/\/redsemlac.com\/semmexico\/wp-json\/wp\/v2\/tags?post=18524"}],"curies":[{"name":"wp","href":"https:\/\/api.w.org\/{rel}","templated":true}]}}