{"id":18521,"date":"2020-03-23T17:07:20","date_gmt":"2020-03-23T17:07:20","guid":{"rendered":"https:\/\/redsemlac.com\/semmexico\/?p=18521"},"modified":"2023-07-21T15:23:02","modified_gmt":"2023-07-21T20:23:02","slug":"opinion-400","status":"publish","type":"post","link":"https:\/\/redsemlac.com\/semmexico\/opinion-400\/","title":{"rendered":"Botella al Mar"},"content":{"rendered":"\n<h2 class=\"wp-block-heading\"> \u00bfSer\u00e1 creado? <\/h2>\n\n\n\n<p class=\"wp-block-paragraph\"><strong>Por:\nMartha Canseco Gonz\u00e1lez<\/strong><\/p>\n\n\n\n<p class=\"wp-block-paragraph\">SemM\u00e9xico. 23 de marzo 2020.- Primero\ncomentar en lo local aquello que est\u00e1 dejando ver la aparici\u00f3n del virus\nCovid-19 o Coronavirus. Sin lugar a dudas muchos puntos a favor del Gobernador\nOmar Fayad, respecto a su decisi\u00f3n de remover al Secretario de Salud Marco\nAntonio Escamilla Acosta quien enferm\u00f3 de \u201cindolencia\u201d, vamos le pregunt\u00f3 que\nsi todo estaba listo para enfrentar la situaci\u00f3n y muy seguro de s\u00ed mismo\ncontesto que s\u00ed.<\/p>\n\n\n\n<p class=\"wp-block-paragraph\">Resulta que no hab\u00eda ninguna medida\nexcepcional en el sector, a pesar de que se le otorgaron recursos especiales\nante la urgencia. Igual suerte corri\u00f3 el director del Hospital General,\nFrancisco Chong Barreiro, qui\u00e9n se present\u00f3 dos horas y media despu\u00e9s de que se\napersonara en el nosocomio un ciudadano con s\u00edntomas del virus, por pura\ncasualidad de nombre Omar Fayad. Dicen que hasta de palabras se hicieron, que\nChong Barreiro crey\u00f3 que su virus chino era m\u00e1s potente que el coronavirus.\nEsperemos que el virus chino no contamine las pr\u00f3ximas elecciones municipales\nen la entidad, pero tampoco el de T\u00e9llez, ni el de otras latitudes\nhidalguenses.<\/p>\n\n\n\n<p class=\"wp-block-paragraph\">Lo que me pareci\u00f3 aberrante fue la\nactitud de las autoridades estatales de ir en contra de la decisi\u00f3n de la\nPresidenta Municipal de Pachuca Yolanda Teller\u00eda de cerrar bares y cantinas\npara evitar un mayor contagio. Por supuesto el trasfondo es tanto pol\u00edtico como\necon\u00f3mico. Engolosinado Fayad cree que s\u00f3lo sus acciones contra la pandemia son\nv\u00e1lidas, quiere ser el ni\u00f1o bueno con su medalla al pecho, \u00a1pero no! cualquier\ncosa que ayude a evitar m\u00e1s contagios es buena. \u00a1Por favor cierren los bares y\ncantinas! que en nada ayudan en esta crisis y s\u00ed la pueden hacer m\u00e1s dif\u00edcil. <\/p>\n\n\n\n<p class=\"wp-block-paragraph\">Por otra parte, es de todos conocido\nque muchos funcionarios, ex funcionarios de esta administraci\u00f3n y empresarios\nglotones tienen precisamente en esa rama, digamos del \u201cdivertimento\u201d, sus\nnegocios particulares. As\u00ed que la reacci\u00f3n del gobierno estatal, simple y\nllanamente est\u00e1 respondiendo a esos particular\u00edsimos intereses, no est\u00e1n\nactuando en favor de las mayor\u00edas, \u00a1congruencia, por favor, congruencia!<\/p>\n\n\n\n<p class=\"wp-block-paragraph\">Y hablando de esto, de INTERESES,\npaso a comentar sobre lo que he le\u00eddo en torno al coronavirus. Por supuesto me\nayuda a discriminar que s\u00ed y que no leo, tantos a\u00f1os de jerarquizar y analizar\ninformaci\u00f3n en los diferentes medios de comunicaci\u00f3n en los que he trabajo. Esa\nexperiencia te da olfato para diferenciar que vale la pena y que no respecto a\ntodo lo que se ha escrito, se est\u00e1 escribiendo y se escribir\u00e1 respecto a la\npandemia. <\/p>\n\n\n\n<p class=\"wp-block-paragraph\">Comento las l\u00edneas que han producido\ntres intelectuales norteamericanos al respecto: La fil\u00f3sofa Judith Butler, el\nling\u00fcista Noam Chomsky y la periodista Naomi Klein. Por supuesto los tres\ncoinciden en que la pandemia ser\u00e1 aprovechada por el sistema neoliberal y su\npadre el capitalismo, para ahondar las diferencias, ya abismales, entre los\nricos, la poderosa minor\u00eda y los pobres la abrumadora mayor\u00eda del planeta, de\nla que indica, se quieren deshacer.<\/p>\n\n\n\n<p class=\"wp-block-paragraph\">Noam Chomsky dice abiertamente\nadem\u00e1s que el virus ha sido creado en laboratorio norteamericano y sembrado en\nChina para detener al gigante asi\u00e1tico, de ah\u00ed, se\u00f1ala, que no sea casualidad\nque todo haya detonado en la peque\u00f1a ciudad donde el gobierno comunista tiene\nlaboratorios de investigaci\u00f3n del coronavirus, el SARS, el MERS y el \u00e9bola. Vamos\npara hacer creer que se les escap\u00f3. El objetivo dice el tambi\u00e9n fil\u00f3sofo es que\nEstados Unidos no pierda su supremac\u00eda mundial econ\u00f3mica y su papel de gendarme\nplanetario.<\/p>\n\n\n\n<p class=\"wp-block-paragraph\">Se\u00f1ala adem\u00e1s que es una guerra\nbacteriol\u00f3gica de baja intensidad ya que el virus no afecta a la infancia ni a\nla juventud, (mano de obra futura) y en cambio se ceba con las personas mayores\n(mano de obra inactiva), vean las cifras de muertes que se est\u00e1n presentando en\nEspa\u00f1a. Por cierto, el intelectual norteamericano se\u00f1ala, que tampoco es\ncausalidad que Italia sea uno de los pa\u00edses m\u00e1s afectados, debido a que sus\nrelaciones comerciales con China son extremadamente fuertes, el eje Pek\u00edn-Roma,\nest\u00e1 considerado ya, la \u201cnueva ruta de la seda\u201d.<\/p>\n\n\n\n<p class=\"wp-block-paragraph\">Chomsky asegura, adem\u00e1s, que todo el\nplan inici\u00f3 hace a\u00f1os, lo describe as\u00ed: El asalto neoliberal dej\u00f3 a los\nhospitales de varias partes del mundo, sin preparaci\u00f3n, sin infraestructura,\nlas camas fueron suprimidas en nombre de la \u201ceficacia\u201d. Un claro ejemplo de\nesto es M\u00e9xico, el pe\u00f1ismo donde m\u00e1s se encarniz\u00f3 en su rampante corrupci\u00f3n fue\nprecisamente en el sector salud. As\u00ed es queridas y queridos M\u00e9xico enfrenta\nesta pandemia con un sistema de salud totalmente saqueado, con hospitales\nabandonados y con un dudos\u00edsimo padr\u00f3n de proveedores de medicamentos.<\/p>\n\n\n\n<p class=\"wp-block-paragraph\">En suma, el gobierno y el alto\nempresariado norteamericano busca, dice Chomsky, desaparecer a la Uni\u00f3n\nEuropea, Ir\u00e1n, Corea del Norte y Venezuela, debilitar a China y Rusia, que\nLatinoam\u00e9rica sea nuevamente su d\u00f3cil patio trasero, (de ah\u00ed que Trump\nasegurara que enviar\u00e1 a la frontera con M\u00e9xico a todo migrante que pudiera\nestar infectado), e implantar una globalizaci\u00f3n planetaria alrededor de la\nnueva USA y su poder omn\u00edmodo.<\/p>\n\n\n\n<p class=\"wp-block-paragraph\">En este contexto cabe se\u00f1alar lo que\nrevel\u00f3 por su parte Judith Butler en su art\u00edculo del New Yorker sobre que\nDonald Trump intent\u00f3 comprara al contado los derechos exclusivos para Estados\nUnidos de una vacuna contra el coronavirus de la compa\u00f1\u00eda alemana CureVac que\nes financiada por el gobierno alem\u00e1n. \u201cEl capitalismo tiene l\u00edmites\u201d contest\u00f3\nun pol\u00edtico germano ante la pretensi\u00f3n de Trump, ojal\u00e1 que tambi\u00e9n los tenga en\nAlemania, indic\u00f3 Butler.<\/p>\n\n\n\n<p class=\"wp-block-paragraph\">Dice adem\u00e1s la fil\u00f3sofa del g\u00e9nero:\nTodos dan testimonio de la rapidez con la que la desigualdad radical, que\nincluye el nacionalismo, la supremac\u00eda blanca, la violencia contra las mujeres,\nlas personas queer y trans m\u00e1s la explotaci\u00f3n capitalista encuentran formas de\nreproducir y fortalecer su poder dentro de las zonas pand\u00e9micas.<\/p>\n\n\n\n<p class=\"wp-block-paragraph\">Se\u00f1ala adem\u00e1s que aplicar la l\u00f3gica\ndel mercado a la vacuna contra el coronavirus implicar\u00eda que s\u00f3lo algunos\ntendr\u00edan acceso a ella y otros quedar\u00edan condenados a una mayor precariedad. La\ndesigualdad social y econ\u00f3mica asegurar\u00e1 que el virus ser\u00e1 totalmente\ndiscriminatorio.<\/p>\n\n\n\n<p class=\"wp-block-paragraph\">Sin embargo, la periodista Naomi Klein\ndice enf\u00e1tica, y es con lo que me quedo, que lo que un momento de crisis como\nesta revela es nuestra tremenda interrelaci\u00f3n entre nosotras, nosotros y\nnosostres. \u201cPodr\u00edamos pensar que estamos seguros si tenemos una buena atenci\u00f3n\nm\u00e9dica, pero s\u00ed las personas que hacen nuestra comida o la siembran o la\nentregan, no tienen atenci\u00f3n m\u00e9dica y no pueden darse el lujo de ser examinados\ny mucho menos quedarse en casa porque no tienen licencia por enfermedad pagada.\nNadie estar\u00e1 seguro\u201d<\/p>\n\n\n\n<p class=\"wp-block-paragraph\">\u201cS\u00ed no nos cuidamos los unos a los\notros, ninguno estar\u00e1 seguro. Estamos atrapados en el mismo barco y con el mimo\nvirus\u201d.<\/p>\n\n\n\n<p class=\"wp-block-paragraph\">Ante esta cruda verdad, me resta\ndecir, en vez de acaparar alimentos y medicinas, de insistir en andar por las\ncalles y centros recreativos como si estuvieran de vacaciones, piensen c\u00f3mo\npueden compartir lo que tienen con las y los dem\u00e1s, de protegerse lo mejor\nposible para no contagiar a otros y sobre todo quedarse en sus casas y hacer\ntodo lo que se est\u00e1 recomendando para evitar un desastre mayor en nuestro pa\u00eds.<\/p>\n\n\n\n<p class=\"wp-block-paragraph\">botellalmar2017@gmailcom<\/p>\n","protected":false},"excerpt":{"rendered":"<p> \u00bfSer\u00e1 creado? <\/p>\n","protected":false},"author":3,"featured_media":9095,"comment_status":"open","ping_status":"open","sticky":false,"template":"","format":"standard","meta":{"_monsterinsights_skip_tracking":false,"footnotes":""},"categories":[691,98,84],"tags":[],"class_list":["post-18521","post","type-post","status-publish","format-standard","has-post-thumbnail","category-691","category-botella-al-mar","category-martha-canseco"],"_links":{"self":[{"href":"https:\/\/redsemlac.com\/semmexico\/wp-json\/wp\/v2\/posts\/18521","targetHints":{"allow":["GET"]}}],"collection":[{"href":"https:\/\/redsemlac.com\/semmexico\/wp-json\/wp\/v2\/posts"}],"about":[{"href":"https:\/\/redsemlac.com\/semmexico\/wp-json\/wp\/v2\/types\/post"}],"author":[{"embeddable":true,"href":"https:\/\/redsemlac.com\/semmexico\/wp-json\/wp\/v2\/users\/3"}],"replies":[{"embeddable":true,"href":"https:\/\/redsemlac.com\/semmexico\/wp-json\/wp\/v2\/comments?post=18521"}],"version-history":[{"count":0,"href":"https:\/\/redsemlac.com\/semmexico\/wp-json\/wp\/v2\/posts\/18521\/revisions"}],"wp:featuredmedia":[{"embeddable":true,"href":"https:\/\/redsemlac.com\/semmexico\/wp-json\/wp\/v2\/media\/9095"}],"wp:attachment":[{"href":"https:\/\/redsemlac.com\/semmexico\/wp-json\/wp\/v2\/media?parent=18521"}],"wp:term":[{"taxonomy":"category","embeddable":true,"href":"https:\/\/redsemlac.com\/semmexico\/wp-json\/wp\/v2\/categories?post=18521"},{"taxonomy":"post_tag","embeddable":true,"href":"https:\/\/redsemlac.com\/semmexico\/wp-json\/wp\/v2\/tags?post=18521"}],"curies":[{"name":"wp","href":"https:\/\/api.w.org\/{rel}","templated":true}]}}