{"id":18515,"date":"2020-03-21T23:37:44","date_gmt":"2020-03-21T23:37:44","guid":{"rendered":"https:\/\/redsemlac.com\/semmexico\/?p=18515"},"modified":"2023-07-21T15:23:02","modified_gmt":"2023-07-21T20:23:02","slug":"oaxaca-157","status":"publish","type":"post","link":"https:\/\/redsemlac.com\/semmexico\/oaxaca-157\/","title":{"rendered":"Intentan secuestrarla\u2026la Fiscal\u00eda dice que no hay delito"},"content":{"rendered":"\n<p class=\"wp-block-paragraph\"><strong>* \u00bfPor qu\u00e9 no aparec\u00ed asesinada no hay\ndelito? Pregunta la v\u00edctima<\/strong><\/p>\n\n\n\n<p class=\"wp-block-paragraph\"><strong>* &nbsp;Estoy viva, pero tengo miedo<\/strong><\/p>\n\n\n\n<p class=\"wp-block-paragraph\"><strong>Soledad Jarqu\u00edn Edgar<\/strong><\/p>\n\n\n\n<p class=\"wp-block-paragraph\">SemM\u00e9xico,\nOaxaca, 21 de marzo 2020.- \u201cKarla\u201d dice que est\u00e1 del otro lado, gracias a la\nintervenci\u00f3n de su amiga \u201cMar\u00eda\u201d, quien logr\u00f3 evitar que un taxista consumara\nun posible secuestro y quiz\u00e1 otros delitos, incluso piensa que pudo haber sido\nasesinada, la noche del pasado jueves.<\/p>\n\n\n\n<p class=\"wp-block-paragraph\">Se\nle escucha angustiada, se le ve nerviosa, pues a pesar de vivir varios minutos\ntemiendo lo peor para ella, en la Fiscal\u00eda General del Estado de Oaxaca,\nubicada en la calle de Arista en el centro de la ciudad de Oaxaca, solo le\nrespondieron que \u201cno hab\u00eda un secuestro consumado, pues no se pidi\u00f3 rescate por\nella; no hubo robo, porque el tel\u00e9fono no fue robado solo aventado por la\nventanilla del taxi, y no hubo violaci\u00f3n sexual\u2026ni siquiera abuso\u201d.<\/p>\n\n\n\n<p class=\"wp-block-paragraph\">Es\ndecir, la Fiscal\u00eda de Oaxaca fue clara: no hay delito que perseguir, explica\nsin salir de su asombro.<\/p>\n\n\n\n<p class=\"wp-block-paragraph\">Entonces\nse\u00f1ala \u201c\u00bfpor qu\u00e9 no amanec\u00ed asesinada, por qu\u00e9 no me violaron, por qu\u00e9 no me\nrobaron no hay delito? Eso quiere a Fiscal\u00eda para perseguir a los responsables\nse\u00f1ala \u201cKarla\u201d de 25 a\u00f1os.<\/p>\n\n\n\n<p class=\"wp-block-paragraph\">El\nbloqueo en las principales avenidas de la Ciudad de Oaxaca por parte del Consejo\nen Defensa de los Derechos del Pueblo (Codep) alter\u00f3 los plantes de Karla,\nquien tuvo que tomar un taxi colectivo llamado for\u00e1neo de la poblaci\u00f3n \u00c1nimas\nTrujano sobre la avenida S\u00edmbolos Patrios, en el que viajaban otras personas.\nCuando ella se qued\u00f3 sola a bordo del taxi, llam\u00f3 a su amiga para decirle que\nse encontraba ya cerca del aeropuerto. \u201cYa te pasaste, tienes que volver\u201d, le\ndijo Mar\u00eda quien la esperaba a la orilla de la carretera en su autom\u00f3vil.<\/p>\n\n\n\n<div class=\"wp-block-image\"><figure class=\"alignleft size-large is-resized\"><img loading=\"lazy\" decoding=\"async\" src=\"https:\/\/redsemlac.com\/semmexico\/wp-content\/uploads\/2020\/03\/intentan-secuestrar-2-680x1024.jpeg\" alt=\"\" class=\"wp-image-18517\" width=\"190\" height=\"286\"\/><\/figure><\/div>\n\n\n\n<p class=\"wp-block-paragraph\">Karla deb\u00eda ser llevada a la gasolinera de San\nAgust\u00edn de la Juntas, por lo que insisti\u00f3 y se alert\u00f3 cuando el taxista le dijo\nque no sab\u00eda d\u00f3nde era y desconfi\u00f3 porque pens\u00f3 que como taxista de la ruta\ndeb\u00eda saberlo, pero accede a regresarla, paga el doble viaje y mientras buscaba\nlas monedas en su bolsa y a\u00fan con la puerta abierta el taxista decide echar a\nandar el autom\u00f3vil se\u00f1alando \u201ct\u00fa ni siquiera sabes a d\u00f3nde vas\u201d.<\/p>\n\n\n\n<p class=\"wp-block-paragraph\">Karla nerviosa empieza a grabar y al mismo tiempo\nllama a Mar\u00eda. \u201cel taxista arranc\u00f3 no s\u00e9 a d\u00f3nde me lleva\u201d alcanz\u00f3 a decir, el\ntaxista le arrebata el tel\u00e9fono y lo avienta por la ventana. <\/p>\n\n\n\n<p class=\"wp-block-paragraph\">Mar\u00eda que esperaba a la orilla de la carretera y\ntras recibir la llamada de Karla se da cuenta y quien empieza a seguir al\ntaxista, logra hacer que se detenga, lo encara y baja a Karla quien estaba\n\u201cmuerta de miedo\u201d. Avisa que llamar\u00e1 a la polic\u00eda, entonces el taxista escapa,\nincluso golpea el autom\u00f3vil de Mar\u00eda. M\u00e1s tarde ser\u00e1 el \u201c\u00fanico hecho que la\nFiscal\u00eda reconoce como delito, por el da\u00f1o a la propiedad\u201d.<\/p>\n\n\n\n<p class=\"wp-block-paragraph\">Muestra el n\u00famero de las placas y el n\u00famero del\ntaxi perteneciente al sitio de Animas Trujano y acudieron tan pronto pudieron\nal municipio, donde les dijeron que considerando que \u201cera tentativa de\nsecuestro\u201d deber\u00edan ir a la Fiscal\u00eda, los \u00fanicos que pod\u00edan buscar al \u201cchofer\u201d\ny les aseguraron que despu\u00e9s de tres horas ya no pod\u00edan hacer nada.<\/p>\n\n\n\n<p class=\"wp-block-paragraph\">En la Fiscal\u00eda ubicada en la calle de Arista,\ndonde despu\u00e9s de dos horas de rendir declaraciones, la Ministerio P\u00fablico le\ninform\u00f3 que no proced\u00eda la denuncia, no sin antes advertirle que tendr\u00eda que\nser sometida a peritajes psicol\u00f3gicos y m\u00e9dicos que llevar\u00edan tiempo, \u201cquer\u00eda\nque desde el principio desistiera\u201d.<\/p>\n\n\n\n<p class=\"wp-block-paragraph\">Estoy viva, pero tengo miedo, dice la joven.<\/p>\n\n\n\n<p class=\"wp-block-paragraph\">SEM\/sj<\/p>\n","protected":false},"excerpt":{"rendered":"<p>Estoy viva, pero tengo miedo<\/p>\n","protected":false},"author":3,"featured_media":18516,"comment_status":"open","ping_status":"open","sticky":false,"template":"","format":"standard","meta":{"_monsterinsights_skip_tracking":false,"footnotes":""},"categories":[691,54],"tags":[],"class_list":["post-18515","post","type-post","status-publish","format-standard","has-post-thumbnail","category-691","category-mujeres"],"_links":{"self":[{"href":"https:\/\/redsemlac.com\/semmexico\/wp-json\/wp\/v2\/posts\/18515","targetHints":{"allow":["GET"]}}],"collection":[{"href":"https:\/\/redsemlac.com\/semmexico\/wp-json\/wp\/v2\/posts"}],"about":[{"href":"https:\/\/redsemlac.com\/semmexico\/wp-json\/wp\/v2\/types\/post"}],"author":[{"embeddable":true,"href":"https:\/\/redsemlac.com\/semmexico\/wp-json\/wp\/v2\/users\/3"}],"replies":[{"embeddable":true,"href":"https:\/\/redsemlac.com\/semmexico\/wp-json\/wp\/v2\/comments?post=18515"}],"version-history":[{"count":0,"href":"https:\/\/redsemlac.com\/semmexico\/wp-json\/wp\/v2\/posts\/18515\/revisions"}],"wp:featuredmedia":[{"embeddable":true,"href":"https:\/\/redsemlac.com\/semmexico\/wp-json\/wp\/v2\/media\/18516"}],"wp:attachment":[{"href":"https:\/\/redsemlac.com\/semmexico\/wp-json\/wp\/v2\/media?parent=18515"}],"wp:term":[{"taxonomy":"category","embeddable":true,"href":"https:\/\/redsemlac.com\/semmexico\/wp-json\/wp\/v2\/categories?post=18515"},{"taxonomy":"post_tag","embeddable":true,"href":"https:\/\/redsemlac.com\/semmexico\/wp-json\/wp\/v2\/tags?post=18515"}],"curies":[{"name":"wp","href":"https:\/\/api.w.org\/{rel}","templated":true}]}}