{"id":18512,"date":"2020-03-21T19:06:24","date_gmt":"2020-03-21T19:06:24","guid":{"rendered":"https:\/\/redsemlac.com\/semmexico\/?p=18512"},"modified":"2023-07-21T15:23:02","modified_gmt":"2023-07-21T20:23:02","slug":"michoacan-22","status":"publish","type":"post","link":"https:\/\/redsemlac.com\/semmexico\/michoacan-22\/","title":{"rendered":"\u201cEmbajadoras juveniles 2020\u201d, convocan a crear red de apoyo a mujeres"},"content":{"rendered":"\n<ul class=\"wp-block-list\"><li><strong>Se busca\ncrear una red de mujeres j\u00f3venes que trabajen en la prevenci\u00f3n de todas las\nformas de violencia en contra de las michoacanas, inform\u00f3 Nuria Hern\u00e1ndez,\ntitular de Seimujer.<\/strong><\/li><\/ul>\n\n\n\n<p class=\"wp-block-paragraph\"><strong>Redacci\u00f3n<\/strong><\/p>\n\n\n\n<p class=\"wp-block-paragraph\">SemM\u00e9xico. Morelia, Michoac\u00e1n, a 21 de marzo de 2020.- Con\nel objetivo de formar una red de mujeres j\u00f3venes que trabajen en la prevenci\u00f3n\nde todas las formas de violencia en contra de las michoacanas, el Gobierno del\nEstado, a trav\u00e9s de la Secretar\u00eda de Igualdad Sustantiva y Desarrollo de las\nMujeres (Seimujer), lanz\u00f3 la convocatoria para integrar la primer gran red\n\u201cEmbajadoras juveniles Seimujer 2020\u201d.<\/p>\n\n\n\n<p class=\"wp-block-paragraph\">El proyecto, que arrancar\u00e1 en una primera etapa en los 14\nmunicipios declarados con Alerta de Violencia de G\u00e9nero en contra de las\nMujeres (AVGM), integrar\u00e1 grupos con j\u00f3venes mujeres que ser\u00e1n capacitadas por\nla Seimujer, en temas de prevenci\u00f3n y atenci\u00f3n de la violencia, empoderamiento\ny liderazgo, explic\u00f3 la titular de la dependencia Nuria Gabriela Hern\u00e1ndez\nAbarca.<\/p>\n\n\n\n<p class=\"wp-block-paragraph\">Indic\u00f3 que esta iniciativa se trabaj\u00f3 de la mano de la\nsociedad civil, con el \u00fanico objetivo de reducir la incidencia de los casos de\nviolencia de g\u00e9nero entre las mujeres j\u00f3venes, ya que, dijo, 7 de cada 10 reconocen\nhaber vivido un episodio de violencia durante su vida.<\/p>\n\n\n\n<p class=\"wp-block-paragraph\">&nbsp;\u201cEstamos convencidas\nque la prevenci\u00f3n y atenci\u00f3n de la violencia de g\u00e9nero requiere de la sociedad\ncivil para tener mejores resultados, y m\u00e1s cuando se trata de mujeres j\u00f3venes,\nya que es un sector de la poblaci\u00f3n que se ve m\u00e1s vulnerable de ser v\u00edctima de\nviolencia de g\u00e9nero\u201d, mencion\u00f3.<\/p>\n\n\n\n<p class=\"wp-block-paragraph\">Las interesadas en participar de la convocatoria, que estar\u00e1\nabierta del 18 de marzo al 3 de abril, deber\u00e1n tener entre 18 a 30 a\u00f1os de edad\ny mandar su solicitud de ingreso al correo electr\u00f3nico\nseimujerembajadoras@gmail.com, adjuntando carta exposici\u00f3n de motivos del\nporqu\u00e9 desean participar del proyecto.<\/p>\n\n\n\n<p class=\"wp-block-paragraph\">Las seleccionadas recibir\u00e1n durante tres meses de manera\ngratuita capacitaci\u00f3n especializada en perspectiva de g\u00e9nero, desarrollo de\nproyectos sociales, empoderamiento y liderazgo, comunicaci\u00f3n asertiva, creaci\u00f3n\nde pol\u00edticas p\u00fablicas con perspectiva de g\u00e9nero y de juventudes.<\/p>\n\n\n\n<p class=\"wp-block-paragraph\">Al t\u00e9rmino del curso, las j\u00f3venes embajadoras se convertir\u00e1n\nen replicadoras de los conocimientos en sus municipios, con el prop\u00f3sito de\nmantener y hacer crecer la red.<\/p>\n\n\n\n<p class=\"wp-block-paragraph\">Aqu\u00ed puedes descargar la convocatoria: &nbsp;<a href=\"https:\/\/bit.ly\/2IZDVyq?fbclid=IwAR2KKxU1LVFMOO0nzJWuigCFCBdRm3OXQgZ56zMz8VBEhBA_KyIOsMh21U0\" target=\"_blank\" rel=\"noreferrer noopener\">https:\/\/bit.ly\/2IZDVyq<\/a><\/p>\n\n\n\n<p class=\"wp-block-paragraph\">SEM\/IL<\/p>\n","protected":false},"excerpt":{"rendered":"<p>Se busca crear una red de mujeres j\u00f3venes que trabajen en la prevenci\u00f3n de todas las formas de violencia en contra de las michoacanas, inform\u00f3 Nuria Hern\u00e1ndez, titular de Seimujer.<\/p>\n","protected":false},"author":3,"featured_media":18513,"comment_status":"open","ping_status":"open","sticky":false,"template":"","format":"standard","meta":{"_monsterinsights_skip_tracking":false,"footnotes":""},"categories":[691,51],"tags":[],"class_list":["post-18512","post","type-post","status-publish","format-standard","has-post-thumbnail","category-691","category-ejecutivo"],"_links":{"self":[{"href":"https:\/\/redsemlac.com\/semmexico\/wp-json\/wp\/v2\/posts\/18512","targetHints":{"allow":["GET"]}}],"collection":[{"href":"https:\/\/redsemlac.com\/semmexico\/wp-json\/wp\/v2\/posts"}],"about":[{"href":"https:\/\/redsemlac.com\/semmexico\/wp-json\/wp\/v2\/types\/post"}],"author":[{"embeddable":true,"href":"https:\/\/redsemlac.com\/semmexico\/wp-json\/wp\/v2\/users\/3"}],"replies":[{"embeddable":true,"href":"https:\/\/redsemlac.com\/semmexico\/wp-json\/wp\/v2\/comments?post=18512"}],"version-history":[{"count":0,"href":"https:\/\/redsemlac.com\/semmexico\/wp-json\/wp\/v2\/posts\/18512\/revisions"}],"wp:featuredmedia":[{"embeddable":true,"href":"https:\/\/redsemlac.com\/semmexico\/wp-json\/wp\/v2\/media\/18513"}],"wp:attachment":[{"href":"https:\/\/redsemlac.com\/semmexico\/wp-json\/wp\/v2\/media?parent=18512"}],"wp:term":[{"taxonomy":"category","embeddable":true,"href":"https:\/\/redsemlac.com\/semmexico\/wp-json\/wp\/v2\/categories?post=18512"},{"taxonomy":"post_tag","embeddable":true,"href":"https:\/\/redsemlac.com\/semmexico\/wp-json\/wp\/v2\/tags?post=18512"}],"curies":[{"name":"wp","href":"https:\/\/api.w.org\/{rel}","templated":true}]}}