{"id":18505,"date":"2020-03-21T18:10:09","date_gmt":"2020-03-21T18:10:09","guid":{"rendered":"https:\/\/redsemlac.com\/semmexico\/?p=18505"},"modified":"2023-07-21T15:23:02","modified_gmt":"2023-07-21T20:23:02","slug":"opinion-398","status":"publish","type":"post","link":"https:\/\/redsemlac.com\/semmexico\/opinion-398\/","title":{"rendered":"Desde la Mano Izquierda"},"content":{"rendered":"\n<h2 class=\"wp-block-heading\"><strong>Las mujeres en tiempos del COVID \u2013 19 siguen teniendo derechos<\/strong><\/h2>\n\n\n\n<p class=\"wp-block-paragraph\"><strong>Claudia Almaguer<\/strong><\/p>\n\n\n\n<p class=\"wp-block-paragraph\">SemM\u00e9xico. 21 de marzo 2020.- M\u00e9xico es una constante\nsucesi\u00f3n de crisis y como en el poema de Alejandro Aura por m\u00e1s matem\u00e1ticas que\nle echamos para explicarlo o resolverlo y aunque haya quien lo atribuya a la\nmala suerte lo cierto es que pasamos de un problema terrible al siguiente hasta\ncolmar todos los significados que tiene el diccionario para la palabra.<\/p>\n\n\n\n<p class=\"wp-block-paragraph\">Al arribo de las circunstancias intempestivas que trae la\npandemia por el COVID \u2013 19 que no pudo llegar en peor momento, nos quedamos\npasmadas, alica\u00eddas y sin tiempo para procesar duelo ninguno si es que queremos\nevitar males mayores. Para nuestra mala fortuna no existe un liderazgo que tome\ndecisiones a gran escala y estar\u00edamos desquiciadas nosotras tambi\u00e9n si nos\nsentamos a esperar que ese actuar se produzca.<\/p>\n\n\n\n<p class=\"wp-block-paragraph\">Hace apenas un par de semanas que feministas en todo el pa\u00eds\ndenunci\u00e1bamos la gravedad y la persistencia de las pr\u00e1cticas de violencia\ncontra las mujeres que van desde la discriminaci\u00f3n a los feminicidios a la\nimpunidad y a la indiferencia por la que no se consigue resolver ninguna de las\ndimensiones de este problema, pero posterior a ello la alarma por el\ncoronavirus entr\u00f3 a la discusi\u00f3n nacional y con ella pareciera que todo lo\ndem\u00e1s cae en segundo t\u00e9rmino. Pero no lo vamos a permitir.<\/p>\n\n\n\n<p class=\"wp-block-paragraph\">Porque inclusive en cualquier otro pa\u00eds en mejores\ncondiciones que el nuestro las medidas para la emergencia tendr\u00edan que\nconstruirse y aplicarse con perspectiva de g\u00e9nero dado que en todas partes la\ndesigualdad se ceba en la vida de las mujeres y en la forma en que padecen las\ncat\u00e1strofes, los conflictos y las pandemias.<\/p>\n\n\n\n<p class=\"wp-block-paragraph\">Al respecto el Fondo de Poblaci\u00f3n de las Naciones Unidas\nindica que inclusive ahora es claro que las mujeres y ni\u00f1as enfrentan diversos\nfactores de riesgo que deben tratarse con car\u00e1cter de urgencia, sin ir m\u00e1s\nlejos ellas representan alrededor del 70% del personal de atenci\u00f3n m\u00e9dica en el\nmundo lo que quiere decir que son principalmente mujeres quienes est\u00e1n al\nfrente de esta crisis.<\/p>\n\n\n\n<p class=\"wp-block-paragraph\">Y si no es esta confrontaci\u00f3n directa con la enfermedad\nentonces es una condici\u00f3n que afecta de manera desproporcionada a partir de las\nmedidas que se est\u00e1n tomando, as\u00ed, la suspensi\u00f3n de clase en las escuelas por\nejemplo genera una carga mayor a las mujeres quienes son de facto las\ncuidadoras principales de ni\u00f1as, ni\u00f1os, adultos mayores y personas con\ndiscapacidad por ello es urgente que todos los integrantes en las familias\nespecialmente los hombres asuman de una vez que lo dom\u00e9stico, d\u00edgase aqu\u00ed la\nlimpieza de la casa, la elaboraci\u00f3n de los alimentos, la crianza y los cuidados\ntambi\u00e9n les corresponde.<\/p>\n\n\n\n<p class=\"wp-block-paragraph\">Luego se encuentran en riesgo los trabajos a los que se\ndedican las mujeres en el sector privado e informal, el de las obreras,\noperadoras, meseras y aquellas que tienen peque\u00f1os negocios y que dependen de\npatrones que no necesariamente observan o les conviene darse cuenta de estas\nvulnerabilidades. Por ello es importante que las empresas realicen ajustes sin\nperjudicar la econom\u00eda de las mujeres, sobre todo de las jefas de familia cuyo\ningreso suele ser el \u00fanico en el hogar.<\/p>\n\n\n\n<p class=\"wp-block-paragraph\">Y lo m\u00e1s preocupante, cabe la posibilidad de que las medidas\nde aislamiento para prevenir la propagaci\u00f3n del coronavirus agudicen las\ndin\u00e1micas de violencia preexistentes contra las mujeres en el contexto de sus\nv\u00ednculos de pareja y familiares como ya se ha reportado en otros pa\u00edses.<\/p>\n\n\n\n<p class=\"wp-block-paragraph\">Quienes atendemos precisamente esta crisis de la violencia\nmachista tenemos claro que hay periodos durante el a\u00f1o en las que se produce un\nriesgo mayor para las v\u00edctimas dentro de los domicilios como sucede en M\u00e9xico\ncon las vacaciones, sin embargo este aislamiento en lo particular puede causar\nuna tensi\u00f3n a\u00f1adida y ser por s\u00ed mismo un peligro, ya de por s\u00ed estar del otro\nlado de la puerta en una casa donde se vive violencia es la materializaci\u00f3n de\nun horror que s\u00f3lo las mujeres que lo han sobrevivido est\u00e1n para contarlo as\u00ed\nque al miedo de decidirse a salir o a denunciar se suma el temor a enfermarse o\na tener a\u00fan menos posibilidades de salir avante sobre todo cuando hay agresores\nque nadie ve ni cree que lo son.<\/p>\n\n\n\n<p class=\"wp-block-paragraph\">La particularidad de los contextos de emergencia como este\nes que toda la atenci\u00f3n est\u00e1 puesta sobre la situaci\u00f3n de crisis y no sobre los\nfactores de vulnerabilidad o los desencadenantes de la violencia feminicida,\npor eso algunas organizaciones como la Red Nacional de Refugios&nbsp; han hecho un llamado para crear redes de\napoyo solidario y advertir de los riesgos que tienen las v\u00edctimas de violencia,\nesto implica que si en este periodo de encierro las personas se dan cuenta de\nque en alg\u00fan domicilio cercano hay gritos o se escuchan agresiones lo reporten\ninmediatamente al 911 y que insistan hasta que consigan poner en conocimiento\nde la autoridad la situaci\u00f3n. Pero fundamentalmente es urgente que los\ngobiernos de todas las entidades federativas construyan estrategias eficaces\npara prevenir, atender y sancionar las agresiones en contra las mujeres y\ncontinuar brindando servicios apoyo, de contenci\u00f3n y de denuncia, as\u00ed como\nfortalecer las capacidades de los refugios y evitar su cierre porque la\nviolencia y la desigualdad no han desaparecido. A m\u00e1s ver.<\/p>\n","protected":false},"excerpt":{"rendered":"<p>Las mujeres en tiempos del COVID \u2013 19 siguen teniendo derechos<\/p>\n","protected":false},"author":3,"featured_media":18506,"comment_status":"open","ping_status":"open","sticky":false,"template":"","format":"standard","meta":{"_monsterinsights_skip_tracking":false,"footnotes":""},"categories":[691,131,110],"tags":[],"class_list":["post-18505","post","type-post","status-publish","format-standard","has-post-thumbnail","category-691","category-claudia-almaguer","category-la-opinion-columnas"],"_links":{"self":[{"href":"https:\/\/redsemlac.com\/semmexico\/wp-json\/wp\/v2\/posts\/18505","targetHints":{"allow":["GET"]}}],"collection":[{"href":"https:\/\/redsemlac.com\/semmexico\/wp-json\/wp\/v2\/posts"}],"about":[{"href":"https:\/\/redsemlac.com\/semmexico\/wp-json\/wp\/v2\/types\/post"}],"author":[{"embeddable":true,"href":"https:\/\/redsemlac.com\/semmexico\/wp-json\/wp\/v2\/users\/3"}],"replies":[{"embeddable":true,"href":"https:\/\/redsemlac.com\/semmexico\/wp-json\/wp\/v2\/comments?post=18505"}],"version-history":[{"count":0,"href":"https:\/\/redsemlac.com\/semmexico\/wp-json\/wp\/v2\/posts\/18505\/revisions"}],"wp:featuredmedia":[{"embeddable":true,"href":"https:\/\/redsemlac.com\/semmexico\/wp-json\/wp\/v2\/media\/18506"}],"wp:attachment":[{"href":"https:\/\/redsemlac.com\/semmexico\/wp-json\/wp\/v2\/media?parent=18505"}],"wp:term":[{"taxonomy":"category","embeddable":true,"href":"https:\/\/redsemlac.com\/semmexico\/wp-json\/wp\/v2\/categories?post=18505"},{"taxonomy":"post_tag","embeddable":true,"href":"https:\/\/redsemlac.com\/semmexico\/wp-json\/wp\/v2\/tags?post=18505"}],"curies":[{"name":"wp","href":"https:\/\/api.w.org\/{rel}","templated":true}]}}