{"id":18502,"date":"2020-03-21T17:46:06","date_gmt":"2020-03-21T17:46:06","guid":{"rendered":"https:\/\/redsemlac.com\/semmexico\/?p=18502"},"modified":"2023-07-21T15:23:03","modified_gmt":"2023-07-21T20:23:03","slug":"fortalecen-centros-y-unidades-de-atencion-a-personas-con-discapacidad-en-michoacan","status":"publish","type":"post","link":"https:\/\/redsemlac.com\/semmexico\/fortalecen-centros-y-unidades-de-atencion-a-personas-con-discapacidad-en-michoacan\/","title":{"rendered":"Fortalecen centros y unidades de atenci\u00f3n a personas con discapacidad en Michoac\u00e1n"},"content":{"rendered":"\n<ul class=\"wp-block-list\"><li><strong>El gobierno estatal entreg\u00f3 equipo nuevo con una inversi\u00f3n de 19.4 mdp en beneficio de la poblaci\u00f3n de por lo menos 20 municipios<\/strong> <strong>de la entidad<\/strong><\/li><\/ul>\n\n\n\n<p class=\"wp-block-paragraph\"><strong>Redacci\u00f3n<\/strong><\/p>\n\n\n\n<p class=\"wp-block-paragraph\">Morelia, Michoac\u00e1n, a 20 de marzo de 2020.- Para continuar\nen la ruta del fortalecimiento de los centros que ofrecen atenci\u00f3n de rehabilitaci\u00f3n\npara personas con discapacidad en Michoac\u00e1n, el gobernador Silvano Aureoles\nConejo entreg\u00f3 equipo para unidades de 20 municipios con una inversi\u00f3n de 19.4\nmillones de pesos.<\/p>\n\n\n\n<p class=\"wp-block-paragraph\">\u00abExisten lugares tan lejanos donde hay personas que\ntienen que someterse a una rehabilitaci\u00f3n y por no contar con el equipo\nnecesario su calidad de vida se ve afectada, ya no queremos que pase eso en\nMichoac\u00e1n, tenemos que cuidar a nuestras ni\u00f1as y ni\u00f1os y nuestros adultos\nmayores\u00bb, apunt\u00f3.<\/p>\n\n\n\n<p class=\"wp-block-paragraph\">El mandatario estatal, dijo a quienes se encargan de los\ncentros y unidades de atenci\u00f3n a personas con discapacidad, que este equipo\npermitir\u00e1 hacer m\u00e1s funcional y con mayor capacidad su servicio, por lo que los\ninvit\u00f3 a aprovecharlo y tomar la responsabilidad de que m\u00e1s michoacanas y michoacanos\nse beneficien con la ampliaci\u00f3n de atenci\u00f3n.<\/p>\n\n\n\n<p class=\"wp-block-paragraph\">\u00abHay mucha gente con problemas de discapacidad que\nrequiere de atenci\u00f3n permanente; busquemos que este equipo les sirva para\nllegar a m\u00e1s gente\u201d, se\u00f1al\u00f3.<\/p>\n\n\n\n<p class=\"wp-block-paragraph\">Aureliano Chac\u00f3n Amaro, representante sindical del Centro de\nRehabilitaci\u00f3n y Educaci\u00f3n Especial (CREE), agradeci\u00f3 el apoyo en equipo, tras\nasegurar que estos centros y unidades se encontraban en abandono a\u00f1os atr\u00e1s.<\/p>\n\n\n\n<p class=\"wp-block-paragraph\">\u00abEsta administraci\u00f3n est\u00e1 haciendo la diferencia con\nlas anteriores, porque antes est\u00e1bamos en abandono, agradecemos que nos hayan\ndotado de equipo para atender de mejor manera a la poblaci\u00f3n\u00bb, manifest\u00f3.<\/p>\n\n\n\n<p class=\"wp-block-paragraph\">Por su parte, Roc\u00edo Beamonte Romero, directora general del\nSistema DIF Estatal, explic\u00f3 que con este equipo se cubrir\u00e1n necesidades de m\u00e1s\nde 32 mil personas que tienen alg\u00fan tipo de discapacidad. <\/p>\n\n\n\n<p class=\"wp-block-paragraph\">\u00abSe trata de la entrega de equipo e insumos para la\natenci\u00f3n m\u00e9dica especializada en rehabilitaci\u00f3n como equipos de ultrasonido,\nbarras paralelas y tinas de fisioterapia con lo que se ayuda a cubrir las\nnecesidades de las \u00e1reas de electroterapia, mecanoterapia, termoterapia,\nestimulaci\u00f3n temprana, l\u00e1ser y magnetoterapia\u00bb se\u00f1al\u00f3.<\/p>\n\n\n\n<p class=\"wp-block-paragraph\">Detall\u00f3 que los equipos de rehabilitaci\u00f3n entregados\nbeneficiar\u00e1n al Centro de Rehabilitaci\u00f3n y Educaci\u00f3n Especial (CREE), a la Casa\nEstatal del Adulto Mayor (CEAM), as\u00ed como a los Centros de Rehabilitaci\u00f3n\nIntegral (CRI) y Unidades B\u00e1sicas de Rehabilitaci\u00f3n (UBR) de 20 municipios\nentre ellos, Tac\u00e1mbaro, Zinap\u00e9cuaro, Car\u00e1cuaro, Turicato, Tzitzio, San Juan\nNuevo, Tuzantla, Jacona, Uruapan y Zamora.<\/p>\n\n\n\n<p class=\"wp-block-paragraph\">SEM\/IL<\/p>\n","protected":false},"excerpt":{"rendered":"<p>El gobierno estatal entreg\u00f3 equipo nuevo con una inversi\u00f3n de 19.4 mdp en beneficio de la poblaci\u00f3n de por lo menos 20 municipios de la entidad<\/p>\n","protected":false},"author":3,"featured_media":18503,"comment_status":"open","ping_status":"open","sticky":false,"template":"","format":"standard","meta":{"_monsterinsights_skip_tracking":false,"footnotes":""},"categories":[691,51],"tags":[],"class_list":["post-18502","post","type-post","status-publish","format-standard","has-post-thumbnail","category-691","category-ejecutivo"],"_links":{"self":[{"href":"https:\/\/redsemlac.com\/semmexico\/wp-json\/wp\/v2\/posts\/18502","targetHints":{"allow":["GET"]}}],"collection":[{"href":"https:\/\/redsemlac.com\/semmexico\/wp-json\/wp\/v2\/posts"}],"about":[{"href":"https:\/\/redsemlac.com\/semmexico\/wp-json\/wp\/v2\/types\/post"}],"author":[{"embeddable":true,"href":"https:\/\/redsemlac.com\/semmexico\/wp-json\/wp\/v2\/users\/3"}],"replies":[{"embeddable":true,"href":"https:\/\/redsemlac.com\/semmexico\/wp-json\/wp\/v2\/comments?post=18502"}],"version-history":[{"count":0,"href":"https:\/\/redsemlac.com\/semmexico\/wp-json\/wp\/v2\/posts\/18502\/revisions"}],"wp:featuredmedia":[{"embeddable":true,"href":"https:\/\/redsemlac.com\/semmexico\/wp-json\/wp\/v2\/media\/18503"}],"wp:attachment":[{"href":"https:\/\/redsemlac.com\/semmexico\/wp-json\/wp\/v2\/media?parent=18502"}],"wp:term":[{"taxonomy":"category","embeddable":true,"href":"https:\/\/redsemlac.com\/semmexico\/wp-json\/wp\/v2\/categories?post=18502"},{"taxonomy":"post_tag","embeddable":true,"href":"https:\/\/redsemlac.com\/semmexico\/wp-json\/wp\/v2\/tags?post=18502"}],"curies":[{"name":"wp","href":"https:\/\/api.w.org\/{rel}","templated":true}]}}