{"id":18499,"date":"2020-03-20T17:33:00","date_gmt":"2020-03-20T17:33:00","guid":{"rendered":"https:\/\/redsemlac.com\/semmexico\/?p=18499"},"modified":"2023-07-21T15:23:03","modified_gmt":"2023-07-21T20:23:03","slug":"michoacan-21","status":"publish","type":"post","link":"https:\/\/redsemlac.com\/semmexico\/michoacan-21\/","title":{"rendered":"En Michoac\u00e1n se activa protocolo de seguridad ante el COVID-19"},"content":{"rendered":"\n<ul class=\"wp-block-list\"><li><strong>Comunicaci\u00f3n\nestrecha de todas las \u00e1reas de seguridad con el C5i, entre las acciones que\nestablece el protocolo<\/strong><\/li><\/ul>\n\n\n\n<p class=\"wp-block-paragraph\"><strong>Redacci\u00f3n<\/strong><\/p>\n\n\n\n<p class=\"wp-block-paragraph\">SemM\u00e9xico. Morelia, Michoac\u00e1n, a 20 de marzo de 2020.- La\nMesa de Coordinaci\u00f3n para la Construcci\u00f3n de la Paz en Michoac\u00e1n activ\u00f3 a\npartir de este viernes un protocolo de actuaci\u00f3n en materia de Seguridad\nP\u00fablica ante el COVID-19, con el objetivo de generar conciencia entre la\npoblaci\u00f3n ante la enfermedad e invitarla a quedarse en casa. <\/p>\n\n\n\n<p class=\"wp-block-paragraph\">&nbsp;\u201cDebemos seguir\ntrabajando en el tema de la prevenci\u00f3n ante la fase que vivimos en Michoac\u00e1n\npor la pandemia y en esta labor ser\u00e1 crucial la participaci\u00f3n, la ayuda de la\nciudadan\u00eda para salir bien librados\u201d, destac\u00f3 el mandatario estatal, &nbsp;Silvano Aureoles Conejo, al encabezar la\nreuni\u00f3n.<\/p>\n\n\n\n<p class=\"wp-block-paragraph\">Al equipo de trabajo interinstitucional se incorpor\u00f3 la\nsecretaria de Salud en el Estado, Diana Carpio R\u00edos, quien recalc\u00f3 que en estos\nmomentos es fundamental que la ciudadan\u00eda est\u00e9 bien informada y sepa que el\nCOVID-19 no es de alta mortalidad y que la mayor\u00eda de los casos de contagio\npueden recuperarse en casa.<\/p>\n\n\n\n<p class=\"wp-block-paragraph\">Sin embargo, tambi\u00e9n insisti\u00f3 en que tomar las medidas de\nprevenci\u00f3n como lavarse las manos constantemente, usar gel antibacterial y\nrespetar la \u201csana distancia\u201d, &nbsp;ayudar\u00e1n a\ntener menos casos.<\/p>\n\n\n\n<p class=\"wp-block-paragraph\">El protocolo de seguridad tambi\u00e9n establece el respeto de\nlos Derechos Humanos, la comunicaci\u00f3n estrecha de todas las \u00e1reas de seguridad\ncon el C5i, la integraci\u00f3n a la Mesa del personal de la Secretar\u00eda de Salud\nMichoac\u00e1n y de Protecci\u00f3n Civil.<\/p>\n\n\n\n<p class=\"wp-block-paragraph\">Adem\u00e1s de invitar al sector empresarial a regular el n\u00famero\nde personas que ingresan a los establecimientos comerciales, active su brigada\nlocal de Protecci\u00f3n Civil y en caso de detectar a alguien enfermo, canalizarlo\nal Centro de Salud m\u00e1s cercano.<\/p>\n\n\n\n<p class=\"wp-block-paragraph\">Otro punto es realizar patrullajes con altavoz para\nsolicitar a la poblaci\u00f3n quedarse en casa; dar atenci\u00f3n especial a las personas\nde la tercera edad y con enfermedades cr\u00f3nico-degenerativas; hacer recorridos\nen los centros comerciales y en los bancos; que los supermercados usen su\nequipo de sonido local para emitir recomendaciones preventivas ante el COVID-19\ny solicitar a los empresarios que sus circuitos cerrados lo compartan con el\nC5i en caso de presentarse actos de rapi\u00f1a o vand\u00e1licos. <\/p>\n\n\n\n<p class=\"wp-block-paragraph\">En el encuentro participaron el fiscal general de Michoac\u00e1n,\nAdri\u00e1n L\u00f3pez Sol\u00eds; el secretario de Seguridad P\u00fablica, Israel Patr\u00f3n Reyes; el\ncoordinador de la Guardia Nacional en el estado, Fidel Mondrag\u00f3n Rivero; el\ncomandante de la 21 Zona Militar, Sergio Armando Barrera Salcedo, entre otras\nautoridades estatales y federales.<\/p>\n\n\n\n<p class=\"wp-block-paragraph\">SEM\/IL<\/p>\n","protected":false},"excerpt":{"rendered":"<p>Comunicaci\u00f3n estrecha de todas las \u00e1reas de seguridad con el C5i, entre las acciones que establece el protocolo<\/p>\n","protected":false},"author":3,"featured_media":18500,"comment_status":"open","ping_status":"open","sticky":false,"template":"","format":"standard","meta":{"_monsterinsights_skip_tracking":false,"footnotes":""},"categories":[691,51],"tags":[],"class_list":["post-18499","post","type-post","status-publish","format-standard","has-post-thumbnail","category-691","category-ejecutivo"],"_links":{"self":[{"href":"https:\/\/redsemlac.com\/semmexico\/wp-json\/wp\/v2\/posts\/18499","targetHints":{"allow":["GET"]}}],"collection":[{"href":"https:\/\/redsemlac.com\/semmexico\/wp-json\/wp\/v2\/posts"}],"about":[{"href":"https:\/\/redsemlac.com\/semmexico\/wp-json\/wp\/v2\/types\/post"}],"author":[{"embeddable":true,"href":"https:\/\/redsemlac.com\/semmexico\/wp-json\/wp\/v2\/users\/3"}],"replies":[{"embeddable":true,"href":"https:\/\/redsemlac.com\/semmexico\/wp-json\/wp\/v2\/comments?post=18499"}],"version-history":[{"count":0,"href":"https:\/\/redsemlac.com\/semmexico\/wp-json\/wp\/v2\/posts\/18499\/revisions"}],"wp:featuredmedia":[{"embeddable":true,"href":"https:\/\/redsemlac.com\/semmexico\/wp-json\/wp\/v2\/media\/18500"}],"wp:attachment":[{"href":"https:\/\/redsemlac.com\/semmexico\/wp-json\/wp\/v2\/media?parent=18499"}],"wp:term":[{"taxonomy":"category","embeddable":true,"href":"https:\/\/redsemlac.com\/semmexico\/wp-json\/wp\/v2\/categories?post=18499"},{"taxonomy":"post_tag","embeddable":true,"href":"https:\/\/redsemlac.com\/semmexico\/wp-json\/wp\/v2\/tags?post=18499"}],"curies":[{"name":"wp","href":"https:\/\/api.w.org\/{rel}","templated":true}]}}