{"id":18495,"date":"2020-03-21T16:57:44","date_gmt":"2020-03-21T16:57:44","guid":{"rendered":"https:\/\/redsemlac.com\/semmexico\/?p=18495"},"modified":"2023-07-21T15:23:03","modified_gmt":"2023-07-21T20:23:03","slug":"madres-exigen-justicia-para-sus-hijas-tres-casos-que-siguen-impunes-por-la-negligencia-e-impericia-de-fge-de-oaxaca","status":"publish","type":"post","link":"https:\/\/redsemlac.com\/semmexico\/madres-exigen-justicia-para-sus-hijas-tres-casos-que-siguen-impunes-por-la-negligencia-e-impericia-de-fge-de-oaxaca\/","title":{"rendered":"Madres exigen justicia para sus hijas; tres casos que siguen impunes por la negligencia e impericia de FGE de Oaxaca"},"content":{"rendered":"\n<p class=\"wp-block-paragraph\"><strong>* V\u00edctimas: Leslie, Mar\u00eda del Sol e Ivanna, sus\nasesinatos siguen en la impunidad<\/strong><\/p>\n\n\n\n<p class=\"wp-block-paragraph\"><strong>* Denominadores comunes: la responsabilidad de priistas y la impunidad<\/strong><\/p>\n\n\n\n<p class=\"wp-block-paragraph\"><strong>* La Fiscal\u00eda ha cometido errores, omisiones y actos\nde negligencia<\/strong><\/p>\n\n\n\n<p class=\"wp-block-paragraph\"><strong>* Murat no responde, hay complicidad y protecci\u00f3n<\/strong><\/p>\n\n\n\n<p class=\"wp-block-paragraph\"><strong>Redacci\u00f3n<\/strong><\/p>\n\n\n\n<p class=\"wp-block-paragraph\">SemM\u00e9xico. Oaxaca\nde Ju\u00e1rez, Oax., 21 de marzo de 2020.- Los casos de Leslye Wilson P\u00e9rez, Mar\u00eda\ndel Sol Cruz Jarqu\u00edn y Silvia Ivanna Mingo L\u00f3pez tienen en com\u00fan la implicaci\u00f3n\ndirecta o indirecta de personas afiliadas al Partido Revolucionario\nInstitucional y, al mismo tiempo, la impunidad.<\/p>\n\n\n\n<p class=\"wp-block-paragraph\">En un comunicado de prensa, las familias de las tres\nj\u00f3venes se\u00f1alan que en los procesos de investigaci\u00f3n por parte de elementos de\nla Fiscal\u00eda General del Estado ha operado la negligencia, la omisi\u00f3n, la impericia\ny hasta dolo para proteger a los responsables de sus asesinatos directos e\nindirectos.<\/p>\n\n\n\n<p class=\"wp-block-paragraph\">En ese sentido, detallan en el documento que han\nsolicitado de manera reitera a la Fiscal\u00eda lo que por derecho le corresponde a\nnuestras hijas y a sus familias como v\u00edctimas indirectas: la justicia, que pasa\npor el ejercicio libre y sin condicionamiento alguno, ni hechos de corrupci\u00f3n,\nni de protecci\u00f3n a quienes resulten implicados, lo que hasta el d\u00eda de hoy no\nha sido garantizado por el Fiscal Rub\u00e9n Vasconcelos M\u00e9ndez, a quien le decimos\nque, si no puede, renunci\u00e9.<\/p>\n\n\n\n<p class=\"wp-block-paragraph\">A continuaci\u00f3n, un resumen de cada uno de los casos,\nen orden cronol\u00f3gico de los lamentables sucesos en que fueron asesinadas Leslye\nWilson P\u00e9rez, Mar\u00eda del Sol Cruz Jarqu\u00edn y Silvia Ivanna Mingo L\u00f3pez.<\/p>\n\n\n\n<p class=\"wp-block-paragraph\">1.- <strong>Leslye\nWilson P\u00e9rez<\/strong>, de 25 a\u00f1os, fue asesinada el 21 de noviembre de 2011 cuando\nfue arrojada desde un sexto piso en el Fraccionamiento Punta Vizcaya en el\nconjunto habitacional de El Rosario, en un municipio conurbado a la capital\noaxaque\u00f1a.<\/p>\n\n\n\n<p class=\"wp-block-paragraph\">En un principio se pretendi\u00f3 disfrazar de suicidio y\nfue gracias a peritos de la entonces Procuradur\u00eda General de la Rep\u00fablica que\nse demostr\u00f3 que hab\u00eda sido lanzada al vaci\u00f3. <\/p>\n\n\n\n<p class=\"wp-block-paragraph\">De los siete involucrados solo una est\u00e1 en proceso\nZuilma O.M., los otros involucrados Ogilvie Berenice M.S., Jael Jair C.M.,\nCecilia R.S., Er\u00e9ndira Osiris R.S., Abraham Abdal\u00e1 R.S., y Edel Jaiver S. V.,\ntodos familiares directros de la extinta exsenadora del PRI, Cirila S\u00e1nchez\nsiguen en libertad.<\/p>\n\n\n\n<p class=\"wp-block-paragraph\">Berenice M.S. fue detenida en febrero de 2014, pero\nabsuelta en mayo de 2015; Jael Jair C.M., fue detenido en noviembre de 2015\npero liberado en 2018, posteriormente fue asesinado en una c\u00e9ntrica calle de la\ncapital oaxaque\u00f1a en mayo de 2019. <\/p>\n\n\n\n<p class=\"wp-block-paragraph\">Cecilia R.S., fue detenida en la ciudad de M\u00e9xico en\nabril de 2015 y en octubre de 2017 \u201cde manera extra\u00f1a le fue girada una orden\nde libertad a las 12 de la noche. Se aple\u00f3 ante el Juez y en noviembre de 2018\nle fue revocada la sentencia absolutoria, le giraron una orden de reaprehensi\u00f3n\ny recibe una sentencia de 30 a\u00f1os, as\u00ed como el pago de reparaci\u00f3n del da\u00f1o por\n134 mil 378 pesos.<\/p>\n\n\n\n<p class=\"wp-block-paragraph\">Cecilia R.S. al igual que su hermana Er\u00e9ndira Osiris\nR.S., y Abraham Abadal\u00e1 R.S. est\u00e1n pr\u00f3fugos de la justicia, lo mismo que Edel\nJavier S.V. La \u00fanica persona que est\u00e1 recluida es Zuilma O.M. <\/p>\n\n\n\n<p class=\"wp-block-paragraph\">2.- <strong>Mar\u00eda del\nSol Cruz Jarqu\u00edn<\/strong>, de 27 a\u00f1os de edad, fue asesinada, con armas de alto\npoder, junto con la regidora con licencia Pamela Itamaray Ter\u00e1n Pineda y el\nchofer de \u00e9sta, Adelfo Guerra Jim\u00e9nez, el 2 de junio de 2018 en Juchit\u00e1n de\nZaragoza.<\/p>\n\n\n\n<p class=\"wp-block-paragraph\">Fot\u00f3grafa y videasta era jefa del Departamento de\nComunicaci\u00f3n Ind\u00edgena e Intercultural de la entonces Secretar\u00eda de Asuntos\nInd\u00edgenas del gobierno del Estado. Enviada en una flagrante violaci\u00f3n a la ley\nelectoral por el priista Francisco Montero L\u00f3pez, titular de la SAI, a cubrir\nla campa\u00f1a pol\u00edtica de su hermano, entonces regidor de Juchit\u00e1n y candidato a\nla alcald\u00eda por el PRI-PVEM-PNA, so pena de perder su empleo.<\/p>\n\n\n\n<p class=\"wp-block-paragraph\">La investigaci\u00f3n que habr\u00eda arrojado diversas\nvertientes sigue en ciernes. Un solo detenido al que no se le ha podido\nrealizar la audiencia intermedia por \u201cerrores t\u00e9cnicos de la fiscal\u00eda\u201d, aunque\nse trata tan solo del \u201ceslab\u00f3n m\u00e1s d\u00e9bil de la cadena, pues falta por dar con\nquienes habr\u00edan sido los autores materiales y sobre todo los intelectuales de\nla triple ejecuci\u00f3n.<\/p>\n\n\n\n<p class=\"wp-block-paragraph\">Se abrieron dos investigaciones m\u00e1s. Una en la\nFiscal\u00eda Especializada en Delitos Electorales, misma que se judicializ\u00f3 hasta\ndiciembre de 2019, es decir, un a\u00f1o y medio despu\u00e9s de los hechos. Y otra por\nel robo del equipo propiedad de mi hija: una c\u00e1mara de video y otra de\nfotograf\u00eda, as\u00ed como una computadora MacPro, esta judicializada un a\u00f1o despu\u00e9s.\n<\/p>\n\n\n\n<p class=\"wp-block-paragraph\">La dilaci\u00f3n y omisi\u00f3n de las autoridades en los tres\ncasos sin duda permiten observar la clara protecci\u00f3n a actores pol\u00edticos afines\nal PRI.<\/p>\n\n\n\n<p class=\"wp-block-paragraph\">3.- <strong>Silvia Ivanna\nMingo L\u00f3pez<\/strong>, de 26 a\u00f1os de edad, muri\u00f3 en un accidente automovil\u00edstico el\n21 de octubre de 2018 en la ciudad de Oaxaca, cuyo responsable es Alfredo D.C.,\nl\u00edder juvenil del PRI, adem\u00e1s de la implicaci\u00f3n de Rebeca Leticia C.N., madre\ndel acusado de \u201chomicidio culposo\u201d y en esos momentos delegada de la Profeco,\nha sido acusada por obstrucci\u00f3n de la justicia.<\/p>\n\n\n\n<p class=\"wp-block-paragraph\">Ante la impericia de la Fiscal\u00eda, la familia tuvo\nque efectuar diversas actividades para poder realizar la imputaci\u00f3n a Alfredo\nD.C. \u201cpor todos y cada uno de los delitos en los que incurri\u00f3\u201d, esto debido a\nque el accidente sucedi\u00f3 a las 03:00 horas y la v\u00edctima fue llevada poco antes\nde las 07:00 horas al hospital general Dr. Aurelio Valdivieso, aunado a los\ndatos que arroj\u00f3 la autopsia que se\u00f1ala que Ivanna muri\u00f3 alrededor de las 05:00\nde la ma\u00f1ana. Es decir, la v\u00edctima estuvo casi dos horas sin atenci\u00f3n m\u00e9dica.<\/p>\n\n\n\n<p class=\"wp-block-paragraph\">Entre las actividades solicitadas destacan:\nentrevistas con el personal del bar le Musique, de donde salieron el imputado y\nla victima; las declaraciones de las enfermeras y personal de vigilancia del\nHospital General Aurelio Valdivieso, por cierto ubicado a solo unas cuadras de\ndonde ocurri\u00f3 el accidente; los videos de todas las c\u00e1maras del hospital;\ndeclaraciones y videos de vecinos de la casa de la madre del imputado Rebeca\nLeticia C.N.; y peritajes de criminal\u00edstica, entre otros. Sin embaro, y a pesar\nde que el Fiscal Vasconcelos se hab\u00eda comprometido a realizar las\ninvestigaciones, el tiempo pas\u00f3, por lo que si se cuenta con ellas es porque la\nfamilia de Ivana las consigui\u00f3.<\/p>\n\n\n\n<p class=\"wp-block-paragraph\">En diciembre pasado y ante la falta de resultados\nllev\u00f3 a la familia a solicitar el cambio de la agente del MP, Roxana Reyes\nVasquez, lo que ocurri\u00f3 dos meses despu\u00e9s.<\/p>\n\n\n\n<p class=\"wp-block-paragraph\">Otra irregularidad detectada es en la actuaci\u00f3n del\nm\u00e9dico forense Jaime Alfonso Mayoral V\u00e1squez, quien menciona en un primer\ndictamen que Ivanna muri\u00f3 alrededor de la 05:00 horas, sin embargo, tres meses\ndespu\u00e9s cuando tuvieron las copias de la carpeta de investigaci\u00f3n, el dictamen\nforense, firmado por el mismo m\u00e9dico, se\u00f1ala que la muerte de Ivanna fue\ninstant\u00e1nea. \u00bfC\u00f3mo es posible esto? \u00bfQui\u00e9n le orden\u00f3 que hiciera una\nreconsideraci\u00f3n?<\/p>\n\n\n\n<p class=\"wp-block-paragraph\">Las y los familiares reiteran que las\nirregularidades en los tres casos revelan con claridad diversos actos de\nnegligencia y omisiones cometidos por la Fiscal\u00eda General que encabeza Rub\u00e9n\nVasconcelos y la protecci\u00f3n a personas ligadas al PRI. Partido pol\u00edtico al que\nya hemos solicitado dej\u00e9 de solapar a estos criminales.<\/p>\n\n\n\n<p class=\"wp-block-paragraph\">Por lo que las familias han hecho reiterados\nllamados para el esclarecimiento de los hechos no s\u00f3lo ante Vasconcelos, sino\ntambi\u00e9n ante el gobernador Alejandro Murat, quien escudado en la \u201csupuesta\nautonom\u00eda\u201d de la Fiscal\u00eda no parece inmutarse, y se\u00f1alan \u201cpara nosotras, las\nmadres y familiares de Ivanna, Mar\u00eda del Sol y Leslye, asumimos su falta de\nrespuestas como un acto de complicidad y protecci\u00f3n a los responsables. A pesar\nde todo, seguiremos exigiendo justicia para nuestras hijas\u201d.<\/p>\n","protected":false},"excerpt":{"rendered":"<p>V\u00edctimas: Leslie, Mar\u00eda del Sol e Ivanna, sus asesinatos siguen en la impunidad<\/p>\n","protected":false},"author":3,"featured_media":18498,"comment_status":"open","ping_status":"open","sticky":false,"template":"","format":"standard","meta":{"_monsterinsights_skip_tracking":false,"footnotes":""},"categories":[691,47,48],"tags":[],"class_list":["post-18495","post","type-post","status-publish","format-standard","has-post-thumbnail","category-691","category-no-mas-impunidad","category-no-mas-impunidad-no-mas-impunidad"],"_links":{"self":[{"href":"https:\/\/redsemlac.com\/semmexico\/wp-json\/wp\/v2\/posts\/18495","targetHints":{"allow":["GET"]}}],"collection":[{"href":"https:\/\/redsemlac.com\/semmexico\/wp-json\/wp\/v2\/posts"}],"about":[{"href":"https:\/\/redsemlac.com\/semmexico\/wp-json\/wp\/v2\/types\/post"}],"author":[{"embeddable":true,"href":"https:\/\/redsemlac.com\/semmexico\/wp-json\/wp\/v2\/users\/3"}],"replies":[{"embeddable":true,"href":"https:\/\/redsemlac.com\/semmexico\/wp-json\/wp\/v2\/comments?post=18495"}],"version-history":[{"count":0,"href":"https:\/\/redsemlac.com\/semmexico\/wp-json\/wp\/v2\/posts\/18495\/revisions"}],"wp:featuredmedia":[{"embeddable":true,"href":"https:\/\/redsemlac.com\/semmexico\/wp-json\/wp\/v2\/media\/18498"}],"wp:attachment":[{"href":"https:\/\/redsemlac.com\/semmexico\/wp-json\/wp\/v2\/media?parent=18495"}],"wp:term":[{"taxonomy":"category","embeddable":true,"href":"https:\/\/redsemlac.com\/semmexico\/wp-json\/wp\/v2\/categories?post=18495"},{"taxonomy":"post_tag","embeddable":true,"href":"https:\/\/redsemlac.com\/semmexico\/wp-json\/wp\/v2\/tags?post=18495"}],"curies":[{"name":"wp","href":"https:\/\/api.w.org\/{rel}","templated":true}]}}