{"id":18491,"date":"2020-03-20T23:17:54","date_gmt":"2020-03-20T23:17:54","guid":{"rendered":"https:\/\/redsemlac.com\/semmexico\/?p=18491"},"modified":"2023-07-21T15:23:03","modified_gmt":"2023-07-21T20:23:03","slug":"opinion-396","status":"publish","type":"post","link":"https:\/\/redsemlac.com\/semmexico\/opinion-396\/","title":{"rendered":"R\u00e1faga"},"content":{"rendered":"\n<h2 class=\"wp-block-heading\"><strong>Respetuoso Mensaje al Presidente de M\u00e9xico<\/strong><\/h2>\n\n\n\n<p class=\"wp-block-paragraph\"><strong>Jorge Herrera Valenzuela<\/strong><\/p>\n\n\n\n<p class=\"wp-block-paragraph\">SemM\u00e9xico. Cd. de M\u00e9xico. 20 de marzo de 2020.- Siempre he mantenido una l\u00ednea de respeto hacia el titular de la Presidencia de la Rep\u00fablica. Considero que es el jefe de la gran familia mexicana que hoy rebasa los 125 millones de seres. Estimo que ocupar el despacho presidencial de Palacio Nacional, implica una alta y grave responsabilidad. Se le ha llamado Primer Mandatario, en virtud de encabezar la administraci\u00f3n p\u00fablica y ser receptor de las demandas de sus gobernados. Al asumir el cargo, paralelo al de comandante supremo de las Fuerzas Armadas, es el principal responsable de velar por la soberan\u00eda nacional y la seguridad de todos sus conciudadanos.<\/p>\n\n\n\n<p class=\"wp-block-paragraph\">Se\u00f1or Presidente Andr\u00e9s Manuel L\u00f3pez Obrador:<\/p>\n\n\n\n<p class=\"wp-block-paragraph\">Nadie desconoce que usted es el primer pol\u00edtico mexicano que durante doce a\u00f1os hizo campa\u00f1a pol\u00edtica para alcanzar el puesto que hoy detenta. En ese lapso recorri\u00f3, visit\u00f3 y pernoct\u00f3 en los m\u00e1s apartados rincones del pa\u00eds. Platic\u00f3 con los habitantes del medio rural, cuyos familiares han emigrado hacia territorio norteamericano. Conoci\u00f3 de sus problemas y escuch\u00f3 sus quejas, recibi\u00f3 las demandas. \u00a1Qu\u00e9 bueno!<\/p>\n\n\n\n<p class=\"wp-block-paragraph\">Cuando termin\u00f3 esas giras de trabajo pol\u00edtico, supongo que tuvo pleno conocimiento de la problem\u00e1tica nacional. Junto con quienes le acompa\u00f1aron reuni\u00f3 todo el material suficiente, preciso, contundente, sobre las necesidades y los reclamos de la ciudadan\u00eda. Otra suposici\u00f3n personal: los mexicanos esper\u00e1bamos que elaborar\u00eda un Plan Nacional de Desarrollo que plasmara los proyectos con soluciones integrales, encomendados a especialistas en cada una de las materias.<\/p>\n\n\n\n<p class=\"wp-block-paragraph\">Logr\u00f3 que m\u00e1s de treinta millones de electores, mujeres y hombres, j\u00f3venes y adultos, depositaran su voto para darle el anhelado triunfo. Primera vez en la historia que un candidato obtiene una victoria que desplaz\u00f3 a los tres partidos pol\u00edticos que se repart\u00edan, v\u00eda electoral, el poder en el Congreso de la Uni\u00f3n. Morena, que naci\u00f3 como simple Movimiento de Regeneraci\u00f3n Nacional y en 2014 se convirti\u00f3 en partido pol\u00edtico, triunf\u00f3 arrolladoramente.<\/p>\n\n\n\n<p class=\"wp-block-paragraph\"><strong>UN ESTILO POL\u00c9MICO DE GOBERNAR<\/strong><\/p>\n\n\n\n<p class=\"wp-block-paragraph\">Cuarenta y ocho horas despu\u00e9s de su avasalladora culminaci\u00f3n, la del 1 de julio&nbsp;&nbsp;de 2018, se\u00f1al\u00f3 que efectivamente \u201cno iba ser como los anteriores\u201d. El martes 3 ya estaba en Palacio Nacional y dio su primera conferencia en el Sal\u00f3n de la Tesorer\u00eda, ah\u00ed donde \u201clas ma\u00f1aneras\u201d tienen el escenario para enviar, todos los d\u00edas, el mensaje, de todas tonalidades y con diferentes receptores. Es su personal estilo y no acepta las cr\u00edticas porque \u201ctiene otros datos\u201d.<\/p>\n\n\n\n<p class=\"wp-block-paragraph\">Rechaz\u00f3 lo publicado en un diario de Estados Unidos, en el sentido de que el suyo es \u201cel gobierno de un solo hombre\u201d. Usted, Se\u00f1or Presidente, disfruta manejando as\u00ed el poder absoluto que le otorgaron m\u00e1s de \u00a130 millones de mexicanos! Ha decidido que las tres obras materiales deben seguir adelante: el aeropuerto Felipe \u00c1ngeles, en Santa Luc\u00eda; la refiner\u00eda Dos Bocas, en Tabasco; y el Tren Maya, para el desarrollo del sur y sureste del territorio. La pol\u00e9mica se mantiene en torno a esos proyectos.<\/p>\n\n\n\n<p class=\"wp-block-paragraph\">Ahora bien, primero fue indiferente a las demandas de las mujeres y al movimiento feminista que realizaron los d\u00edas 8 y 9 del presente mes. Los eventos no fueron contra Usted ni contra su gobierno, sino consistieron en demandar, a los tres niveles de gobierno, seguridad para las mujeres en sus trayectos de la casa al trabajo, a las escuelas, a los mercados, a los hospitales, en fin, andar en la calle sin el temor del secuestro, de la violaci\u00f3n o del asesinato. Es cierto que en el gabinete lopezobradorista hay muchas mujeres, que es importante el n\u00famero de senadoras y de diputadas, as\u00ed como que los programas sociales benefician mayormente a la mujer, sin embargo falta trabajar para brindar seguridad.<\/p>\n\n\n\n<p class=\"wp-block-paragraph\">Frente a la pandemia del agresivo coronavirus, las acciones oficiales se han concretado a mantenernos informados del n\u00famero de casos confirmados y de los clasificados como sospechosos. Las acciones emprendidas hasta ahora son de resultados positivos, pues no hay registro de un fallecimiento. Las medidas que reiteradamente se difunden est\u00e1n siendo aplicadas por la ciudadan\u00eda. El gobierno federal decret\u00f3 que se suspenden las actividades escolares, desde preescolar hasta planteles de estudios superiores, del 20 de marzo al 20 de abril. Gobiernos de nueve estados, encabezados por el de Jalisco, cerraron las puertas de primarias, secundarias, preparatorias y universidades, desde el martes 17.<\/p>\n\n\n\n<p class=\"wp-block-paragraph\">&nbsp;Se\u00f1or Presidente L\u00f3pez Obrador;<\/p>\n\n\n\n<p class=\"wp-block-paragraph\">Mi respetuosa petici\u00f3n es muy concreta: Suspenda sus giras finsemaneras y promueva que no haya actos oficiales masivos. Las celebraciones de fechas gloriosas o de homenaje a los h\u00e9roes, pueden realizarse en el patio central de Palacio Nacional, con la solemnidad institucional.<\/p>\n\n\n\n<p class=\"wp-block-paragraph\">Dos son las razones: su salud personal y la tranquilidad de todos los mexicanos.<\/p>\n\n\n\n<p class=\"wp-block-paragraph\"><strong><a href=\"mailto:jherrerav@live.com.mx\" target=\"_blank\" rel=\"noreferrer noopener\">jherrerav@live.com.mx<\/a><\/strong><\/p>\n","protected":false},"excerpt":{"rendered":"<p>Respetuoso Mensaje al Presidente de M\u00e9xico<\/p>\n","protected":false},"author":3,"featured_media":14791,"comment_status":"open","ping_status":"open","sticky":false,"template":"","format":"standard","meta":{"_monsterinsights_skip_tracking":false,"footnotes":""},"categories":[691,94,107],"tags":[],"class_list":["post-18491","post","type-post","status-publish","format-standard","has-post-thumbnail","category-691","category-jorge-herrera-valenzuela","category-rafaga"],"_links":{"self":[{"href":"https:\/\/redsemlac.com\/semmexico\/wp-json\/wp\/v2\/posts\/18491","targetHints":{"allow":["GET"]}}],"collection":[{"href":"https:\/\/redsemlac.com\/semmexico\/wp-json\/wp\/v2\/posts"}],"about":[{"href":"https:\/\/redsemlac.com\/semmexico\/wp-json\/wp\/v2\/types\/post"}],"author":[{"embeddable":true,"href":"https:\/\/redsemlac.com\/semmexico\/wp-json\/wp\/v2\/users\/3"}],"replies":[{"embeddable":true,"href":"https:\/\/redsemlac.com\/semmexico\/wp-json\/wp\/v2\/comments?post=18491"}],"version-history":[{"count":0,"href":"https:\/\/redsemlac.com\/semmexico\/wp-json\/wp\/v2\/posts\/18491\/revisions"}],"wp:featuredmedia":[{"embeddable":true,"href":"https:\/\/redsemlac.com\/semmexico\/wp-json\/wp\/v2\/media\/14791"}],"wp:attachment":[{"href":"https:\/\/redsemlac.com\/semmexico\/wp-json\/wp\/v2\/media?parent=18491"}],"wp:term":[{"taxonomy":"category","embeddable":true,"href":"https:\/\/redsemlac.com\/semmexico\/wp-json\/wp\/v2\/categories?post=18491"},{"taxonomy":"post_tag","embeddable":true,"href":"https:\/\/redsemlac.com\/semmexico\/wp-json\/wp\/v2\/tags?post=18491"}],"curies":[{"name":"wp","href":"https:\/\/api.w.org\/{rel}","templated":true}]}}