{"id":18471,"date":"2020-03-20T19:39:12","date_gmt":"2020-03-20T19:39:12","guid":{"rendered":"https:\/\/redsemlac.com\/semmexico\/?p=18471"},"modified":"2023-07-21T15:23:03","modified_gmt":"2023-07-21T20:23:03","slug":"oaxaca-156","status":"publish","type":"post","link":"https:\/\/redsemlac.com\/semmexico\/oaxaca-156\/","title":{"rendered":"Trabajadoras de la SMO obligadas a laborar pese a suspensi\u00f3n"},"content":{"rendered":"\n<p class=\"wp-block-paragraph\"><strong>* La Secretar\u00eda\nde Administraci\u00f3n no deber\u00edan acudir madres de familia<\/strong><\/p>\n\n\n\n<p class=\"wp-block-paragraph\"><strong>* Califican de\nirresponsable la actitud de la titular de la Secretar\u00edas de las Mujeres de\nOaxaca<\/strong><\/p>\n\n\n\n<p class=\"wp-block-paragraph\"><strong>Soledad Jarqu\u00edn\nEdgar<\/strong><\/p>\n\n\n\n<p class=\"wp-block-paragraph\">SemM\u00e9xico, Oaxaca, 20 de marzo 2020.- \u201cEl secretario de Administraci\u00f3n\ndio una instrucci\u00f3n y no la acataron, nos tienen trabajando en horario normal,\nincluyendo a las mam\u00e1s que tenemos hijas e hijos peque\u00f1os desde guarder\u00eda hasta\nsecundaria\u201d, dice una trabajadora del gobierno del Estado, en espec\u00edfico de la\nSecretar\u00eda de las Mujeres de Oaxaca.<\/p>\n\n\n\n<figure class=\"wp-block-gallery columns-2 is-cropped wp-block-gallery-1 is-layout-flex wp-block-gallery-is-layout-flex\"><ul class=\"blocks-gallery-grid\"><li class=\"blocks-gallery-item\"><figure><img decoding=\"async\" src=\"https:\/\/redsemlac.com\/semmexico\/wp-content\/uploads\/2020\/03\/oficio1-798x1024.jpeg\" alt=\"\" data-id=\"18476\" data-full-url=\"https:\/\/redsemlac.com\/semmexico\/wp-content\/uploads\/2020\/03\/oficio1.jpeg\" data-link=\"https:\/\/redsemlac.com\/semmexico\/?attachment_id=18476\" class=\"wp-image-18476\"\/><\/figure><\/li><li class=\"blocks-gallery-item\"><figure><img decoding=\"async\" src=\"https:\/\/redsemlac.com\/semmexico\/wp-content\/uploads\/2020\/03\/oficio2-815x1024.jpeg\" alt=\"\" data-id=\"18477\" data-full-url=\"https:\/\/redsemlac.com\/semmexico\/wp-content\/uploads\/2020\/03\/oficio2.jpeg\" data-link=\"https:\/\/redsemlac.com\/semmexico\/?attachment_id=18477\" class=\"wp-image-18477\"\/><\/figure><\/li><\/ul><\/figure>\n\n\n\n<p class=\"wp-block-paragraph\">Este viernes en todas las oficinas gubernamentales no\ndeb\u00eda haber trabajadores, en espec\u00edfico trabajadoras que tienen hijos e hijas\ndesde guarder\u00eda hasta secundaria, as\u00ed lo establece un comunicado de la\nSecretar\u00eda de Administraci\u00f3n del gobierno estatal, en seguimiento a los\ncomunicados emitidos por la Secretar\u00eda de Salud \u201cpara la prevenci\u00f3n en la\npropagaci\u00f3n del virus COVID-19\u201d y otro emitido por la Secretar\u00eda de Educaci\u00f3n\nP\u00fablica el 14 de marzo pasado.<\/p>\n\n\n\n<p class=\"wp-block-paragraph\">De acuerdo con la comunicaci\u00f3n firmada por el titular de\nla Secretar\u00eda de Administraci\u00f3n, Jos\u00e9 Germ\u00e1n Espinosa Santib\u00e1\u00f1ez se inform\u00f3 a\n\u201clos titulares\u201d de las dependencias de la Administraci\u00f3n P\u00fablica Centralizada y\nde las entidades y Organismos P\u00fablicos del gobierno del Estado que \u201ca partir\ndel 20 de marzo no se deben presentar a laborar en sus respectivas\nadscripciones el personal en todas sus modalidades (base, contrato y confianza)\nque sean madres con `hijos\u00b4 en guarder\u00edas y en etapa escolar preescolar,\nprimaria y secundaria\u201d.<\/p>\n\n\n\n<p class=\"wp-block-paragraph\">Sin embargo, no en todas las dependencias fue acatada la\ndisposici\u00f3n, una de ellas la Secretar\u00edas de las Mujeres de Oaxaca, bajo la\ntitularidad de Ana Isabel V\u00e1squez Colmenares, donde incluso trabajadores y\ntrabajadoras de base colocaron carteles en las afueras del edificio de la misma\ndependencia, y las madres se quejaron por diversas v\u00edas.<\/p>\n\n\n\n<figure class=\"wp-block-gallery columns-2 is-cropped wp-block-gallery-2 is-layout-flex wp-block-gallery-is-layout-flex\"><ul class=\"blocks-gallery-grid\"><li class=\"blocks-gallery-item\"><figure><img decoding=\"async\" src=\"https:\/\/redsemlac.com\/semmexico\/wp-content\/uploads\/2020\/03\/SMO-6-1024x768.jpeg\" alt=\"\" data-id=\"18475\" data-full-url=\"https:\/\/redsemlac.com\/semmexico\/wp-content\/uploads\/2020\/03\/SMO-6.jpeg\" data-link=\"https:\/\/redsemlac.com\/semmexico\/?attachment_id=18475\" class=\"wp-image-18475\"\/><\/figure><\/li><li class=\"blocks-gallery-item\"><figure><img decoding=\"async\" src=\"https:\/\/redsemlac.com\/semmexico\/wp-content\/uploads\/2020\/03\/SMO-2-1024x768.jpeg\" alt=\"\" data-id=\"18473\" data-full-url=\"https:\/\/redsemlac.com\/semmexico\/wp-content\/uploads\/2020\/03\/SMO-2.jpeg\" data-link=\"https:\/\/redsemlac.com\/semmexico\/?attachment_id=18473\" class=\"wp-image-18473\"\/><\/figure><\/li><li class=\"blocks-gallery-item\"><figure><img decoding=\"async\" src=\"https:\/\/redsemlac.com\/semmexico\/wp-content\/uploads\/2020\/03\/SMO-1-1024x768.jpeg\" alt=\"\" data-id=\"18472\" data-full-url=\"https:\/\/redsemlac.com\/semmexico\/wp-content\/uploads\/2020\/03\/SMO-1.jpeg\" data-link=\"https:\/\/redsemlac.com\/semmexico\/?attachment_id=18472\" class=\"wp-image-18472\"\/><\/figure><\/li><\/ul><\/figure>\n\n\n\n<p class=\"wp-block-paragraph\">La instrucci\u00f3n, dijeron las quejosas, es que las personas\nque acudan a la dependencia y que vienen de \u201cfuera\u201d no podr\u00e1n acceder a las\n\u00e1reas de la dependencia por lo que se dispuso de un \u00e1rea de atenci\u00f3n en el s\u00f3tano,\nal ingresar a la dependencia personal, sin cubre-bocas ni guantes, toma la\ntemperatura a quienes acuden a esa Secretar\u00eda.<\/p>\n\n\n\n<p class=\"wp-block-paragraph\">En otro comunicado sin fecha, el titular de la Secretar\u00eda de Administraci\u00f3n inform\u00f3 que a partir de este s\u00e1bado 21 se pondr\u00e1 en marcha \u201cel Plan de Contingencia Gubernamental COVID19, mediante el cual se suspender\u00e1n temporalmente las actividades no esenciales del sector p\u00fablico y se realizar\u00e1n solamente las funciones sustantivas y prioritarias de cada una de las dependencias y organismos\u2026\u201d<br> <\/p>\n\n\n\n<p class=\"wp-block-paragraph\">Al final del comunicado donde se hacen recomendaciones\npara evitar el contagio, el titular de la Secretar\u00eda de Administraci\u00f3n se\u00f1ala:\n\u201cConfiamos plenamente en la consciencia y responsabilidad \u201cde cada uno de los\ntrabajadores\u201d para que con nuestras acciones contribuyamos a disminuir el\nimpacto de esta situaci\u00f3n\u201d.<\/p>\n\n\n\n<p class=\"wp-block-paragraph\">En ese sentido, las trabajadoras, principalmente madres,\nconsideran que la titular de la Secretar\u00eda de las Mujeres de Oaxaca \u201cno tiene\nesa conciencia ni responsabilidad de la que habla el titular de la Secretar\u00eda\nde Administraci\u00f3n\u201d, al obligarlas a trabajar cuando ya no deber\u00edan estar en las\noficinas.<\/p>\n\n\n\n<p class=\"wp-block-paragraph\">SEM\/sj<\/p>\n","protected":false},"excerpt":{"rendered":"<p>La Secretar\u00eda de Administraci\u00f3n no deber\u00edan acudir madres de familia<\/p>\n","protected":false},"author":3,"featured_media":18474,"comment_status":"open","ping_status":"open","sticky":false,"template":"","format":"standard","meta":{"_monsterinsights_skip_tracking":false,"footnotes":""},"categories":[691,54],"tags":[],"class_list":["post-18471","post","type-post","status-publish","format-standard","has-post-thumbnail","category-691","category-mujeres"],"_links":{"self":[{"href":"https:\/\/redsemlac.com\/semmexico\/wp-json\/wp\/v2\/posts\/18471","targetHints":{"allow":["GET"]}}],"collection":[{"href":"https:\/\/redsemlac.com\/semmexico\/wp-json\/wp\/v2\/posts"}],"about":[{"href":"https:\/\/redsemlac.com\/semmexico\/wp-json\/wp\/v2\/types\/post"}],"author":[{"embeddable":true,"href":"https:\/\/redsemlac.com\/semmexico\/wp-json\/wp\/v2\/users\/3"}],"replies":[{"embeddable":true,"href":"https:\/\/redsemlac.com\/semmexico\/wp-json\/wp\/v2\/comments?post=18471"}],"version-history":[{"count":0,"href":"https:\/\/redsemlac.com\/semmexico\/wp-json\/wp\/v2\/posts\/18471\/revisions"}],"wp:featuredmedia":[{"embeddable":true,"href":"https:\/\/redsemlac.com\/semmexico\/wp-json\/wp\/v2\/media\/18474"}],"wp:attachment":[{"href":"https:\/\/redsemlac.com\/semmexico\/wp-json\/wp\/v2\/media?parent=18471"}],"wp:term":[{"taxonomy":"category","embeddable":true,"href":"https:\/\/redsemlac.com\/semmexico\/wp-json\/wp\/v2\/categories?post=18471"},{"taxonomy":"post_tag","embeddable":true,"href":"https:\/\/redsemlac.com\/semmexico\/wp-json\/wp\/v2\/tags?post=18471"}],"curies":[{"name":"wp","href":"https:\/\/api.w.org\/{rel}","templated":true}]}}