{"id":18468,"date":"2020-03-20T19:34:01","date_gmt":"2020-03-20T19:34:01","guid":{"rendered":"https:\/\/redsemlac.com\/semmexico\/?p=18468"},"modified":"2023-07-21T15:23:03","modified_gmt":"2023-07-21T20:23:03","slug":"opinion-395","status":"publish","type":"post","link":"https:\/\/redsemlac.com\/semmexico\/opinion-395\/","title":{"rendered":"Mujer y Poder"},"content":{"rendered":"\n<h2 class=\"wp-block-heading\"><strong>Remediar y lamentar\u2026en vez de prevenir<\/strong><\/h2>\n\n\n\n<p class=\"wp-block-paragraph\"><strong>&nbsp;*Natalia Vidales Rodr\u00edguez<\/strong><\/p>\n\n\n\n<p class=\"wp-block-paragraph\">SemM\u00e9xico. Sonora. 19 de marzo de 2020.- No siempre, como parecer\u00eda a simple vista, prevenir es mejor que lamentar\u2026cuando depende del tama\u00f1o del da\u00f1o.&nbsp;<\/p>\n\n\n\n<p class=\"wp-block-paragraph\">Pese a la Ley de Restituci\u00f3n de Drazen, seg\u00fan la cual el tiempo necesario para rectificar una situaci\u00f3n es mucho mayor&nbsp;&nbsp;al tiempo en que ocurri\u00f3&nbsp;&nbsp;un mal,&nbsp;&nbsp;resulta que&nbsp;a veces es&nbsp;&nbsp;m\u00e1s conveniente dejar que las cosas pasen.&nbsp;<\/p>\n\n\n\n<p class=\"wp-block-paragraph\">Se necesita , por poner un par de&nbsp;ejemplos, m\u00e1s tiempo para pegar un florero que el que se ocup\u00f3 para quebrarlo, pero tambi\u00e9n cabe la mejor opci\u00f3n de comprar uno nuevo.&nbsp;&nbsp;Tambi\u00e9n se requiere m\u00e1s tiempo para adelgazar que para ganar peso, pero la mayor\u00eda suele mejor olvidarse del asunto.&nbsp;&nbsp;<\/p>\n\n\n\n<p class=\"wp-block-paragraph\">Durante el&nbsp;&nbsp;9M, al ser entrevistadas,&nbsp;&nbsp;muchas mujeres&nbsp;&nbsp;que trabajan en el comercio informal dijeron no poder participar del Paro&nbsp;&nbsp;porque \u201cviv\u00edan al d\u00eda\u201d; y hoy millones de personas que se emplean en la llamada econom\u00eda subterr\u00e1nea no \u201csobrevivir\u00edan\u201d de decretarse una cuarentena para paliar la proliferaci\u00f3n del Covid-19.&nbsp;&nbsp;<\/p>\n\n\n\n<p class=\"wp-block-paragraph\">A diferencia de otros pa\u00edses (E.U., Francia, Alemania, el Reino Unido) con econom\u00edas no solo m\u00e1s robustas que la mexicana, sino con la mayor\u00eda de los&nbsp;&nbsp;empleos formalizados,&nbsp;&nbsp;pueden darse el lujo de decretar una cuarentena generalizada&nbsp;&nbsp;y apoyar a esos trabajadores con subsidios laborales.&nbsp;Pero&nbsp;&nbsp;en M\u00e9xico el 60% de los trabajos son informales. Y aunque somos la onceava econom\u00eda mundial, la concentraci\u00f3n del ingreso y las pobres finanzas p\u00fablicas hacen imposible los subsidios para imprevistos, como suceder\u00eda en el caso de una cuarentena por el coronavirus.&nbsp;<\/p>\n\n\n\n<p class=\"wp-block-paragraph\">El \u201cbien\u201d (la previsi\u00f3n) de decretar un confinamiento para evitar la propagaci\u00f3n del Covid-19, provocar\u00eda el mal mayor de dejar sin ingresos a las millones de personas y familias que viven \u201cal d\u00eda\u201d en la econom\u00eda de subsistencia (es cierto que muchos de ellos ganan m\u00e1s que los asalariados,&nbsp;&nbsp;pero en \u00e9pocas de crisis estos \u00faltimos tienen una mayor cobertura&nbsp;&nbsp;&nbsp;social,&nbsp;&nbsp;y los recursos oficiales alcanzan porque son menos&nbsp;&nbsp;que aquellos).&nbsp;<\/p>\n\n\n\n<p class=\"wp-block-paragraph\">La anterior parece ser la l\u00f3gica del Presidente y, en consecuencia, de una vez resuelve (casi) ignorar el problema, de ah\u00ed que siga saludando de mano y de beso en sus giras y matin\u00e9s informativos. Se espera que, luego de la sesi\u00f3n de la tarde de este jueves, en que se reuni\u00f3 de emergencia la&nbsp;<em>Comisi\u00f3n Nacional de Salud<\/em>\u2013tras presentarse las primeras muertes por el nuevo virus&#8211;&nbsp;&nbsp;y&nbsp;&nbsp;en que&nbsp;se resolvi\u00f3 que el Covid-19 era un grave problema de salud p\u00fablica y que deber\u00e1 de atenderse prioritariamente, el Presidente ordenar\u00e1 lo conducente, pero pocos&nbsp;&nbsp;&nbsp;apostar\u00edan a ello,&nbsp;&nbsp;luego de que la misma ma\u00f1ana de ese d\u00eda descart\u00f3 la cuarentena para&nbsp;&nbsp;atajar la enfermedad. Ya veremos que resuelve&nbsp;&nbsp;&#8211;o qu\u00e9 se le ocurre&#8211; este&nbsp;&nbsp;fin de semana.&nbsp;<\/p>\n\n\n\n<p class=\"wp-block-paragraph\">AMLO ha dicho adem\u00e1s, que el calorcito primaveral (que ya empez\u00f3)&nbsp;minimizar\u00e1 al virus, lo cual es posible y probable.&nbsp;&nbsp;Pero aun de no ser as\u00ed, los \u201ccostos\u201d de su extensi\u00f3n son menores que el paralizar la econom\u00eda: su letalidad es apenas del 2%&nbsp;&nbsp;y en su inmensa mayor\u00eda son&nbsp;&nbsp;adultos mayores con enfermedades cr\u00f3nicas quienes mueren; la mayor\u00eda sana en quince d\u00edas y queda inmune de por vida; y la pr\u00e1ctica de peque\u00f1as acciones&nbsp;&nbsp;&#8211;que ya se est\u00e1n acostumbrando, como lavarse las manos y no tocarse las mucosas nasales o la boca &#8212; son suficientes para evitar el contagio ( adem\u00e1s,&nbsp;&nbsp;el Covid-19 es un virus \u201cpesado\u201d y aun tras un estornudo cae al suelo antes de un metro y medio de distancia del pr\u00f3jimo): la llegada tard\u00eda de este mal&nbsp;&nbsp;a M\u00e9xico ense\u00f1\u00f3 a evitarlo.&nbsp;&nbsp;<\/p>\n\n\n\n<p class=\"wp-block-paragraph\">El mal mayor por la contenci\u00f3n&nbsp;&nbsp;voluntaria&nbsp;&nbsp;&#8211;y el temor&#8211;&nbsp;&nbsp;de la gente, de hecho,&nbsp;&nbsp;ya est\u00e1 provocando da\u00f1os a la econom\u00eda (formal e informal) y es lo que debe evitarse porque \u00bfde que vivir\u00e1n los sobrevivientes si la sociedad quedar\u00e1 colapsada?&nbsp;<\/p>\n\n\n\n<p class=\"wp-block-paragraph\">Con su actitud, parece que AMLO medita que dado que la violencia mata a miles, sobre todo j\u00f3venes,&nbsp;&nbsp;es mejor el mal menor -la muerte de los adultos mayores que no sobrevivan al virus-&nbsp;&nbsp;al mal mayor: que no puedan salir adelante los millones de sobrevivientes.&nbsp;&nbsp;&nbsp;Nos parece, sin duda, que fue irresponsable el gobierno al no tomar medidas en su tiempo&nbsp;pero\u2026.no se hizo y hoy, lo que queda es procurar el mal menor.&nbsp;&nbsp;Suena cruel y es triste, dram\u00e1tico, injusto pero\u2026&nbsp;&nbsp;pr\u00e1ctico y real.&nbsp;&nbsp;&nbsp;&nbsp;&nbsp;&nbsp;&nbsp;\n\n<\/p>\n","protected":false},"excerpt":{"rendered":"<p>Remediar y lamentar\u2026en vez de prevenir<\/p>\n","protected":false},"author":3,"featured_media":18469,"comment_status":"open","ping_status":"open","sticky":false,"template":"","format":"standard","meta":{"_monsterinsights_skip_tracking":false,"footnotes":""},"categories":[691,100,72],"tags":[],"class_list":["post-18468","post","type-post","status-publish","format-standard","has-post-thumbnail","category-691","category-mujer-y-poder","category-natalia-vidales"],"_links":{"self":[{"href":"https:\/\/redsemlac.com\/semmexico\/wp-json\/wp\/v2\/posts\/18468","targetHints":{"allow":["GET"]}}],"collection":[{"href":"https:\/\/redsemlac.com\/semmexico\/wp-json\/wp\/v2\/posts"}],"about":[{"href":"https:\/\/redsemlac.com\/semmexico\/wp-json\/wp\/v2\/types\/post"}],"author":[{"embeddable":true,"href":"https:\/\/redsemlac.com\/semmexico\/wp-json\/wp\/v2\/users\/3"}],"replies":[{"embeddable":true,"href":"https:\/\/redsemlac.com\/semmexico\/wp-json\/wp\/v2\/comments?post=18468"}],"version-history":[{"count":0,"href":"https:\/\/redsemlac.com\/semmexico\/wp-json\/wp\/v2\/posts\/18468\/revisions"}],"wp:featuredmedia":[{"embeddable":true,"href":"https:\/\/redsemlac.com\/semmexico\/wp-json\/wp\/v2\/media\/18469"}],"wp:attachment":[{"href":"https:\/\/redsemlac.com\/semmexico\/wp-json\/wp\/v2\/media?parent=18468"}],"wp:term":[{"taxonomy":"category","embeddable":true,"href":"https:\/\/redsemlac.com\/semmexico\/wp-json\/wp\/v2\/categories?post=18468"},{"taxonomy":"post_tag","embeddable":true,"href":"https:\/\/redsemlac.com\/semmexico\/wp-json\/wp\/v2\/tags?post=18468"}],"curies":[{"name":"wp","href":"https:\/\/api.w.org\/{rel}","templated":true}]}}