{"id":18463,"date":"2020-03-20T16:50:04","date_gmt":"2020-03-20T16:50:04","guid":{"rendered":"https:\/\/redsemlac.com\/semmexico\/?p=18463"},"modified":"2023-07-21T15:23:03","modified_gmt":"2023-07-21T20:23:03","slug":"en-morelos-se-confirman-dos-casos-de-covid-19","status":"publish","type":"post","link":"https:\/\/redsemlac.com\/semmexico\/en-morelos-se-confirman-dos-casos-de-covid-19\/","title":{"rendered":"En Morelos se confirman dos casos de COVID 19"},"content":{"rendered":"\n<ul class=\"wp-block-list\"><li>Se trata de un hombre en Cuernavaca y una mujer en Cuautla&nbsp;<\/li><\/ul>\n\n\n\n<p class=\"wp-block-paragraph\">Estrella Pedroza&nbsp;<\/p>\n\n\n\n<p class=\"wp-block-paragraph\">SemM\u00e9xico. Cuernavaca, Morelos. 19 de marzo 2020.- \u00abSe confirman dos casos\u00a0 de COVID 19 en Morelos\u00a0 y dos sospechos\u00bb, inform\u00f3 ,\u00a0 Marco Antonio Cant\u00fa Cuevas , secretario de\u00a0 salud en la entidad.<\/p>\n\n\n\n<p class=\"wp-block-paragraph\">En conferencia de prensa, el funcionario estatal,&nbsp; &nbsp;detall\u00f3 que estos casos fueron confirmados por el Laboratorio Estatal de Salud P\u00fablica.&nbsp;<\/p>\n\n\n\n<p class=\"wp-block-paragraph\">Se trata de una mujer de 54&nbsp; a\u00f1os,&nbsp; que radica en el municipio de Cuautla,&nbsp; qui\u00e9n estar\u00e1 aislada en su domicilio por 21 d\u00edas.<\/p>\n\n\n\n<figure class=\"wp-block-video\"><video height=\"304\" style=\"aspect-ratio: 640 \/ 304;\" width=\"640\" controls src=\"https:\/\/redsemlac.com\/semmexico\/wp-content\/uploads\/2020\/03\/WhatsApp-Video-2020-03-19-at-9.38.54-PM.mp4\"><\/video><\/figure>\n\n\n\n<p class=\"wp-block-paragraph\">Mientras que en&nbsp; el&nbsp; segundo caso se trata de&nbsp; un hombre,&nbsp; originario del municipio&nbsp; de Cuernavaca, con&nbsp; 37 a\u00f1os de edad y&nbsp; permanece en hospitalizi\u00f3n.<\/p>\n\n\n\n<p class=\"wp-block-paragraph\">\u00abSu salud no est\u00e1 comprometida y se tomaron medidas de autoaislamiento en la familia\u00bb, dijo.&nbsp;<\/p>\n\n\n\n<p class=\"wp-block-paragraph\">Precis\u00f3 que ambos casos son importados \u00ablos pacientes viajaron a Estados Unidos y trajeron el virus,&nbsp; aqu\u00ed eso debe darnos tranquilidad\u00bb, a\u00f1adi\u00f3 el secretario de salud.<\/p>\n\n\n\n<p class=\"wp-block-paragraph\">Indic\u00f3 que a pesar de que la confirmaci\u00f3n es 100 por ciento segura,&nbsp; &nbsp;el gobierno estatal solicitar\u00e1 una segunda opini\u00f3n en laboratorios de la federaci\u00f3n.&nbsp;<\/p>\n\n\n\n<p class=\"wp-block-paragraph\">Hasta ahora en Morelos se han detectado 14 casos , dos de ellos confirmados,&nbsp; dos m\u00e1s&nbsp; en an\u00e1lisis&nbsp; y 10 descartados, \u00abcon ello cambiamos al escenario n\u00famero dos para el cu\u00e1l estamos preparados\u00bb.<\/p>\n\n\n\n<p class=\"wp-block-paragraph\">Cant\u00fa Cuevas, pidi\u00f3 a la poblaci\u00f3n no entrar en p\u00e1nico y agudizar las medidas preventivas<\/p>\n\n\n\n<p class=\"wp-block-paragraph\">Tambi\u00e9n recomend\u00f3 a la poblaci\u00f3n que en caso de presentar alg\u00fan s\u00edntoma&nbsp; llamar al siguiente n\u00famero&nbsp; habilitado&nbsp; por Servicios de Salud para atender exclusivamente el tema del Conavirus donde les dar\u00e1n mayor informaci\u00f3n 7773622390.<\/p>\n\n\n\n<p class=\"wp-block-paragraph\">\u00abLes pido tranquilidad no hay porque caer en crisis ni hacer compasi\u00f3n de p\u00e1nico&nbsp; ( \u2026) debemos de mantenernos unidos todos los morelenses para poder enfrentar esta problem\u00e1tica\u00bb, dijo.<\/p>\n\n\n\n<p class=\"wp-block-paragraph\">En este mismo espacio Margarita Gonz\u00e1lez Saravia,&nbsp; secretaria de turismo, destac\u00f3 que&nbsp; El Parque Nacional El Tepozteco&nbsp; &nbsp;y las zonas arqueol\u00f3gicas entre ella la&nbsp; de Xochicalco ser\u00e1 cerradas&nbsp; durante este fin de semana debido a que entra el equinoccio de la primavera.<\/p>\n","protected":false},"excerpt":{"rendered":"<p>Se trata de un hombre en Cuernavaca y una mujer en Cuautla\u00a0<\/p>\n","protected":false},"author":3,"featured_media":18465,"comment_status":"open","ping_status":"open","sticky":false,"template":"","format":"standard","meta":{"_monsterinsights_skip_tracking":false,"footnotes":""},"categories":[691,135],"tags":[],"class_list":["post-18463","post","type-post","status-publish","format-standard","has-post-thumbnail","category-691","category-emergencia-sanitaria-covid-19"],"_links":{"self":[{"href":"https:\/\/redsemlac.com\/semmexico\/wp-json\/wp\/v2\/posts\/18463","targetHints":{"allow":["GET"]}}],"collection":[{"href":"https:\/\/redsemlac.com\/semmexico\/wp-json\/wp\/v2\/posts"}],"about":[{"href":"https:\/\/redsemlac.com\/semmexico\/wp-json\/wp\/v2\/types\/post"}],"author":[{"embeddable":true,"href":"https:\/\/redsemlac.com\/semmexico\/wp-json\/wp\/v2\/users\/3"}],"replies":[{"embeddable":true,"href":"https:\/\/redsemlac.com\/semmexico\/wp-json\/wp\/v2\/comments?post=18463"}],"version-history":[{"count":0,"href":"https:\/\/redsemlac.com\/semmexico\/wp-json\/wp\/v2\/posts\/18463\/revisions"}],"wp:featuredmedia":[{"embeddable":true,"href":"https:\/\/redsemlac.com\/semmexico\/wp-json\/wp\/v2\/media\/18465"}],"wp:attachment":[{"href":"https:\/\/redsemlac.com\/semmexico\/wp-json\/wp\/v2\/media?parent=18463"}],"wp:term":[{"taxonomy":"category","embeddable":true,"href":"https:\/\/redsemlac.com\/semmexico\/wp-json\/wp\/v2\/categories?post=18463"},{"taxonomy":"post_tag","embeddable":true,"href":"https:\/\/redsemlac.com\/semmexico\/wp-json\/wp\/v2\/tags?post=18463"}],"curies":[{"name":"wp","href":"https:\/\/api.w.org\/{rel}","templated":true}]}}