{"id":18456,"date":"2020-03-20T03:05:02","date_gmt":"2020-03-20T03:05:02","guid":{"rendered":"https:\/\/redsemlac.com\/semmexico\/?p=18456"},"modified":"2023-07-21T15:23:03","modified_gmt":"2023-07-21T20:23:03","slug":"oaxaca-155","status":"publish","type":"post","link":"https:\/\/redsemlac.com\/semmexico\/oaxaca-155\/","title":{"rendered":"Negligencia institucional la desaparici\u00f3n que termina en feminicidio"},"content":{"rendered":"\n<p class=\"wp-block-paragraph\"><strong>* Consorcio Oaxaca registra m\u00e1s de 400\ndesaparecidas en el rango de los 12 y 19 a\u00f1os de edad en la entidad<\/strong><\/p>\n\n\n\n<p class=\"wp-block-paragraph\"><strong>* Exigen un alto a la violencia\nfeminicida hacia ni\u00f1as y mujeres<\/strong><\/p>\n\n\n\n<p class=\"wp-block-paragraph\"><strong>Redacci\u00f3n<\/strong><\/p>\n\n\n\n<p class=\"wp-block-paragraph\">SemM\u00e9xico,\nOaxaca, 19 de marzo 2020.- En Oaxaca, la violencia feminicida hacia las ni\u00f1as\nno es la excepci\u00f3n, pues de las 724 desaparecidas&nbsp; que se registran durante el gobierno de Murat\n-con 42&nbsp; casos en 2020- el rango de 1 a\n10 a\u00f1os de edad suma ya 54 casos. <\/p>\n\n\n\n<p class=\"wp-block-paragraph\">As\u00ed lo\nrefiere Consorcio para el Di\u00e1logo Parlamentario y la Equidad Oaxaca en un\ncomunicado en el que hacen referencia al caso de F\u00e1ticam, la ni\u00f1a asesinada en\nTl\u00e1huac, victima adem\u00e1s de desaparici\u00f3n forzada.<\/p>\n\n\n\n<p class=\"wp-block-paragraph\">En Oaxaca,\na\u00f1aden, la cifra es mucho m\u00e1s alarmante si revisamos que durante la\nadministraci\u00f3n anterior, en los casos en los que fue posible conocer la edad de\nla mujer desaparecida, pr\u00e1cticamente no se registraron desapariciones en estas\nedades. <\/p>\n\n\n\n<figure class=\"wp-block-image size-large\"><img loading=\"lazy\" decoding=\"async\" width=\"720\" height=\"480\" src=\"https:\/\/redsemlac.com\/semmexico\/wp-content\/uploads\/2020\/03\/oaxaca-11.jpg\" alt=\"\" class=\"wp-image-18458\"\/><\/figure>\n\n\n\n<p class=\"wp-block-paragraph\">Esto sin\nconsiderar que de 2016 a la fecha, la cifra de desaparecidas en Oaxaca se ha\nincrementado en m\u00e1s de un 400 por ciento en comparaci\u00f3n con la del gobierno\nanterior \u2013 que registr\u00f3 un total de 174 casos, de acuerdo con la Plataforma de\nViolencia Feminicida de Consorcio para el Di\u00e1logo Parlamentario y la Equidad, Oaxaca.<\/p>\n\n\n\n<p class=\"wp-block-paragraph\">De las\nmujeres desaparecidas en la presente administraci\u00f3n, m\u00e1s del 55 por ciento se\nencuentran en el rango de los 12 y 19 a\u00f1os de edad, lo que representa 418 casos\nde la cifra total en la entidad, siendo cuatro las regiones que ocupan el mayor\nn\u00famero de casos en estas edades: Valles Centrales con 243, Istmo con 47, y la Mixteca\ny el Papaloapam con 36 casos respectivamente y la Costa con 29. <\/p>\n\n\n\n<p class=\"wp-block-paragraph\">Lo anterior\ndenota que las v\u00edctimas potenciales de desaparici\u00f3n son mujeres adolescentes y\nj\u00f3venes, de las cuales tan s\u00f3lo se han localizado a 28, sin contemplar si han\naparecido con vida. <\/p>\n\n\n\n<p class=\"wp-block-paragraph\">Resulta mucho\nm\u00e1s preocupante si se tiene en cuenta que Oaxaca es uno de los cinco estados\ncon mayor n\u00famero de denuncias por trata de personas, entre las cuales, son\nni\u00f1as y mujeres quienes ocupan el mayor porcentaje de v\u00edctimas por este delito\na nivel nacional. <\/p>\n\n\n\n<p class=\"wp-block-paragraph\">Por otra\nparte, la b\u00fasqueda de personas desaparecidas se ve obstaculizada por el hecho\nde que la ley se\u00f1ala que hay que esperar 72 horas para interponer una denuncia\npor desaparici\u00f3n, tiempo que es determinante para evitar que una mujer sea\nv\u00edctima de trata, comercio sexual o, en casos como el de F\u00e1tima, de\nfeminicidio. <\/p>\n\n\n\n<p class=\"wp-block-paragraph\">Son muchos\nlos casos en que la familia de la v\u00edctima no escatima tiempo ni esfuerzos para\ndenunciar el delito e iniciar la b\u00fasqueda desde el primer d\u00eda, y no es sino\nhasta encontrarla sin vida que las autoridades terminan por reconocer o no que\nla principales acciones de b\u00fasqueda las hicieron los familiares. <\/p>\n\n\n\n<p class=\"wp-block-paragraph\">Casos como el\nde F\u00e1tima se registran por todo el pa\u00eds, demostrando una larga cadena de\nnegligencias institucionales que prevalecen y se reproducen cada d\u00eda sin que el\ngobierno federal ni estatal demuestren sensibilidad o acciones concretas con\nbase en la declaratoria de Alerta de G\u00e9nero en 19 estados de la rep\u00fablica -en\n40 municipios de Oaxaca desde 2018-.<\/p>\n\n\n\n<p class=\"wp-block-paragraph\">Por otra\nparte, el camino incierto y desesperante que recorren las familias, que no\nautoridades, evidencia que los trabajos de b\u00fasqueda de ni\u00f1as, j\u00f3venes y mujeres\nen este pa\u00eds, es una constante que provoca dolor e impotencia en la sociedad y\nque no deber\u00eda ser as\u00ed. <\/p>\n\n\n\n<p class=\"wp-block-paragraph\">Ante ello, la\norganizaci\u00f3n exige un alto a la violencia feminicida hacia ni\u00f1as y mujeres.Que\nlos gobiernos federal y estatal asuman las omisiones desde la urgente necesidad\nde su actuar en lo inmediato para garantizar el acceso a la justicia a las\nv\u00edctimas de desaparici\u00f3n y feminicidio y sus familias.<\/p>\n\n\n\n<p class=\"wp-block-paragraph\">Adem\u00e1s, vigilar\nque los medios de comunicaci\u00f3n no fomenten la violencia contra las mujeres y\nque favorezcan la erradicaci\u00f3n de todos los tipos de violencia, para fortalecer\nel respeto a los derechos humanos y la dignidad de las mujeres de acuerdo\nal&nbsp; El Art\u00edculo 38, fracci\u00f3n VIII de la\nLey General de Acceso de las Mujeres a una Vida Libre de Violencia<\/p>\n\n\n\n<p class=\"wp-block-paragraph\">Y&nbsp; que la sociedad mostremos solidaridad y apoyo\na las familias de v\u00edctimas de desaparici\u00f3n en todo el pa\u00eds, preguntando d\u00f3nde\nest\u00e1n y exigiendo a las autoridades la b\u00fasqueda en vida de <a href=\"mailto:nuestr@s\">nuestr@s<\/a>\n<a href=\"mailto:desaparecid@s\">desaparecid@s<\/a>.<\/p>\n\n\n\n<p class=\"wp-block-paragraph\">SEM\/sj<\/p>\n","protected":false},"excerpt":{"rendered":"<p>Exigen un alto a la violencia feminicida hacia ni\u00f1as y mujeres<\/p>\n","protected":false},"author":3,"featured_media":18457,"comment_status":"open","ping_status":"open","sticky":false,"template":"","format":"standard","meta":{"_monsterinsights_skip_tracking":false,"footnotes":""},"categories":[691,54],"tags":[],"class_list":["post-18456","post","type-post","status-publish","format-standard","has-post-thumbnail","category-691","category-mujeres"],"_links":{"self":[{"href":"https:\/\/redsemlac.com\/semmexico\/wp-json\/wp\/v2\/posts\/18456","targetHints":{"allow":["GET"]}}],"collection":[{"href":"https:\/\/redsemlac.com\/semmexico\/wp-json\/wp\/v2\/posts"}],"about":[{"href":"https:\/\/redsemlac.com\/semmexico\/wp-json\/wp\/v2\/types\/post"}],"author":[{"embeddable":true,"href":"https:\/\/redsemlac.com\/semmexico\/wp-json\/wp\/v2\/users\/3"}],"replies":[{"embeddable":true,"href":"https:\/\/redsemlac.com\/semmexico\/wp-json\/wp\/v2\/comments?post=18456"}],"version-history":[{"count":0,"href":"https:\/\/redsemlac.com\/semmexico\/wp-json\/wp\/v2\/posts\/18456\/revisions"}],"wp:featuredmedia":[{"embeddable":true,"href":"https:\/\/redsemlac.com\/semmexico\/wp-json\/wp\/v2\/media\/18457"}],"wp:attachment":[{"href":"https:\/\/redsemlac.com\/semmexico\/wp-json\/wp\/v2\/media?parent=18456"}],"wp:term":[{"taxonomy":"category","embeddable":true,"href":"https:\/\/redsemlac.com\/semmexico\/wp-json\/wp\/v2\/categories?post=18456"},{"taxonomy":"post_tag","embeddable":true,"href":"https:\/\/redsemlac.com\/semmexico\/wp-json\/wp\/v2\/tags?post=18456"}],"curies":[{"name":"wp","href":"https:\/\/api.w.org\/{rel}","templated":true}]}}