{"id":18450,"date":"2020-03-20T02:54:45","date_gmt":"2020-03-20T02:54:45","guid":{"rendered":"https:\/\/redsemlac.com\/semmexico\/?p=18450"},"modified":"2023-07-21T15:23:04","modified_gmt":"2023-07-21T20:23:04","slug":"chiapas-23","status":"publish","type":"post","link":"https:\/\/redsemlac.com\/semmexico\/chiapas-23\/","title":{"rendered":"Triunfo hist\u00f3rico tipificaci\u00f3n y sanci\u00f3n de la violencia pol\u00edtica contra las mujeres"},"content":{"rendered":"\n<p class=\"wp-block-paragraph\"><strong>* REPARE sostiene que este instrumento\nlegal permitir\u00e1 un ambiente de paz y de inclusi\u00f3n<\/strong><\/p>\n\n\n\n<p class=\"wp-block-paragraph\"><strong>* Evitar\u00e1 fen\u00f3menos como las\n\u201cManuelitas\u201d y que a las pol\u00edticas se les obstaculice<\/strong><\/p>\n\n\n\n<p class=\"wp-block-paragraph\"><strong>Candelaria Rodr\u00edguez<\/strong><\/p>\n\n\n\n<p class=\"wp-block-paragraph\">SemM\u00e9xico,\nTuxtla Guti\u00e9rrez, Chis., 19 de marzo 2020.- La Red Chiapas por la Paridad\nEfectiva -REPARE- consider\u00f3 como \u201chist\u00f3rica\u201d la aprobaci\u00f3n en la C\u00e1mara de\nDiputados del delito de Violencia Pol\u00edtica contra las Mujeres en Raz\u00f3n de\nG\u00e9nero.<\/p>\n\n\n\n<p class=\"wp-block-paragraph\">Se\ntrata, se\u00f1ala en un comunicado, de un instrumento que garantiza los derechos\npol\u00edticos y electorales de las ciudadanas mexicanas, ejercidos en un ambiente\nde paz y de inclusi\u00f3n, demanda a la que REPARE debe su creaci\u00f3n en 2015 enmarcada\npor el proceso electoral, el primero de su tipo por la reforma de 2014 a favor\nde la paridad en las candidaturas a puestos de elecci\u00f3n popular. <\/p>\n\n\n\n<p class=\"wp-block-paragraph\">La\nviolencia de ese a\u00f1o en Chiapas en el proceso electoral fue motivo de denuncias\nque fructificaron en sentencias favorables a las mujeres que fueron v\u00edctimas de\nviolencia pol\u00edtica al ser invisibles en las listas de candidaturas de los\npartidos pol\u00edticos y a quienes REPARE acompa\u00f1\u00f3 en sus denuncias; la suspensi\u00f3n\nde elecciones y la renovaci\u00f3n de las listas ahora s\u00ed con mujeres en las\nplanillas no garantiz\u00f3 ni paz ni ejercicio del poder pues muchas fueron electas\npero muchas tuvieron problemas para acceder a sus funciones de alcaldesas,\nregidoras, s\u00edndicas. <\/p>\n\n\n\n<p class=\"wp-block-paragraph\">Se\u00f1alan\nque pese a ello continu\u00f3 la discriminaci\u00f3n de las mujeres en pol\u00edtica hasta la\ncontienda de 2018. Violencia que lleg\u00f3 hasta el extremo de exigirle a las\nmujeres electas la renuncia masiva a sus puestos para d\u00e1rselos a hombres;\nREPARE continu\u00f3 denunciando y exigiendo respeto a los derechos pol\u00edticos de las\nmujeres, pues si bien la violencia pol\u00edtica en raz\u00f3n de g\u00e9nero ya era obst\u00e1culo\nal patriarcado, a\u00fan no ten\u00eda dientes pues faltaba la tipificaci\u00f3n de dicho\ndelito y su reglamentaci\u00f3n en el c\u00f3digo penal, una demanda fuertemente voceada\npor REPARE.<\/p>\n\n\n\n<p class=\"wp-block-paragraph\">La\ntipificaci\u00f3n y sanci\u00f3n a violencia pol\u00edtica contra las mujeres evitar\u00e1\nfen\u00f3menos tales como las \u201cManuelitas\u201d y el que a las pol\u00edticas en funciones se\nles obstaculice, violente y excluya de ejercer sus puestos pol\u00edticos de\nalcaldesas, s\u00edndicas y regidoras, a que las militantes de partidos pol\u00edticos sean\ninvisibles a los dirigentes, a que diputadas locales no tengan voz aut\u00f3noma y a\nque tantas mujeres que optan por participar en pol\u00edtica no puedan hacerlo por\nmiedo.<\/p>\n\n\n\n<p class=\"wp-block-paragraph\">En\nese sentido, REPARE cit\u00f3 las expresiones de diputadas federales y senadoras\nluego de la aprobaci\u00f3n de la tipificaci\u00f3n de la violencia pol\u00edtica contra las\nMujeres en Raz\u00f3n de G\u00e9nero.<\/p>\n\n\n\n<p class=\"wp-block-paragraph\">La\ndiputada Wendy Brice\u00f1o Zuluoaga, Presidenta de la Comisi\u00f3n de Igualdad de\nG\u00e9nero de la C\u00e1mara de Diputados calific\u00f3 de \u201ciniciativa hist\u00f3rica\u201d que\nreconoce y sanciona la violencia pol\u00edtica contra las mujeres al aprobarse por\nmayor\u00eda el proyecto de decreto; apenas el 14 de marzo pasado fue aprobada por\nla C\u00e1mara de Senadores.<\/p>\n\n\n\n<p class=\"wp-block-paragraph\">\u201cTenemos\nla garant\u00eda como mujeres de ejercer nuestros derechos pol\u00edticos plenamente\nlibres de violencia\u201d afirm\u00f3 sobre el proyecto de decreto en un tuit la diputada\nindependiente Marta Tagle, quien tambi\u00e9n es integrante de REPARE.<\/p>\n\n\n\n<p class=\"wp-block-paragraph\">La\nconcretizaci\u00f3n de la hist\u00f3rica iniciativa es \u201cun triunfo m\u00e1s\u201d para las mujeres,\ntuite\u00f3 igualmente INMUJERES pues con ella \u201cse fortalece la democracia del pa\u00eds\ny el camino a la #paridadentodo\u201d.<\/p>\n\n\n\n<p class=\"wp-block-paragraph\">Fue\nun arduo trabajo y a\u00f1os de espera para que se aprobara, en lo general y en lo\nparticular, las reformas que reconocen y sancionan la violencia pol\u00edtica contra\nlas mujeres en raz\u00f3n de g\u00e9nero, tuite\u00f3 la senadora Martha Luc\u00eda M\u00edcher\nCamarena, presidenta de la Comisi\u00f3n de Igualdad de G\u00e9nero; REPARE afirma que las\nreformas han llegado para quedarse.<\/p>\n\n\n\n<p class=\"wp-block-paragraph\">Con\neste triunfo las candidatas a puestos pol\u00edticos tienen la garant\u00eda de\nparticipar en las contiendas libre de violencia. El Observatorio de\nParticipaci\u00f3n y Empoderamiento Pol\u00edtico de las Mujeres en Chiapas tiene ahora\nm\u00e1s fuerza para actuar. <\/p>\n\n\n\n<p class=\"wp-block-paragraph\">Por\n\u00faltimo, se\u00f1alan que REPARE dar\u00e1 seguimiento puntual al cumplimiento de las\nreformas e insta al Congreso del Estado de Chiapas a ser el primer estado de la\nRep\u00fablica que armonice su legislaci\u00f3n con las reformas y que sea garante de su\naplicaci\u00f3n irrestricta. <\/p>\n\n\n\n<p class=\"wp-block-paragraph\">SEM\/cr\/sj<\/p>\n","protected":false},"excerpt":{"rendered":"<p>Evitar\u00e1 fen\u00f3menos como las \u201cManuelitas\u201d y que a las pol\u00edticas se les obstaculice<\/p>\n","protected":false},"author":3,"featured_media":18451,"comment_status":"open","ping_status":"open","sticky":false,"template":"","format":"standard","meta":{"_monsterinsights_skip_tracking":false,"footnotes":""},"categories":[691,54],"tags":[],"class_list":["post-18450","post","type-post","status-publish","format-standard","has-post-thumbnail","category-691","category-mujeres"],"_links":{"self":[{"href":"https:\/\/redsemlac.com\/semmexico\/wp-json\/wp\/v2\/posts\/18450","targetHints":{"allow":["GET"]}}],"collection":[{"href":"https:\/\/redsemlac.com\/semmexico\/wp-json\/wp\/v2\/posts"}],"about":[{"href":"https:\/\/redsemlac.com\/semmexico\/wp-json\/wp\/v2\/types\/post"}],"author":[{"embeddable":true,"href":"https:\/\/redsemlac.com\/semmexico\/wp-json\/wp\/v2\/users\/3"}],"replies":[{"embeddable":true,"href":"https:\/\/redsemlac.com\/semmexico\/wp-json\/wp\/v2\/comments?post=18450"}],"version-history":[{"count":0,"href":"https:\/\/redsemlac.com\/semmexico\/wp-json\/wp\/v2\/posts\/18450\/revisions"}],"wp:featuredmedia":[{"embeddable":true,"href":"https:\/\/redsemlac.com\/semmexico\/wp-json\/wp\/v2\/media\/18451"}],"wp:attachment":[{"href":"https:\/\/redsemlac.com\/semmexico\/wp-json\/wp\/v2\/media?parent=18450"}],"wp:term":[{"taxonomy":"category","embeddable":true,"href":"https:\/\/redsemlac.com\/semmexico\/wp-json\/wp\/v2\/categories?post=18450"},{"taxonomy":"post_tag","embeddable":true,"href":"https:\/\/redsemlac.com\/semmexico\/wp-json\/wp\/v2\/tags?post=18450"}],"curies":[{"name":"wp","href":"https:\/\/api.w.org\/{rel}","templated":true}]}}